{"id":10774,"date":"2021-08-14T22:31:00","date_gmt":"2021-08-14T22:31:00","guid":{"rendered":"http:\/\/freelance-mty.com\/?p=10774"},"modified":"2021-08-15T22:33:20","modified_gmt":"2021-08-15T22:33:20","slug":"suma-santa-catarina-esfuerzos-y-limpia-canada-en-san-gilberto","status":"publish","type":"post","link":"http:\/\/freelance-mty.com\/?p=10774","title":{"rendered":"SUMA SANTA CATARINA ESFUERZOS Y LIMPIA CA\u00d1ADA EN SAN GILBERTO."},"content":{"rendered":"\n<p><\/p>\n\n\n\n<p>Con la suma de esfuerzos de vecinos, polic\u00edas municipales y trabajadores de Servicios P\u00fablicos, el Gobierno de Santa Catarina realiz\u00f3 este s\u00e1bado la limpieza de una ca\u00f1ada de aproximadamente 800 metros en la colonia San Gilberto, en la zona norte del municipio, a fin de seguir cuidando el medio ambiente, liberar de obstrucciones este caudal y prevenir inundaciones en temporadas de lluvias.<\/p>\n\n\n\n<p>\u201cSeguimos trabajando por el medio ambiente a trav\u00e9s del programa S\u00famate, en esta ocasi\u00f3n con la limpieza en la ca\u00f1ada de la colonia San Gilberto, para continuar protegiendo la integridad y el patrimonio de las familias\u201d, expres\u00f3 el Alcalde H\u00e9ctor Castillo Olivares acompa\u00f1ado del Secretario de Servicios P\u00fablicos, Jos\u00e9 Luis Doria Mata.<\/p>\n\n\n\n<p>Fue en el cruce de las calles Perimetral Norte entre San Juan de los Lagos y San Juan del R\u00edo, donde ciudadanos y servidores p\u00fablicos municipales realizaron trabajos de limpieza y retiro de basura, como son muebles, llantas, colchones, vidrio, pl\u00e1stico, madera y m\u00e1s residuos s\u00f3lidos.<\/p>\n\n\n\n<p>\u201cEstamos trabajando con vecinos y voluntarios, para cuidar el medio ambiente, la salud y la imagen p\u00fablica, con limpieza de ca\u00f1adas y arroyos.<\/p>\n\n\n\n<p>\u201cSeguimos invitando a la comunidad en general a crear conciencia, no tirando basura en las ca\u00f1adas y calles\u201d, enfatiz\u00f3 el Mun\u00edcipe<\/p>\n\n\n\n<p>Con esta acci\u00f3n, el Gobierno de Santa Catarina busca que la basura, llantas y m\u00e1s objetos que removieron en dicho espacio, no sature pluviales y avenidas cuando se registren lluvias.<\/p>\n\n\n\n<p>\u201cLos vecinos que est\u00e1n aqu\u00ed trabajando definitivamente son los que no tiraron aqu\u00ed la basura, necesitamos y exhortamos a la comunidad que nos ayuden a no arrojar objetos inservibles en lugares p\u00fablicos.<\/p>\n\n\n\n<p>\u201cTenemos diferentes programas municipales gratuitos, como el retiro de cacharros en las colonias, pero necesitamos la colaboraci\u00f3n de las familias, as\u00ed como la educaci\u00f3n ambiental de no tirar basura en ca\u00f1adas, r\u00edos arroyos o avenidas !Hagamos conciencia!\u201d, puntualiz\u00f3 Castillo Olivares.   <\/p>\n\n\n\n<p><\/p>\n\n\n\n<figure class=\"wp-block-image size-large\"><a href=\"http:\/\/freelance-mty.com\/wp-content\/uploads\/2021\/08\/IMG-20210814-WA0006.jpg\"><img loading=\"lazy\" width=\"1024\" height=\"682\" src=\"http:\/\/freelance-mty.com\/wp-content\/uploads\/2021\/08\/IMG-20210814-WA0006-1024x682.jpg\" alt=\"\" class=\"wp-image-10775\" srcset=\"http:\/\/freelance-mty.com\/wp-content\/uploads\/2021\/08\/IMG-20210814-WA0006-1024x682.jpg 1024w, http:\/\/freelance-mty.com\/wp-content\/uploads\/2021\/08\/IMG-20210814-WA0006-300x200.jpg 300w, http:\/\/freelance-mty.com\/wp-content\/uploads\/2021\/08\/IMG-20210814-WA0006-768x512.jpg 768w, http:\/\/freelance-mty.com\/wp-content\/uploads\/2021\/08\/IMG-20210814-WA0006.jpg 1280w\" sizes=\"(max-width: 1024px) 100vw, 1024px\" \/><\/a><\/figure>\n\n\n\n<figure class=\"wp-block-image size-large\"><a href=\"http:\/\/freelance-mty.com\/wp-content\/uploads\/2021\/08\/IMG-20210814-WA0005.jpg\"><img loading=\"lazy\" width=\"1024\" height=\"682\" src=\"http:\/\/freelance-mty.com\/wp-content\/uploads\/2021\/08\/IMG-20210814-WA0005-1024x682.jpg\" alt=\"\" class=\"wp-image-10776\" srcset=\"http:\/\/freelance-mty.com\/wp-content\/uploads\/2021\/08\/IMG-20210814-WA0005-1024x682.jpg 1024w, http:\/\/freelance-mty.com\/wp-content\/uploads\/2021\/08\/IMG-20210814-WA0005-300x200.jpg 300w, http:\/\/freelance-mty.com\/wp-content\/uploads\/2021\/08\/IMG-20210814-WA0005-768x512.jpg 768w, http:\/\/freelance-mty.com\/wp-content\/uploads\/2021\/08\/IMG-20210814-WA0005.jpg 1280w\" sizes=\"(max-width: 1024px) 100vw, 1024px\" \/><\/a><\/figure>\n","protected":false},"excerpt":{"rendered":"<p>Con la suma de esfuerzos de vecinos, polic\u00edas municipales y trabajadores de Servicios P\u00fablicos, el Gobierno de Santa Catarina realiz\u00f3&#8230;<\/p>\n","protected":false},"author":1,"featured_media":10779,"comment_status":"open","ping_status":"open","sticky":false,"template":"","format":"standard","meta":[],"categories":[8,1],"tags":[],"_links":{"self":[{"href":"http:\/\/freelance-mty.com\/index.php?rest_route=\/wp\/v2\/posts\/10774"}],"collection":[{"href":"http:\/\/freelance-mty.com\/index.php?rest_route=\/wp\/v2\/posts"}],"about":[{"href":"http:\/\/freelance-mty.com\/index.php?rest_route=\/wp\/v2\/types\/post"}],"author":[{"embeddable":true,"href":"http:\/\/freelance-mty.com\/index.php?rest_route=\/wp\/v2\/users\/1"}],"replies":[{"embeddable":true,"href":"http:\/\/freelance-mty.com\/index.php?rest_route=%2Fwp%2Fv2%2Fcomments&post=10774"}],"version-history":[{"count":1,"href":"http:\/\/freelance-mty.com\/index.php?rest_route=\/wp\/v2\/posts\/10774\/revisions"}],"predecessor-version":[{"id":10777,"href":"http:\/\/freelance-mty.com\/index.php?rest_route=\/wp\/v2\/posts\/10774\/revisions\/10777"}],"wp:featuredmedia":[{"embeddable":true,"href":"http:\/\/freelance-mty.com\/index.php?rest_route=\/wp\/v2\/media\/10779"}],"wp:attachment":[{"href":"http:\/\/freelance-mty.com\/index.php?rest_route=%2Fwp%2Fv2%2Fmedia&parent=10774"}],"wp:term":[{"taxonomy":"category","embeddable":true,"href":"http:\/\/freelance-mty.com\/index.php?rest_route=%2Fwp%2Fv2%2Fcategories&post=10774"},{"taxonomy":"post_tag","embeddable":true,"href":"http:\/\/freelance-mty.com\/index.php?rest_route=%2Fwp%2Fv2%2Ftags&post=10774"}],"curies":[{"name":"wp","href":"https:\/\/api.w.org\/{rel}","templated":true}]}}