{"id":1097,"date":"2018-03-15T23:40:57","date_gmt":"2018-03-15T23:40:57","guid":{"rendered":"http:\/\/freelance-mty.com\/?p=1097"},"modified":"2018-03-15T23:42:36","modified_gmt":"2018-03-15T23:42:36","slug":"se-registran-candidatos-de-an-de-cerralvo-bravo-y-hualahuises","status":"publish","type":"post","link":"http:\/\/freelance-mty.com\/?p=1097","title":{"rendered":"Se registran candidatos de AN de Cerralvo, Bravo y Hualahuises"},"content":{"rendered":"<header class=\"entry-header\">\n<h1 class=\"entry-title\"><a href=\"http:\/\/freelance-mty.com\/wp-content\/uploads\/2018\/03\/SAM_0669-800x445.jpg\"><img loading=\"lazy\" class=\"alignnone size-medium wp-image-1101\" src=\"http:\/\/freelance-mty.com\/wp-content\/uploads\/2018\/03\/SAM_0669-800x445-300x167.jpg\" alt=\"\" width=\"300\" height=\"167\" srcset=\"http:\/\/freelance-mty.com\/wp-content\/uploads\/2018\/03\/SAM_0669-800x445-300x167.jpg 300w, http:\/\/freelance-mty.com\/wp-content\/uploads\/2018\/03\/SAM_0669-800x445-768x427.jpg 768w, http:\/\/freelance-mty.com\/wp-content\/uploads\/2018\/03\/SAM_0669-800x445.jpg 800w\" sizes=\"(max-width: 300px) 100vw, 300px\" \/><\/a><a href=\"http:\/\/freelance-mty.com\/wp-content\/uploads\/2018\/03\/SAM_0683-800x445.jpg\"><img loading=\"lazy\" class=\"size-medium wp-image-1099 alignright\" src=\"http:\/\/freelance-mty.com\/wp-content\/uploads\/2018\/03\/SAM_0683-800x445-300x167.jpg\" alt=\"\" width=\"300\" height=\"167\" srcset=\"http:\/\/freelance-mty.com\/wp-content\/uploads\/2018\/03\/SAM_0683-800x445-300x167.jpg 300w, http:\/\/freelance-mty.com\/wp-content\/uploads\/2018\/03\/SAM_0683-800x445-768x427.jpg 768w, http:\/\/freelance-mty.com\/wp-content\/uploads\/2018\/03\/SAM_0683-800x445.jpg 800w\" sizes=\"(max-width: 300px) 100vw, 300px\" \/><\/a><\/h1>\n<\/header>\n<div class=\"below-entry-meta\"><span class=\"posted-on\"><a title=\"10:30 pm\" href=\"http:\/\/revistasentidosconvalores.com\/2018\/03\/14\/se-registran-candidatos-de-an-de-cerralvo-bravo-y-hualahuises\/\" rel=\"bookmark\"><i class=\"fa fa-calendar-o\"><\/i>\u00a0<time class=\"entry-date published\" datetime=\"2018-03-14T22:30:37+00:00\">14 marzo, 2018<\/time><\/a><\/span>\u00a0<span class=\"byline\"><span class=\"author vcard\"><i class=\"fa fa-user\"><\/i><a class=\"url fn n\" title=\"admin\" href=\"http:\/\/revistasentidosconvalores.com\/author\/admin\/\">admin<\/a><\/span><\/span>\u00a0<span class=\"comments\"><a href=\"http:\/\/revistasentidosconvalores.com\/2018\/03\/14\/se-registran-candidatos-de-an-de-cerralvo-bravo-y-hualahuises\/#respond\"><i class=\"fa fa-comment\"><\/i>\u00a00 Comments<\/a><\/span><\/div>\n<div class=\"entry-content clearfix\">\n<p>&nbsp;<\/p>\n<p>Con el registro de los candidatos a alcaldes por los municipios de Cerralvo, General Bravo y Hualahuises, y el compromiso de obtener la mayor\u00eda de las posiciones, el Partido Acci\u00f3n Nacional dio inicio a la inscripci\u00f3n en la Comisi\u00f3n Estatal Electoral de sus aspirantes a puestos de elecci\u00f3n popular.<\/p>\n<p>As\u00ed lo dio a conocer Mauro Guerra Villarreal, presidente del PAN en el Estado, quien manifest\u00f3 que se encuentran listos para enfrentar el pr\u00f3ximo proceso electoral a nivel local, donde esperan responder a las expectativas de la ciudadan\u00eda.<\/p>\n<p>\u201cUna vez que aprobamos nuestra plataforma pol\u00edtica, comenzamos con el registro de los candidatos, en este caso, para Cerralvo, con Baltazar Mart\u00ednez R\u00edos, General Bravo con Edgar Cant\u00fa Fern\u00e1ndez; y Otilia de Le\u00f3n por Hualahuises, quienes ahora les toca prepararse para el inicio del proceso\u201d, manifest\u00f3 Guerra Villarreal.<\/p>\n<p>\u201cEs un gran honor que el partido me permita buscar la reelecci\u00f3n, trabajar cercano con la gente\u00a0 y la aprobaci\u00f3n ciudadana es muy muy alta, y lo que deseamos es seguir trabajando con la gente.\u00a0No hay mejor trabajo que trabajar por la ciudadan\u00eda\u201d, subray\u00f3 Baltazar Mart\u00ednez, el cual buscar\u00e1 la reelecci\u00f3n.<\/p>\n<p>En este tema Edgar Cant\u00fa, quien ahora buscar\u00e1 su segundo mandato como alcalde del municipio de General Bravo, revel\u00f3 que se requiere mucho el estar cerca de la gente.<\/p>\n<p>\u201cEstamos en esta ocasi\u00f3n trabajando por la segunda vez, ya nos conocen, hemos trabajado y lo hemos hecho bien y lo vamos hacer por la mejora de la ciudad\u201d, indic\u00f3 Cant\u00fa Fern\u00e1ndez.<\/p>\n<p>El dirigente albiazul, agreg\u00f3, que lograron integrar una plataforma con las principales propuestas y necesidades planteadas por los propios ciudadanos en mesas de trabajo, por lo que la agenda ser\u00e1 eminentemente orientada a las prioridades de la comunidad.<\/p>\n<p>En el transcurso de los d\u00edas, puntualiz\u00f3 Mauro Guerra, continuar\u00e1 el registro de candidatos en la CEE, no solo a alcaldes, sino tambi\u00e9n a diputados locales, as\u00ed como a diputados federales y el Senado de la Rep\u00fablica, a la que dijo, presentar\u00e1n a los mejores hombres y mujeres como abanderados del PAN.<\/p>\n<\/div>\n","protected":false},"excerpt":{"rendered":"<p>\u00a014 marzo, 2018\u00a0admin\u00a0\u00a00 Comments &nbsp; Con el registro de los candidatos a alcaldes por los municipios de Cerralvo, General Bravo&#8230;<\/p>\n","protected":false},"author":1,"featured_media":1099,"comment_status":"open","ping_status":"open","sticky":false,"template":"","format":"standard","meta":[],"categories":[3,8],"tags":[],"_links":{"self":[{"href":"http:\/\/freelance-mty.com\/index.php?rest_route=\/wp\/v2\/posts\/1097"}],"collection":[{"href":"http:\/\/freelance-mty.com\/index.php?rest_route=\/wp\/v2\/posts"}],"about":[{"href":"http:\/\/freelance-mty.com\/index.php?rest_route=\/wp\/v2\/types\/post"}],"author":[{"embeddable":true,"href":"http:\/\/freelance-mty.com\/index.php?rest_route=\/wp\/v2\/users\/1"}],"replies":[{"embeddable":true,"href":"http:\/\/freelance-mty.com\/index.php?rest_route=%2Fwp%2Fv2%2Fcomments&post=1097"}],"version-history":[{"count":3,"href":"http:\/\/freelance-mty.com\/index.php?rest_route=\/wp\/v2\/posts\/1097\/revisions"}],"predecessor-version":[{"id":1102,"href":"http:\/\/freelance-mty.com\/index.php?rest_route=\/wp\/v2\/posts\/1097\/revisions\/1102"}],"wp:featuredmedia":[{"embeddable":true,"href":"http:\/\/freelance-mty.com\/index.php?rest_route=\/wp\/v2\/media\/1099"}],"wp:attachment":[{"href":"http:\/\/freelance-mty.com\/index.php?rest_route=%2Fwp%2Fv2%2Fmedia&parent=1097"}],"wp:term":[{"taxonomy":"category","embeddable":true,"href":"http:\/\/freelance-mty.com\/index.php?rest_route=%2Fwp%2Fv2%2Fcategories&post=1097"},{"taxonomy":"post_tag","embeddable":true,"href":"http:\/\/freelance-mty.com\/index.php?rest_route=%2Fwp%2Fv2%2Ftags&post=1097"}],"curies":[{"name":"wp","href":"https:\/\/api.w.org\/{rel}","templated":true}]}}