{"id":11053,"date":"2020-10-05T00:58:00","date_gmt":"2020-10-05T00:58:00","guid":{"rendered":"http:\/\/freelance-mty.com\/?p=11053"},"modified":"2021-08-17T01:00:36","modified_gmt":"2021-08-17T01:00:36","slug":"resalta-guadalupe-labor-a-favor-de-las-familias-2","status":"publish","type":"post","link":"http:\/\/freelance-mty.com\/?p=11053","title":{"rendered":"Resalta Guadalupe labor a favor de las familias"},"content":{"rendered":"\n<p>Al resaltar las acciones del Gabinete Social, la alcaldesa Cristina D\u00edaz y el presidente del DIF, Tom\u00e1s Montoya, destacaron los apoyos alimentarios, kits de limpieza, lentes graduados gratuitos, y \u00fatiles escolares entregados a familias vulnerables, adem\u00e1s de la ampliaci\u00f3n de los servicios e infraestructura en Centros DIF.<\/p>\n\n\n\n<p>El Parque Tolteca fue el sitio en donde Tom\u00e1s Montoya detall\u00f3 las acciones del Gobierno de Guadalupe a favor de las familias, previo y posterior a la emergencia sanitaria, como la distribuci\u00f3n de 3 mil paquetes de leche y pa\u00f1ales para beb\u00e9s.<\/p>\n\n\n\n<p>Montoya indic\u00f3 que adem\u00e1s de las 100 mil despensas, se benefici\u00f3 a 21 mil personas con lentes graduados gratuitos, se gestionaron 13 mil apoyos a j\u00f3venes, as\u00ed como se distribuyeron m\u00e1s de 80 mil paquetes con \u00fatiles escolares.<\/p>\n\n\n\n<p>La atenci\u00f3n a las familias de Guadalupe, se\u00f1al\u00f3 que se ampli\u00f3 con la puesta en marcha del Centro DIF N\u00famero 27 en la colonia Nuevo Almaguer y, con la construcci\u00f3n en este 2020, de dos Centros de Atenci\u00f3n M\u00faltiple, uno en Tierra Propia y otro en Tres Caminos.<\/p>\n\n\n\n<p>\u201cEn la pandemia, los Centros DIF se convirtieron en lugares de autoempleo, donde un grupo de mujeres fabricaron cubrebocas, apoyando as\u00ed la econom\u00eda en sus hogares y procurando la salud de los ciudadanos para evitar contagios\u201d, inform\u00f3.<\/p>\n\n\n\n<p>Con la ampliaci\u00f3n del Centro \u201cLazos\u201d, agreg\u00f3, aumenta la atenci\u00f3n a la poblaci\u00f3n con diagn\u00f3stico de S\u00edndrome de Down, Trastorno del Espectro Autista y Trastornos del Neurodesarrollo.<\/p>\n\n\n\n<p>\u201cEmprendimos acciones que cambian la vida de las personas, acciones que cambian la vida de las familias\u201d, sostuvo Montoya.<\/p>\n\n\n\n<p>Por su parte, la Alcaldesa Cristina D\u00edaz reiter\u00f3 que la pol\u00edtica social es uno de los ejes m\u00e1s importantes de la administraci\u00f3n.<\/p>\n\n\n\n<p>Asegur\u00f3 que los programas de asistencia social fueron cruciales este a\u00f1o, para ayudar y reconfortar a las familias ante la situaci\u00f3n tan compleja por el COVID-19.<\/p>\n\n\n\n<p>Al personal del DIF les reconoci\u00f3 su labor, al igual que a los equipos de la Secretar\u00eda de Bienestar Social y de los Institutos Municipales por su ardua labor, llevando todos los d\u00edas el apoyo a las familias m\u00e1s vulnerables.<\/p>\n\n\n\n<p>\u201cSalimos todos a trabajar y a\u00fan en la pandemia no nos detuvimos, dimos toda la atenci\u00f3n a la pol\u00edtica social, a trav\u00e9s del DIF, de Bienestar Social y los Institutos\u201d, coment\u00f3.<\/p>\n\n\n\n<p>Igualmente, agradeci\u00f3 al Voluntariado del DIF, que preside Daniela Zavala, por el trabajo a favor de adultos mayores, de personas con discapacidad, de mujeres y ni\u00f1os, que tuvieron la mano solidaria que requirieron.<\/p>\n\n\n\n<p>Al acto acudi\u00f3 la Jefa de la Regi\u00f3n Educativa, Josefina Alejandro Flores, los titulares de Bienestar Social, los Institutos de la Juventud, Deportes y Mujeres, de Salud; as\u00ed como inspectores, profesores, voluntarias y j\u00f3venes.<\/p>\n","protected":false},"excerpt":{"rendered":"<p>Al resaltar las acciones del Gabinete Social, la alcaldesa Cristina D\u00edaz y el presidente del DIF, Tom\u00e1s Montoya, destacaron los&#8230;<\/p>\n","protected":false},"author":1,"featured_media":11054,"comment_status":"open","ping_status":"open","sticky":false,"template":"","format":"standard","meta":[],"categories":[1],"tags":[],"_links":{"self":[{"href":"http:\/\/freelance-mty.com\/index.php?rest_route=\/wp\/v2\/posts\/11053"}],"collection":[{"href":"http:\/\/freelance-mty.com\/index.php?rest_route=\/wp\/v2\/posts"}],"about":[{"href":"http:\/\/freelance-mty.com\/index.php?rest_route=\/wp\/v2\/types\/post"}],"author":[{"embeddable":true,"href":"http:\/\/freelance-mty.com\/index.php?rest_route=\/wp\/v2\/users\/1"}],"replies":[{"embeddable":true,"href":"http:\/\/freelance-mty.com\/index.php?rest_route=%2Fwp%2Fv2%2Fcomments&post=11053"}],"version-history":[{"count":1,"href":"http:\/\/freelance-mty.com\/index.php?rest_route=\/wp\/v2\/posts\/11053\/revisions"}],"predecessor-version":[{"id":11056,"href":"http:\/\/freelance-mty.com\/index.php?rest_route=\/wp\/v2\/posts\/11053\/revisions\/11056"}],"wp:featuredmedia":[{"embeddable":true,"href":"http:\/\/freelance-mty.com\/index.php?rest_route=\/wp\/v2\/media\/11054"}],"wp:attachment":[{"href":"http:\/\/freelance-mty.com\/index.php?rest_route=%2Fwp%2Fv2%2Fmedia&parent=11053"}],"wp:term":[{"taxonomy":"category","embeddable":true,"href":"http:\/\/freelance-mty.com\/index.php?rest_route=%2Fwp%2Fv2%2Fcategories&post=11053"},{"taxonomy":"post_tag","embeddable":true,"href":"http:\/\/freelance-mty.com\/index.php?rest_route=%2Fwp%2Fv2%2Ftags&post=11053"}],"curies":[{"name":"wp","href":"https:\/\/api.w.org\/{rel}","templated":true}]}}