{"id":13467,"date":"2021-10-14T06:02:00","date_gmt":"2021-10-14T06:02:00","guid":{"rendered":"http:\/\/freelance-mty.com\/?p=13467"},"modified":"2021-10-15T06:03:11","modified_gmt":"2021-10-15T06:03:11","slug":"inicia-colado-de-concreto-en-cortina-de-presa-la-libertad","status":"publish","type":"post","link":"http:\/\/freelance-mty.com\/?p=13467","title":{"rendered":"INICIA COLADO DE CONCRETO EN CORTINA DE PRESA LA LIBERTAD"},"content":{"rendered":"\n<ul><li>El Gobernador Samuel Alejandro Garc\u00eda Sep\u00falveda dio el banderazo de arranque al inicio del colado de concreto de la Presa La Libertad en Montemorelos.<br><br>Acompa\u00f1ado de autoridades estatales, federales y municipales, el Mandatario nuevoleon\u00e9s supervis\u00f3 el inicio de los colados de concreto, con volumen de 200 metros c\u00fabicos en dos capas de 40 cent\u00edmetros en el eje de la cortina, que es la estructura principal de retenci\u00f3n que tendr\u00e1 una base de 40 metros por 47 metros de alto.<br><br>\u201cTener hoy la cortina m\u00e1s grande de M\u00e9xico es un ejemplo de Nuevo Le\u00f3n, que no nos conformamos, que queremos ser referentes, que queremos ser lo mejor; es lo que queremos sacar desde el d\u00eda uno (de la Administraci\u00f3n)\u201d, manifest\u00f3 Garc\u00eda Sep\u00falveda.<br><br>\u201cHoy es el d\u00eda 10 de Gobierno y estoy muy contento porque el ambiente que se empieza a permear es positivo, es de reactivaci\u00f3n y es de salir adelante\u201d.<br><br>Garc\u00eda Sep\u00falveda detall\u00f3 que la obra tiene como \u00fanico fin la utilidad p\u00fablica.<br><br>Adem\u00e1s, subray\u00f3 que la Presa es un proyecto de beneficio com\u00fan para todos los ciudadanos.<br><br>Aclar\u00f3 que la Presa La Libertad no compite con El Cuchillo, que ser\u00e1 de utilidad para los ejidatarios porque permitir\u00e1 un flujo constante de agua para todos; y el reducto traer\u00e1 un impacto social a la regi\u00f3n citr\u00edcola.<br><br>Garc\u00eda Sep\u00falveda detall\u00f3 que las obras del embalse, que tendr\u00e1 una capacidad de almacenaje de 221 millones de metros c\u00fabicos de agua, presentan un avance del 25 por ciento del total de la obra.<br><br>La presa es construida con concreto compactado con rodillo CCR, con obras de tomas de agua potable, caudal ecol\u00f3gico y riego, con un vertedor de cresta libre que regular\u00e1 inundaciones aguas abajo, y con beneficios de riego que permitir\u00e1 usar agua cuando requieran los ejidos.<br><br>Se estima que la obra se concluya para septiembre de 2023, y con esto inicie el llenado del embalse.<br><br>El Gobernador se\u00f1al\u00f3 que hoy Nuevo Le\u00f3n est\u00e1 en una situaci\u00f3n complicada de escasez de agua, por lo que no se puede escatimar ning\u00fan proyecto h\u00eddrico.<br><br>\u201cLos (proyectos) que lleguen se van a analizar, y si nos van a ayudar a obtener m\u00e1s agua y pasan el filtro jur\u00eddico, financiero y administrativo se van a hacer\u201d, expres\u00f3.<br><br>Refiri\u00f3 que las presas El Cuchillo, Cerro Prieto, La Libertad deben estar conectadas para garantizar el abasto de agua potable para la zona metropolitana en los pr\u00f3ximos 10 a\u00f1os.<br><br>\u201cPor eso vamos a meterle todo el acelerador\u201d, puntualiz\u00f3 el Mandatario.<\/li><\/ul>\n\n\n\n<figure class=\"wp-block-image size-large\"><a href=\"http:\/\/freelance-mty.com\/wp-content\/uploads\/2021\/10\/101634277638173.jpg\"><img loading=\"lazy\" width=\"1024\" height=\"555\" src=\"http:\/\/freelance-mty.com\/wp-content\/uploads\/2021\/10\/101634277638173-1024x555.jpg\" alt=\"\" class=\"wp-image-13468\" srcset=\"http:\/\/freelance-mty.com\/wp-content\/uploads\/2021\/10\/101634277638173-1024x555.jpg 1024w, http:\/\/freelance-mty.com\/wp-content\/uploads\/2021\/10\/101634277638173-300x163.jpg 300w, http:\/\/freelance-mty.com\/wp-content\/uploads\/2021\/10\/101634277638173-768x416.jpg 768w, http:\/\/freelance-mty.com\/wp-content\/uploads\/2021\/10\/101634277638173-1536x832.jpg 1536w, http:\/\/freelance-mty.com\/wp-content\/uploads\/2021\/10\/101634277638173.jpg 1920w\" sizes=\"(max-width: 1024px) 100vw, 1024px\" \/><\/a><\/figure>\n\n\n\n<figure class=\"wp-block-image size-large\"><a href=\"http:\/\/freelance-mty.com\/wp-content\/uploads\/2021\/10\/021634277638168.jpg\"><img loading=\"lazy\" width=\"1024\" height=\"555\" src=\"http:\/\/freelance-mty.com\/wp-content\/uploads\/2021\/10\/021634277638168-1024x555.jpg\" alt=\"\" class=\"wp-image-13469\" srcset=\"http:\/\/freelance-mty.com\/wp-content\/uploads\/2021\/10\/021634277638168-1024x555.jpg 1024w, http:\/\/freelance-mty.com\/wp-content\/uploads\/2021\/10\/021634277638168-300x163.jpg 300w, http:\/\/freelance-mty.com\/wp-content\/uploads\/2021\/10\/021634277638168-768x416.jpg 768w, http:\/\/freelance-mty.com\/wp-content\/uploads\/2021\/10\/021634277638168-1536x832.jpg 1536w, http:\/\/freelance-mty.com\/wp-content\/uploads\/2021\/10\/021634277638168.jpg 1920w\" sizes=\"(max-width: 1024px) 100vw, 1024px\" \/><\/a><\/figure>\n","protected":false},"excerpt":{"rendered":"<p>El Gobernador Samuel Alejandro Garc\u00eda Sep\u00falveda dio el banderazo de arranque al inicio del colado de concreto de la Presa&#8230;<\/p>\n","protected":false},"author":1,"featured_media":13472,"comment_status":"open","ping_status":"open","sticky":false,"template":"","format":"standard","meta":[],"categories":[7,1],"tags":[],"_links":{"self":[{"href":"http:\/\/freelance-mty.com\/index.php?rest_route=\/wp\/v2\/posts\/13467"}],"collection":[{"href":"http:\/\/freelance-mty.com\/index.php?rest_route=\/wp\/v2\/posts"}],"about":[{"href":"http:\/\/freelance-mty.com\/index.php?rest_route=\/wp\/v2\/types\/post"}],"author":[{"embeddable":true,"href":"http:\/\/freelance-mty.com\/index.php?rest_route=\/wp\/v2\/users\/1"}],"replies":[{"embeddable":true,"href":"http:\/\/freelance-mty.com\/index.php?rest_route=%2Fwp%2Fv2%2Fcomments&post=13467"}],"version-history":[{"count":2,"href":"http:\/\/freelance-mty.com\/index.php?rest_route=\/wp\/v2\/posts\/13467\/revisions"}],"predecessor-version":[{"id":13473,"href":"http:\/\/freelance-mty.com\/index.php?rest_route=\/wp\/v2\/posts\/13467\/revisions\/13473"}],"wp:featuredmedia":[{"embeddable":true,"href":"http:\/\/freelance-mty.com\/index.php?rest_route=\/wp\/v2\/media\/13472"}],"wp:attachment":[{"href":"http:\/\/freelance-mty.com\/index.php?rest_route=%2Fwp%2Fv2%2Fmedia&parent=13467"}],"wp:term":[{"taxonomy":"category","embeddable":true,"href":"http:\/\/freelance-mty.com\/index.php?rest_route=%2Fwp%2Fv2%2Fcategories&post=13467"},{"taxonomy":"post_tag","embeddable":true,"href":"http:\/\/freelance-mty.com\/index.php?rest_route=%2Fwp%2Fv2%2Ftags&post=13467"}],"curies":[{"name":"wp","href":"https:\/\/api.w.org\/{rel}","templated":true}]}}