{"id":13485,"date":"2021-10-14T06:30:00","date_gmt":"2021-10-14T06:30:00","guid":{"rendered":"http:\/\/freelance-mty.com\/?p=13485"},"modified":"2021-10-15T07:05:17","modified_gmt":"2021-10-15T07:05:17","slug":"instalara-estado-centros-de-vacunacion-covid","status":"publish","type":"post","link":"http:\/\/freelance-mty.com\/?p=13485","title":{"rendered":"INSTALAR\u00c1 ESTADO CENTROS DE VACUNACI\u00d3N COVID"},"content":{"rendered":"\n<p>Ante la pr\u00f3xima llegada de m\u00e1s vacunas Covid a Nuevo Le\u00f3n, el Gobernador Samuel Alejandro Garc\u00eda Sep\u00falveda anunci\u00f3 que se instalar\u00e1n centros de vacunaci\u00f3n en la entidad para personas que no se han aplicado el biol\u00f3gico.<\/p>\n\n\n\n<p>Durante El Nuevo Le\u00f3n Informa, el Mandatario estatal resalt\u00f3 que, a la fecha, el 84 por ciento de la poblaci\u00f3n en Nuevo Le\u00f3n cuenta con la primera dosis contra el Covid y un 57 por ciento ya cuenta con la segunda dosis aplicada. La meta, dijo, es llegar a un 95 por ciento de vacunaci\u00f3n.<\/p>\n\n\n\n<p>&nbsp;\u201cL\u00f3pez Gatell coment\u00f3 que, como quiere iniciar la vacunaci\u00f3n de la influenza el 3 de noviembre, va a hacer todo lo posible para tratar de que la segunda dosis se aplique a la brevedad y buscar que no se compaginen\u201d, expres\u00f3.<\/p>\n\n\n\n<p>Los m\u00f3dulos de vacunaci\u00f3n permitir\u00e1n que la ciudadan\u00eda con rezago en su esquema de vacunaci\u00f3n pueda aplicarse la dosis que le falta o bien, iniciar su esquema de inoculaci\u00f3n.<\/p>\n\n\n\n<p>&nbsp;\u201cPor eso, para las mujeres embarazadas y para todos los neoloneses que por alg\u00fan motivo no se vacunaron, en Nuevo Le\u00f3n vamos a poner salones permanentes polivalentes con todas las vacunas\u201d, puntualiz\u00f3.<\/p>\n\n\n\n<p>\u201cY con eso poder subir bastante el porcentaje de vacunaci\u00f3n\u201d.<\/p>\n\n\n\n<p>Garc\u00eda Sep\u00falveda mencion\u00f3 adem\u00e1s que se aplicar\u00e1n vacunas a migrantes, mujeres embarazadas, personas privadas de su libertad y se contin\u00faa con la vacunaci\u00f3n transfronteriza.<\/p>\n\n\n\n<p>El mandatario estatal adelant\u00f3 que a partir de ma\u00f1ana acudir\u00e1 una brigada de salud a los municipios de Galeana, Iturbide, Mier y Noriega, Aramberri y Zaragoza.<\/p>\n\n\n\n<p>Hizo un exhorto a la ciudadan\u00eda de no bajar la guardia y respetar los protocolos sanitarios a fin de evitar reducir los aforos ya permitidos.&nbsp;<\/p>\n\n\n\n<p>\u201cNo los quiero alarmar pero s\u00ed decirles que hay un Consejo de Seguridad (en Salud) que es el que resuelve. Esto no es Samuel, si ese indicador sigue subiendo nos vamos a ver en la penosa necesidad de bajar el aforo y eso no le conviene a nadie, entonces cu\u00eddense mucho\u201d, advirti\u00f3.<\/p>\n\n\n\n<p>GOBERNADOR ANUNCIA NUEVO SUBSECRETARIO DE REGULACI\u00d3N SANITARIA<\/p>\n\n\n\n<p>El Gobernador Samuel Alejandro Garc\u00eda Sep\u00falveda present\u00f3 a David De Alejandro Cant\u00fa, quien estar\u00e1 a cargo de la Subsecretar\u00eda de Regulaci\u00f3n Sanitaria y a quien le solicit\u00f3 poner orden en la dependencia, supervisar que se apliquen los protocolos de salud en la Expo Guadalupe y aplicar la Ley de Protecci\u00f3n contra la exposici\u00f3n al humo del&nbsp;&nbsp;tabaco en giros comerciales.<\/p>\n\n\n\n<p>\u201cTiene que ir a la Expo hoy mismo con inspectores y tener permanentemente vigilancia porque en este Gobierno no existe la primer llamada, la segunda llamada o la tercer llamada, se aplica la Ley a rajatabla\u201d, expres\u00f3.<\/p>\n\n\n\n<p>\u201cLa Ley de protecci\u00f3n al tabaco. Sin miramientos, directito; restaurante o casino que fume se sanciona, es la Ley y punto\u201d.<\/p>\n\n\n\n<p>Durante la conferencia, se dieron a conocer las cifras de contagios y defunciones por Covid en Nuevo Le\u00f3n.<\/p>\n\n\n\n<p>Hoy se confirmaron 241 contagios para dar un total de 281 mil 952 y 20 defunciones sumando 14 mil 258.&nbsp;&nbsp;En cuanto a hospitalizaciones, se contabilizaron 495 y 127 pacientes conectados a un respirador.<\/p>\n\n\n\n<p>En la cifra de contagios y defunciones por Covid-19 en menores de 18 a\u00f1os se registraron 15 mil 916 contagios y 67 defunciones a la fecha.      <\/p>\n\n\n\n<p><\/p>\n\n\n\n<p><\/p>\n\n\n\n<figure class=\"wp-block-image size-large\"><a href=\"http:\/\/freelance-mty.com\/wp-content\/uploads\/2021\/10\/IMG_75171634279338797.jpg\"><img loading=\"lazy\" width=\"1024\" height=\"555\" src=\"http:\/\/freelance-mty.com\/wp-content\/uploads\/2021\/10\/IMG_75171634279338797-1024x555.jpg\" alt=\"\" class=\"wp-image-13486\" srcset=\"http:\/\/freelance-mty.com\/wp-content\/uploads\/2021\/10\/IMG_75171634279338797-1024x555.jpg 1024w, http:\/\/freelance-mty.com\/wp-content\/uploads\/2021\/10\/IMG_75171634279338797-300x163.jpg 300w, http:\/\/freelance-mty.com\/wp-content\/uploads\/2021\/10\/IMG_75171634279338797-768x416.jpg 768w, http:\/\/freelance-mty.com\/wp-content\/uploads\/2021\/10\/IMG_75171634279338797-1536x832.jpg 1536w, http:\/\/freelance-mty.com\/wp-content\/uploads\/2021\/10\/IMG_75171634279338797.jpg 1920w\" sizes=\"(max-width: 1024px) 100vw, 1024px\" \/><\/a><\/figure>\n\n\n\n<figure class=\"wp-block-image size-large\"><a href=\"http:\/\/freelance-mty.com\/wp-content\/uploads\/2021\/10\/MG_52031634279338797.jpg\"><img loading=\"lazy\" width=\"1024\" height=\"555\" src=\"http:\/\/freelance-mty.com\/wp-content\/uploads\/2021\/10\/MG_52031634279338797-1024x555.jpg\" alt=\"\" class=\"wp-image-13487\" srcset=\"http:\/\/freelance-mty.com\/wp-content\/uploads\/2021\/10\/MG_52031634279338797-1024x555.jpg 1024w, http:\/\/freelance-mty.com\/wp-content\/uploads\/2021\/10\/MG_52031634279338797-300x163.jpg 300w, http:\/\/freelance-mty.com\/wp-content\/uploads\/2021\/10\/MG_52031634279338797-768x416.jpg 768w, http:\/\/freelance-mty.com\/wp-content\/uploads\/2021\/10\/MG_52031634279338797-1536x832.jpg 1536w, http:\/\/freelance-mty.com\/wp-content\/uploads\/2021\/10\/MG_52031634279338797.jpg 1920w\" sizes=\"(max-width: 1024px) 100vw, 1024px\" \/><\/a><\/figure>\n","protected":false},"excerpt":{"rendered":"<p>Ante la pr\u00f3xima llegada de m\u00e1s vacunas Covid a Nuevo Le\u00f3n, el Gobernador Samuel Alejandro Garc\u00eda Sep\u00falveda anunci\u00f3 que se&#8230;<\/p>\n","protected":false},"author":1,"featured_media":13490,"comment_status":"open","ping_status":"open","sticky":false,"template":"","format":"standard","meta":[],"categories":[7,1],"tags":[],"_links":{"self":[{"href":"http:\/\/freelance-mty.com\/index.php?rest_route=\/wp\/v2\/posts\/13485"}],"collection":[{"href":"http:\/\/freelance-mty.com\/index.php?rest_route=\/wp\/v2\/posts"}],"about":[{"href":"http:\/\/freelance-mty.com\/index.php?rest_route=\/wp\/v2\/types\/post"}],"author":[{"embeddable":true,"href":"http:\/\/freelance-mty.com\/index.php?rest_route=\/wp\/v2\/users\/1"}],"replies":[{"embeddable":true,"href":"http:\/\/freelance-mty.com\/index.php?rest_route=%2Fwp%2Fv2%2Fcomments&post=13485"}],"version-history":[{"count":2,"href":"http:\/\/freelance-mty.com\/index.php?rest_route=\/wp\/v2\/posts\/13485\/revisions"}],"predecessor-version":[{"id":13491,"href":"http:\/\/freelance-mty.com\/index.php?rest_route=\/wp\/v2\/posts\/13485\/revisions\/13491"}],"wp:featuredmedia":[{"embeddable":true,"href":"http:\/\/freelance-mty.com\/index.php?rest_route=\/wp\/v2\/media\/13490"}],"wp:attachment":[{"href":"http:\/\/freelance-mty.com\/index.php?rest_route=%2Fwp%2Fv2%2Fmedia&parent=13485"}],"wp:term":[{"taxonomy":"category","embeddable":true,"href":"http:\/\/freelance-mty.com\/index.php?rest_route=%2Fwp%2Fv2%2Fcategories&post=13485"},{"taxonomy":"post_tag","embeddable":true,"href":"http:\/\/freelance-mty.com\/index.php?rest_route=%2Fwp%2Fv2%2Ftags&post=13485"}],"curies":[{"name":"wp","href":"https:\/\/api.w.org\/{rel}","templated":true}]}}