{"id":1432,"date":"2018-04-21T21:22:35","date_gmt":"2018-04-21T21:22:35","guid":{"rendered":"http:\/\/freelance-mty.com\/?p=1432"},"modified":"2018-04-21T21:22:35","modified_gmt":"2018-04-21T21:22:35","slug":"acuerda-sagarpa-con-productores-dar-continuidad-a-las-politicas-publicas-que-inciden-en-un-campo-mas-productivo","status":"publish","type":"post","link":"http:\/\/freelance-mty.com\/?p=1432","title":{"rendered":"Acuerda SAGARPA con productores dar continuidad a las pol\u00edticas p\u00fablicas que inciden en un campo m\u00e1s productivo"},"content":{"rendered":"<p class=\"yiv1755258284gmail-m_6490433068390912264m-4600534103435192170ydped3bce56msolistparagraph\">\u00a0<b>Se impulsar\u00e1n programas de alto impacto como el de caf\u00e9 que permite pasar de los 2.2 millones a 4.5 millones del arom\u00e1tico.<u><\/u><u><\/u><\/b><\/p>\n<p class=\"yiv1755258284gmail-m_6490433068390912264m-4600534103435192170ydped3bce56msolistparagraph\"><u><\/u>\u00a0<u><\/u><\/p>\n<p class=\"yiv1755258284gmail-m_6490433068390912264m-4600534103435192170ydped3bce56msonormal\">El secretario de Agricultura, Ganader\u00eda, Desarrollo Rural, Pesca y Alimentaci\u00f3n (SAGARPA), Baltazar Hinojosa Ochoa, en reuni\u00f3n con los representantes e integrantes del Consejo Agropecuario de Veracruz (CAV), acordaron trabajar en conjunto para fortalecer y darle continuidad a las pol\u00edticas p\u00fablicas que inciden en la productividad y competitividad del campo mexicano.<u><\/u><u><\/u><\/p>\n<p class=\"yiv1755258284gmail-m_6490433068390912264m-4600534103435192170ydped3bce56msonormal\">En el encuentro, realizado en las oficinas centrales de la dependencia, se destac\u00f3 que una referencia de estas acciones, es el caso de programas de alto impacto como el de impulso a la producci\u00f3n de caf\u00e9 que requiere de varias etapas y procesos, disponibilidad de plantas resistentes y mejoradas, asistencia t\u00e9cnica, acciones de sanidad vegetal y esquemas de financiamiento.<u><\/u><u><\/u><\/p>\n<p class=\"yiv1755258284gmail-m_6490433068390912264m-4600534103435192170ydped3bce56msonormal\">Los productores de los 22 Sistemas Producto de la entidad, en especial los de caf\u00e9, hicieron un reconocimiento al Gobierno de la Rep\u00fablica y a la SAGARPA por los resultados del Programa Integral de Apoyo a los Productores de Caf\u00e9 (PIAC), que permiti\u00f3 que la producci\u00f3n nacional de 2.2 millones de sacos se incrementara a 4.5 millones, con expectativas de alcanzar los seis millones de sacos de caf\u00e9.<u><\/u><u><\/u><\/p>\n<p class=\"yiv1755258284gmail-m_6490433068390912264m-4600534103435192170ydped3bce56msonormal\">En el evento se extern\u00f3 la importancia de establecer mecanismos para que los programas y componentes que han resultado efectivos y exitosos tengan una continuidad, entre ellos el de PROCAF\u00c9 que atiende alrededor de 511 mil productores, en 690 mil hect\u00e1reas, sin distinci\u00f3n de colores o preferencias pol\u00edticas, s\u00f3lo con un prop\u00f3sito de car\u00e1cter productivo.<u><\/u><u><\/u><\/p>\n<p class=\"yiv1755258284gmail-m_6490433068390912264m-4600534103435192170ydped3bce56msonormal\">Acompa\u00f1ado por el subsecretario de Agricultura, Jorge Zertuche Rodr\u00edguez, y del presidente del CAV, Federico Assaleih Ortiz, el titular de la SAGARPA, Baltazar Hinojosa, atendi\u00f3 los planteamientos de los productores sobre las acciones integrales para fortalecer el estatus sanitario y cadenas de valor agregado, as\u00ed como avanzar en las industrias certificadas, incrementar recursos a la investigaci\u00f3n y ampliar los incentivos para las mujeres emprendedoras del sector rural.<u><\/u><u><\/u><\/p>\n<p class=\"yiv1755258284gmail-m_6490433068390912264m-4600534103435192170ydped3bce56msonormal\">Asimismo, productores de arroz solicitaron que se hicieran gestiones con las autoridades correspondientes para analizar los cupos de importaci\u00f3n de Asia: los porcicultores se comprometieron a fortalecer acciones en salud animal y los productores de lim\u00f3n persa manifestaron su inter\u00e9s en promocionar en el mercado nacional el consumo de este c\u00edtrico de calidad de exportaci\u00f3n.<u><\/u><u><\/u><\/p>\n<p class=\"yiv1755258284gmail-m_6490433068390912264m-4600534103435192170ydped3bce56msonormal\">Otros asuntos que se trataron tienen que ver con el ordenamiento pesquero, mediante la regularizaci\u00f3n en el otorgamiento de permisos, y apoyos a los productores de ma\u00edz del estado, con incentivos de la Agencia de Servicios a la Comercializaci\u00f3n y Desarrollo de Mercados Agropecuarios (ASERCA) para esquemas de coberturas.<\/p>\n","protected":false},"excerpt":{"rendered":"<p>\u00a0Se impulsar\u00e1n programas de alto impacto como el de caf\u00e9 que permite pasar de los 2.2 millones a 4.5 millones&#8230;<\/p>\n","protected":false},"author":1,"featured_media":1433,"comment_status":"open","ping_status":"open","sticky":false,"template":"","format":"standard","meta":[],"categories":[8],"tags":[],"_links":{"self":[{"href":"http:\/\/freelance-mty.com\/index.php?rest_route=\/wp\/v2\/posts\/1432"}],"collection":[{"href":"http:\/\/freelance-mty.com\/index.php?rest_route=\/wp\/v2\/posts"}],"about":[{"href":"http:\/\/freelance-mty.com\/index.php?rest_route=\/wp\/v2\/types\/post"}],"author":[{"embeddable":true,"href":"http:\/\/freelance-mty.com\/index.php?rest_route=\/wp\/v2\/users\/1"}],"replies":[{"embeddable":true,"href":"http:\/\/freelance-mty.com\/index.php?rest_route=%2Fwp%2Fv2%2Fcomments&post=1432"}],"version-history":[{"count":1,"href":"http:\/\/freelance-mty.com\/index.php?rest_route=\/wp\/v2\/posts\/1432\/revisions"}],"predecessor-version":[{"id":1434,"href":"http:\/\/freelance-mty.com\/index.php?rest_route=\/wp\/v2\/posts\/1432\/revisions\/1434"}],"wp:featuredmedia":[{"embeddable":true,"href":"http:\/\/freelance-mty.com\/index.php?rest_route=\/wp\/v2\/media\/1433"}],"wp:attachment":[{"href":"http:\/\/freelance-mty.com\/index.php?rest_route=%2Fwp%2Fv2%2Fmedia&parent=1432"}],"wp:term":[{"taxonomy":"category","embeddable":true,"href":"http:\/\/freelance-mty.com\/index.php?rest_route=%2Fwp%2Fv2%2Fcategories&post=1432"},{"taxonomy":"post_tag","embeddable":true,"href":"http:\/\/freelance-mty.com\/index.php?rest_route=%2Fwp%2Fv2%2Ftags&post=1432"}],"curies":[{"name":"wp","href":"https:\/\/api.w.org\/{rel}","templated":true}]}}