{"id":14892,"date":"2021-11-16T17:45:00","date_gmt":"2021-11-16T17:45:00","guid":{"rendered":"http:\/\/freelance-mty.com\/?p=14892"},"modified":"2021-11-17T05:54:20","modified_gmt":"2021-11-17T05:54:20","slug":"plantean-crear-instituto-para-atencion-a-personas-con-discapacidad","status":"publish","type":"post","link":"http:\/\/freelance-mty.com\/?p=14892","title":{"rendered":"PLANTEAN CREAR INSTITUTO PARA ATENCI\u00d3N A PERSONAS CON DISCAPACIDAD"},"content":{"rendered":"\n<p><\/p>\n\n\n\n<p>Con el fin de garantizar los derechos humanos de las personas con discapacidad, el Diputado H\u00e9ctor Garc\u00eda Garc\u00eda exhort\u00f3 al Ejecutivo Estatal para que contemple la creaci\u00f3n del Instituto para la Atenci\u00f3n e Inclusi\u00f3n de las Personas con Discapacidad.<\/p>\n\n\n\n<p>En tribuna, el Legislador local precis\u00f3 que la discapacidad en las personas representa un importante factor de vulnerabilidad social, que se agudiza cuando son particularmente en situaciones de pobreza, marginaci\u00f3n o exclusi\u00f3n.<\/p>\n\n\n\n<p>\u201cPara garantizar los derechos humanos de las personas con discapacidad y buscando ampliar los beneficios por parte del gobierno es que hacemos un llamado, desde este Poder Legislativo, para que de acuerdo a sus atribuciones que le confiere la ley analice la creaci\u00f3n del Instituto para la Atenci\u00f3n e Inclusi\u00f3n de las Personas con Discapacidad\u201d, puntualiz\u00f3 Garc\u00eda Garc\u00eda.<\/p>\n\n\n\n<p>\u201cEntre las atribuciones que tendr\u00eda, ser\u00eda el de Impulsar y desarrollar las investigaciones y an\u00e1lisis sobre discapacidad para establecer pol\u00edticas p\u00fablicas incluyentes relacionadas con la prevenci\u00f3n, atenci\u00f3n, accesibilidad, movilidad y mejoramiento de la calidad de vida de las personas con discapacidad\u201d, precis\u00f3.<\/p>\n\n\n\n<p>El Diputado local detall\u00f3 que seg\u00fan datos del Censo 2020 del INEGI en Nuevo Le\u00f3n existen 220 mil 206 personas con discapacidad, lo que representa al 3.80% de la poblaci\u00f3n, es decir, 38 de cada mil ciudadanos del estado sufre una discapacidad.<\/p>\n\n\n\n<p>\u201cSin embargo, 551 mil 374 personas en el estado tienen alguna limitaci\u00f3n, ya sea para caminar, ver, hablar, o\u00edr, o con alg\u00fan problema o condici\u00f3n mental, otro 9.53 por ciento, lo que equivale a que en la entidad el 13.33 por ciento de los habitantes padece una discapacidad o limitaci\u00f3n\u201d, afirm\u00f3.&nbsp;<\/p>\n\n\n\n<p>H\u00e9ctor Garc\u00eda tambi\u00e9n exhort\u00f3 a los Municipios para que contemplen la creaci\u00f3n del Consejo para la Atenci\u00f3n e Inclusi\u00f3n de las Personas con Discapacidad, ya que hoy en d\u00eda s\u00f3lo el municipio de Apodaca cuenta con este consejo.<\/p>\n","protected":false},"excerpt":{"rendered":"<p>Con el fin de garantizar los derechos humanos de las personas con discapacidad, el Diputado H\u00e9ctor Garc\u00eda Garc\u00eda exhort\u00f3 al&#8230;<\/p>\n","protected":false},"author":1,"featured_media":14893,"comment_status":"open","ping_status":"open","sticky":false,"template":"","format":"standard","meta":[],"categories":[8],"tags":[],"_links":{"self":[{"href":"http:\/\/freelance-mty.com\/index.php?rest_route=\/wp\/v2\/posts\/14892"}],"collection":[{"href":"http:\/\/freelance-mty.com\/index.php?rest_route=\/wp\/v2\/posts"}],"about":[{"href":"http:\/\/freelance-mty.com\/index.php?rest_route=\/wp\/v2\/types\/post"}],"author":[{"embeddable":true,"href":"http:\/\/freelance-mty.com\/index.php?rest_route=\/wp\/v2\/users\/1"}],"replies":[{"embeddable":true,"href":"http:\/\/freelance-mty.com\/index.php?rest_route=%2Fwp%2Fv2%2Fcomments&post=14892"}],"version-history":[{"count":1,"href":"http:\/\/freelance-mty.com\/index.php?rest_route=\/wp\/v2\/posts\/14892\/revisions"}],"predecessor-version":[{"id":14894,"href":"http:\/\/freelance-mty.com\/index.php?rest_route=\/wp\/v2\/posts\/14892\/revisions\/14894"}],"wp:featuredmedia":[{"embeddable":true,"href":"http:\/\/freelance-mty.com\/index.php?rest_route=\/wp\/v2\/media\/14893"}],"wp:attachment":[{"href":"http:\/\/freelance-mty.com\/index.php?rest_route=%2Fwp%2Fv2%2Fmedia&parent=14892"}],"wp:term":[{"taxonomy":"category","embeddable":true,"href":"http:\/\/freelance-mty.com\/index.php?rest_route=%2Fwp%2Fv2%2Fcategories&post=14892"},{"taxonomy":"post_tag","embeddable":true,"href":"http:\/\/freelance-mty.com\/index.php?rest_route=%2Fwp%2Fv2%2Ftags&post=14892"}],"curies":[{"name":"wp","href":"https:\/\/api.w.org\/{rel}","templated":true}]}}