{"id":15313,"date":"2021-12-02T01:15:00","date_gmt":"2021-12-02T01:15:00","guid":{"rendered":"http:\/\/freelance-mty.com\/?p=15313"},"modified":"2021-12-03T01:17:38","modified_gmt":"2021-12-03T01:17:38","slug":"brindaran-cobertura-universal-para-ninos-y-adolescentes-con-cancer","status":"publish","type":"post","link":"http:\/\/freelance-mty.com\/?p=15313","title":{"rendered":"Brindar\u00e1n cobertura universal para ni\u00f1os y adolescentes con c\u00e1ncer"},"content":{"rendered":"\n<p>De acuerdo con datos de la&nbsp;<a href=\"https:\/\/www.nl.gob.mx\/salud\" target=\"_blank\" rel=\"noreferrer noopener\">Secretar\u00eda de Salud de Nuevo Le\u00f3n<\/a>, el 57 por ciento de los casos de tumores s\u00f3lidos de c\u00e1ncer en ni\u00f1as y ni\u00f1os se diagnostica de forma tard\u00eda, lo que representa la principal causa de muerte en infantes de 5 a 14 a\u00f1os.<\/p>\n\n\n\n<p>Sin embargo, entre el 50 y 60 por ciento de los infantes tiene un pron\u00f3stico favorable para el resto de su vida.<\/p>\n\n\n\n<p>Ante este escenario, el Gobierno de Nuevo Le\u00f3n anunci\u00f3 el programa \u201cCobertura universal para ni\u00f1os, ni\u00f1as y adolescentes con c\u00e1ncer\u201d, que brindar\u00e1\u00a0<strong>atenci\u00f3n m\u00e9dica completa a peque\u00f1os con c\u00e1ncer<\/strong>\u00a0que particularmente no cuenten con alg\u00fan tipo de seguro social.<\/p>\n\n\n\n<p>En este proyecto, la\u00a0<a rel=\"noreferrer noopener\" href=\"http:\/\/uanl.mx\/\" target=\"_blank\">Universidad Aut\u00f3noma de Nuevo Le\u00f3n<\/a>\u00a0apoyar\u00e1 brindando atenci\u00f3n m\u00e9dica a trav\u00e9s del\u00a0<strong>Hospital Universitario \u201cDr. Jos\u00e9 Eleuterio Gonz\u00e1lez\u201d<\/strong>.<\/p>\n\n\n\n<p>\u201cNo habr\u00e1 cuota de cobro y para esta cobertura arrancaremos con un presupuesto de 230 millones de pesos, que esperemos ir incrementando\u201d, asegur\u00f3 el Mandatario estatal.<\/p>\n\n\n\n<p>La Secretaria de Salud del Nuevo Le\u00f3n, Alma Rosa Marroqu\u00edn Escamilla, explic\u00f3 que pr\u00f3ximamente&nbsp;<strong>se pondr\u00e1 a disposici\u00f3n una plataforma<\/strong>&nbsp;y se otorgar\u00e1n tel\u00e9fonos de contacto para dar informes sobre la atenci\u00f3n m\u00e9dica que se otorgar\u00e1.<\/p>\n\n\n\n<p>A este programa tambi\u00e9n se le suma el Hospital Materno Infantil y diversos centros de salud de la entidad.<\/p>\n\n\n\n<p>En el evento estuvieron presentes la titular de la oficina\u00a0<a rel=\"noreferrer noopener\" href=\"https:\/\/www.nl.gob.mx\/amaranuevoleon\" target=\"_blank\">AMAR a Nuevo Le\u00f3n<\/a>, Mariana Rodr\u00edguez Cant\u00fa, el Rector de la UANL, Santos Guzm\u00e1n L\u00f3pez, y el director del Hospital Universitario, Edelmiro P\u00e9rez Rodr\u00edguez.<\/p>\n\n\n\n<p><\/p>\n","protected":false},"excerpt":{"rendered":"<p>De acuerdo con datos de la&nbsp;Secretar\u00eda de Salud de Nuevo Le\u00f3n, el 57 por ciento de los casos de tumores&#8230;<\/p>\n","protected":false},"author":1,"featured_media":15314,"comment_status":"open","ping_status":"open","sticky":false,"template":"","format":"standard","meta":[],"categories":[7],"tags":[],"_links":{"self":[{"href":"http:\/\/freelance-mty.com\/index.php?rest_route=\/wp\/v2\/posts\/15313"}],"collection":[{"href":"http:\/\/freelance-mty.com\/index.php?rest_route=\/wp\/v2\/posts"}],"about":[{"href":"http:\/\/freelance-mty.com\/index.php?rest_route=\/wp\/v2\/types\/post"}],"author":[{"embeddable":true,"href":"http:\/\/freelance-mty.com\/index.php?rest_route=\/wp\/v2\/users\/1"}],"replies":[{"embeddable":true,"href":"http:\/\/freelance-mty.com\/index.php?rest_route=%2Fwp%2Fv2%2Fcomments&post=15313"}],"version-history":[{"count":1,"href":"http:\/\/freelance-mty.com\/index.php?rest_route=\/wp\/v2\/posts\/15313\/revisions"}],"predecessor-version":[{"id":15315,"href":"http:\/\/freelance-mty.com\/index.php?rest_route=\/wp\/v2\/posts\/15313\/revisions\/15315"}],"wp:featuredmedia":[{"embeddable":true,"href":"http:\/\/freelance-mty.com\/index.php?rest_route=\/wp\/v2\/media\/15314"}],"wp:attachment":[{"href":"http:\/\/freelance-mty.com\/index.php?rest_route=%2Fwp%2Fv2%2Fmedia&parent=15313"}],"wp:term":[{"taxonomy":"category","embeddable":true,"href":"http:\/\/freelance-mty.com\/index.php?rest_route=%2Fwp%2Fv2%2Fcategories&post=15313"},{"taxonomy":"post_tag","embeddable":true,"href":"http:\/\/freelance-mty.com\/index.php?rest_route=%2Fwp%2Fv2%2Ftags&post=15313"}],"curies":[{"name":"wp","href":"https:\/\/api.w.org\/{rel}","templated":true}]}}