{"id":15503,"date":"2021-12-15T04:25:00","date_gmt":"2021-12-15T04:25:00","guid":{"rendered":"http:\/\/freelance-mty.com\/?p=15503"},"modified":"2021-12-16T04:26:54","modified_gmt":"2021-12-16T04:26:54","slug":"firman-escobedo-y-ute-acuerdo-para-impulsar-a-estudiantes-en-area-laboral","status":"publish","type":"post","link":"http:\/\/freelance-mty.com\/?p=15503","title":{"rendered":"Firman Escobedo y UTE acuerdo para impulsar a estudiantes en \u00e1rea laboral"},"content":{"rendered":"\n<p>Con la intenci\u00f3n de brindar oportunidades laborales a estudiantes en empresas establecidas en Escobedo, el Gobierno Municipal firm\u00f3 un convenio de colaboraci\u00f3n con la Universidad Tecnol\u00f3gica General Mariano Escobedo (UTE).<\/p>\n\n\n\n<p>El documento fue signado por el Alcalde Andr\u00e9s Mijes Llovera y el Rector de la instituci\u00f3n educativa, Fernando Garza Rodr\u00edguez.<\/p>\n\n\n\n<p>Mijes Llovera explic\u00f3 que la vinculaci\u00f3n de los estudiantes ser\u00e1 a trav\u00e9s de la Secretar\u00eda de Desarrollo Econ\u00f3mico.<\/p>\n\n\n\n<p>\u201cLa idea es colaborar en la vinculaci\u00f3n con las empresas instaladas y las que se pretenden instalar, que podamos direccionarlos a trav\u00e9s de la secretar\u00eda para que la Universidad Tecnol\u00f3gica sea generadora de mano de obra\u201d.<\/p>\n\n\n\n<p>El Edil a\u00f1adi\u00f3 que otro de los objetivos es gestionar y concretar los proyectos para mejorar la movilidad de los alumnos y a su vez la calidad de la infraestructura del plantel.<\/p>\n\n\n\n<p>\u201cSe busca promover que la Universidad pueda tener mejores v\u00edas de comunicaci\u00f3n, mejores accesos para los maestros y alumnos.<br>Colaboramos para que la gente de Escobedo siempre tenga la oportunidad de estudiar, preparase y acceder a la econom\u00eda formal\u201d.<\/p>\n\n\n\n<p>Por su parte, el Rector Fernando Garza coment\u00f3 que su compromiso es continuar formando capital humano capacitado, el cual puede desarrollarse profesionalmente en la zona industrial de Escobedo.<\/p>\n\n\n\n<p>Dijo que entre las carreras m\u00e1s demandadas est\u00e1 la Ingenier\u00eda en Mecatr\u00f3nica y T\u00e9cnico Superior Universitario en Lengua Inglesa.<\/p>\n\n\n\n<p>Durante la firma estuvieron presentes el secretario de Desarrollo Econ\u00f3mico, C\u00e9sar Leija Franco; el secretario de Bienestar, Daniel Flores Carrales y el director de Fomento a la Educaci\u00f3n, Cultura y las Artes, Hugo Espiricueta S\u00e1nchez.<\/p>\n\n\n\n<p><a href=\"http:\/\/revistasentidosconvalores.com\/2021\/12\/15\/firman-escobedo-y-ute-acuerdo-para-impulsar-a-estudiantes-en-area-laboral\/\"><\/a><\/p>\n","protected":false},"excerpt":{"rendered":"<p>Con la intenci\u00f3n de brindar oportunidades laborales a estudiantes en empresas establecidas en Escobedo, el Gobierno Municipal firm\u00f3 un convenio&#8230;<\/p>\n","protected":false},"author":1,"featured_media":15504,"comment_status":"open","ping_status":"open","sticky":false,"template":"","format":"standard","meta":[],"categories":[8],"tags":[],"_links":{"self":[{"href":"http:\/\/freelance-mty.com\/index.php?rest_route=\/wp\/v2\/posts\/15503"}],"collection":[{"href":"http:\/\/freelance-mty.com\/index.php?rest_route=\/wp\/v2\/posts"}],"about":[{"href":"http:\/\/freelance-mty.com\/index.php?rest_route=\/wp\/v2\/types\/post"}],"author":[{"embeddable":true,"href":"http:\/\/freelance-mty.com\/index.php?rest_route=\/wp\/v2\/users\/1"}],"replies":[{"embeddable":true,"href":"http:\/\/freelance-mty.com\/index.php?rest_route=%2Fwp%2Fv2%2Fcomments&post=15503"}],"version-history":[{"count":1,"href":"http:\/\/freelance-mty.com\/index.php?rest_route=\/wp\/v2\/posts\/15503\/revisions"}],"predecessor-version":[{"id":15505,"href":"http:\/\/freelance-mty.com\/index.php?rest_route=\/wp\/v2\/posts\/15503\/revisions\/15505"}],"wp:featuredmedia":[{"embeddable":true,"href":"http:\/\/freelance-mty.com\/index.php?rest_route=\/wp\/v2\/media\/15504"}],"wp:attachment":[{"href":"http:\/\/freelance-mty.com\/index.php?rest_route=%2Fwp%2Fv2%2Fmedia&parent=15503"}],"wp:term":[{"taxonomy":"category","embeddable":true,"href":"http:\/\/freelance-mty.com\/index.php?rest_route=%2Fwp%2Fv2%2Fcategories&post=15503"},{"taxonomy":"post_tag","embeddable":true,"href":"http:\/\/freelance-mty.com\/index.php?rest_route=%2Fwp%2Fv2%2Ftags&post=15503"}],"curies":[{"name":"wp","href":"https:\/\/api.w.org\/{rel}","templated":true}]}}