{"id":15789,"date":"2022-01-20T05:55:00","date_gmt":"2022-01-20T05:55:00","guid":{"rendered":"http:\/\/freelance-mty.com\/?p=15789"},"modified":"2022-01-21T05:56:48","modified_gmt":"2022-01-21T05:56:48","slug":"continua-santa-con-mantenimiento-preventivo-de-vialidades","status":"publish","type":"post","link":"http:\/\/freelance-mty.com\/?p=15789","title":{"rendered":"CONTIN\u00daA SANTA CON MANTENIMIENTO PREVENTIVO DE VIALIDADES"},"content":{"rendered":"\n<p>Para beneficio de automovilistas y peatones que circulan por las diferentes vialidades de Santa Catarina, el Gobierno Municipal continu\u00f3 dando el mantenimiento preventivo a las calles y avenidas de la Ciudad.<br>Al supervisar los trabajos que realizan personal de la Secretar\u00eda de Servicios P\u00fablicos en\u00a0 diferentes puntos del municipio, el Alcalde Jes\u00fas Nava mencion\u00f3 que Santa Catarina es uno de los municipios con menos baches en el pa\u00eds, y esto es gracias al mantenimiento preventivo de las vialidades.<br>\u00a0\u201cEs un trabajo constante, Santa Catarina es una de las ciudades metropolitanas y del pa\u00eds con menos baches, y esto es porque desde un principio nos apegamos a la ley; estamos con auditor\u00edas internas para la realizaci\u00f3n de las avenidas, y posteriormente sus mantenimientos preventivos, lo que estamos haciendo no es un correctivo, es un preventivo para qu\u00e9, para no tener baches en la ciudad\u201d, dijo el Alcalde, quien estuvo acompa\u00f1ado por el Secretario de Servicios P\u00fablicos Jos\u00e9 Luis Doria.<br>Los trabajos que se realizaron en la Avenida Lucas Garc\u00eda a la altura de la Colonia Lomas Altas, son parte de un programa integral de mantenimiento que se realiza en las principales vialidades como Manuel Ord\u00f3\u00f1ez, D\u00edaz Ordaz y Morones Prieto, y tiene como objetivo beneficiar a ciudadanos, transportistas y usuarios del transporte urbano.<\/p>\n","protected":false},"excerpt":{"rendered":"<p>Para beneficio de automovilistas y peatones que circulan por las diferentes vialidades de Santa Catarina, el Gobierno Municipal continu\u00f3 dando&#8230;<\/p>\n","protected":false},"author":1,"featured_media":15790,"comment_status":"open","ping_status":"open","sticky":false,"template":"","format":"standard","meta":[],"categories":[8],"tags":[],"_links":{"self":[{"href":"http:\/\/freelance-mty.com\/index.php?rest_route=\/wp\/v2\/posts\/15789"}],"collection":[{"href":"http:\/\/freelance-mty.com\/index.php?rest_route=\/wp\/v2\/posts"}],"about":[{"href":"http:\/\/freelance-mty.com\/index.php?rest_route=\/wp\/v2\/types\/post"}],"author":[{"embeddable":true,"href":"http:\/\/freelance-mty.com\/index.php?rest_route=\/wp\/v2\/users\/1"}],"replies":[{"embeddable":true,"href":"http:\/\/freelance-mty.com\/index.php?rest_route=%2Fwp%2Fv2%2Fcomments&post=15789"}],"version-history":[{"count":1,"href":"http:\/\/freelance-mty.com\/index.php?rest_route=\/wp\/v2\/posts\/15789\/revisions"}],"predecessor-version":[{"id":15791,"href":"http:\/\/freelance-mty.com\/index.php?rest_route=\/wp\/v2\/posts\/15789\/revisions\/15791"}],"wp:featuredmedia":[{"embeddable":true,"href":"http:\/\/freelance-mty.com\/index.php?rest_route=\/wp\/v2\/media\/15790"}],"wp:attachment":[{"href":"http:\/\/freelance-mty.com\/index.php?rest_route=%2Fwp%2Fv2%2Fmedia&parent=15789"}],"wp:term":[{"taxonomy":"category","embeddable":true,"href":"http:\/\/freelance-mty.com\/index.php?rest_route=%2Fwp%2Fv2%2Fcategories&post=15789"},{"taxonomy":"post_tag","embeddable":true,"href":"http:\/\/freelance-mty.com\/index.php?rest_route=%2Fwp%2Fv2%2Ftags&post=15789"}],"curies":[{"name":"wp","href":"https:\/\/api.w.org\/{rel}","templated":true}]}}