{"id":15812,"date":"2022-01-21T07:37:00","date_gmt":"2022-01-21T07:37:00","guid":{"rendered":"http:\/\/freelance-mty.com\/?p=15812"},"modified":"2022-01-22T07:38:30","modified_gmt":"2022-01-22T07:38:30","slug":"entrega-lalo-leal-cobertores-en-comunidades-del-sur-de-nl","status":"publish","type":"post","link":"http:\/\/freelance-mty.com\/?p=15812","title":{"rendered":"Entrega Lalo Leal cobertores en comunidades del Sur de NL"},"content":{"rendered":"\n<p>Ante el descenso dr\u00e1stico de temperatura, el diputado de Acci\u00f3n Nacional, Eduardo Leal Buenfil entreg\u00f3 cobertores a diversas comunidades del Sur de Nuevo Le\u00f3n.<\/p>\n\n\n\n<p>Leal Buenfil realiz\u00f3 un recorrido por Comunidades de los Municipios de Galeana, Aramberri y Doctor Arroyo.<\/p>\n\n\n\n<p>\u201cAc\u00e1 en el Sur de Nuevo Le\u00f3n hay muchas comunidades en los cerros donde se registran temperaturas muy bajas. Por eso, antes de que se vengan las heladas vine a traerle a la gente m\u00e1s necesitada unos cobertores para mitigar el fr\u00edo\u201d, explic\u00f3 el legislador del PAN.<\/p>\n\n\n\n<p>\u201cYo no necesito que sea campa\u00f1a para ayudar a la gente, no estoy aqu\u00ed porque ande buscando votos, lo hago de coraz\u00f3n porque me nace hacerlo y porque me gusta apoyar a quien verdaderamente lo necesita\u201d, a\u00f1adi\u00f3 Eduardo Leal.<\/p>\n\n\n\n<p>El diputado albiazul resalt\u00f3 que continuar\u00e1 con este tipo de labores para ayudar a los ciudadanos m\u00e1s necesitados.<\/p>\n\n\n\n<p>\u201cAunque no sea mi obligaci\u00f3n como Diputado ni tenga en el Congreso los recursos para hacerlo, a m\u00ed no me importa ponerlo de mi bolsa porque no espero nada a cambio m\u00e1s que estas sonrisas en mi gente que me motivan a echarle cada d\u00eda m\u00e1s ganas\u201d, concluy\u00f3.<\/p>\n\n\n\n<p><a href=\"http:\/\/revistasentidosconvalores.com\/2022\/01\/21\/entrega-lalo-leal-cobertores-en-comunidades-del-sur-de-nl\/\"><\/a><\/p>\n","protected":false},"excerpt":{"rendered":"<p>Ante el descenso dr\u00e1stico de temperatura, el diputado de Acci\u00f3n Nacional, Eduardo Leal Buenfil entreg\u00f3 cobertores a diversas comunidades del&#8230;<\/p>\n","protected":false},"author":1,"featured_media":15813,"comment_status":"open","ping_status":"open","sticky":false,"template":"","format":"standard","meta":[],"categories":[7],"tags":[],"_links":{"self":[{"href":"http:\/\/freelance-mty.com\/index.php?rest_route=\/wp\/v2\/posts\/15812"}],"collection":[{"href":"http:\/\/freelance-mty.com\/index.php?rest_route=\/wp\/v2\/posts"}],"about":[{"href":"http:\/\/freelance-mty.com\/index.php?rest_route=\/wp\/v2\/types\/post"}],"author":[{"embeddable":true,"href":"http:\/\/freelance-mty.com\/index.php?rest_route=\/wp\/v2\/users\/1"}],"replies":[{"embeddable":true,"href":"http:\/\/freelance-mty.com\/index.php?rest_route=%2Fwp%2Fv2%2Fcomments&post=15812"}],"version-history":[{"count":1,"href":"http:\/\/freelance-mty.com\/index.php?rest_route=\/wp\/v2\/posts\/15812\/revisions"}],"predecessor-version":[{"id":15814,"href":"http:\/\/freelance-mty.com\/index.php?rest_route=\/wp\/v2\/posts\/15812\/revisions\/15814"}],"wp:featuredmedia":[{"embeddable":true,"href":"http:\/\/freelance-mty.com\/index.php?rest_route=\/wp\/v2\/media\/15813"}],"wp:attachment":[{"href":"http:\/\/freelance-mty.com\/index.php?rest_route=%2Fwp%2Fv2%2Fmedia&parent=15812"}],"wp:term":[{"taxonomy":"category","embeddable":true,"href":"http:\/\/freelance-mty.com\/index.php?rest_route=%2Fwp%2Fv2%2Fcategories&post=15812"},{"taxonomy":"post_tag","embeddable":true,"href":"http:\/\/freelance-mty.com\/index.php?rest_route=%2Fwp%2Fv2%2Ftags&post=15812"}],"curies":[{"name":"wp","href":"https:\/\/api.w.org\/{rel}","templated":true}]}}