{"id":1647,"date":"2018-05-04T04:45:49","date_gmt":"2018-05-04T04:45:49","guid":{"rendered":"http:\/\/freelance-mty.com\/?p=1647"},"modified":"2018-05-04T04:45:49","modified_gmt":"2018-05-04T04:45:49","slug":"convive-heriberto-trevino-cantu-con-maestros-albaniles","status":"publish","type":"post","link":"http:\/\/freelance-mty.com\/?p=1647","title":{"rendered":"CONVIVE HERIBERTO TREVI\u00d1O CANT\u00da  CON MAESTROS ALBA\u00d1ILES"},"content":{"rendered":"<p><span style=\"color: #000000;\">El candidato del PRI a la alcald\u00eda de Ju\u00e1rez Heriberto Trevi\u00f1o Cant\u00fa abri\u00f3 un espacio en su agenda para convivir con maestros alba\u00f1iles en el marco de la celebraci\u00f3n por el d\u00eda de la Santa Cruz y aprovech\u00f3 para manifestar que se les debe brindar seguridad social y mejores condiciones de vida.<\/span><\/p>\n<p><span style=\"color: #000000;\">\u00a0<\/span><\/p>\n<p><span style=\"color: #000000;\">\u201cMi reconocimiento a todas esas personas que d\u00eda a d\u00eda se esmeran y trabajan muy duro. Es un oficio al que tenemos mucho respeto porque todos alg\u00fan d\u00eda hemos necesitado a una persona que nos haga alg\u00fan trabajo de alba\u00f1iler\u00eda\u201d, expres\u00f3.<\/span><\/p>\n<p><span style=\"color: #000000;\">\u00a0<\/span><\/p>\n<p><span style=\"color: #000000;\">Trevi\u00f1o Cant\u00fa manifest\u00f3 que dentro de sus propuestas de campa\u00f1a contempla un extenso programa de obra p\u00fablica para beneficio de aquellos trabajadores de la construcci\u00f3n que viven en el municipio de Ju\u00e1rez.<\/span><\/p>\n<p><span style=\"color: #000000;\">\u00a0<\/span><\/p>\n<p><span style=\"color: #000000;\">Durante esta jornada de trabajo el abanderado tricolor acudi\u00f3 a las colonias Francisco Villa, Los Encinos, La Esperanza, H\u00e9ctor Caballero, Paseo del Prado y Vistas del R\u00edo, acompa\u00f1ado por los candidatos a Diputados Federal y Local, Carlos Barona y \u00c1lvaro Ibarra.<\/span><\/p>\n<p><span style=\"color: #000000;\">\u00a0<\/span><\/p>\n<p><span style=\"color: #000000;\">En cada sector, el aspirante pri\u00edsta destac\u00f3 su objetivo de trabajar en proyectos de educaci\u00f3n, salud y bienestar social para mujeres, adultos mayores y personas con discapacidad.<\/span><\/p>\n","protected":false},"excerpt":{"rendered":"<p>El candidato del PRI a la alcald\u00eda de Ju\u00e1rez Heriberto Trevi\u00f1o Cant\u00fa abri\u00f3 un espacio en su agenda para convivir&#8230;<\/p>\n","protected":false},"author":1,"featured_media":1648,"comment_status":"open","ping_status":"open","sticky":false,"template":"","format":"standard","meta":[],"categories":[8],"tags":[],"_links":{"self":[{"href":"http:\/\/freelance-mty.com\/index.php?rest_route=\/wp\/v2\/posts\/1647"}],"collection":[{"href":"http:\/\/freelance-mty.com\/index.php?rest_route=\/wp\/v2\/posts"}],"about":[{"href":"http:\/\/freelance-mty.com\/index.php?rest_route=\/wp\/v2\/types\/post"}],"author":[{"embeddable":true,"href":"http:\/\/freelance-mty.com\/index.php?rest_route=\/wp\/v2\/users\/1"}],"replies":[{"embeddable":true,"href":"http:\/\/freelance-mty.com\/index.php?rest_route=%2Fwp%2Fv2%2Fcomments&post=1647"}],"version-history":[{"count":1,"href":"http:\/\/freelance-mty.com\/index.php?rest_route=\/wp\/v2\/posts\/1647\/revisions"}],"predecessor-version":[{"id":1649,"href":"http:\/\/freelance-mty.com\/index.php?rest_route=\/wp\/v2\/posts\/1647\/revisions\/1649"}],"wp:featuredmedia":[{"embeddable":true,"href":"http:\/\/freelance-mty.com\/index.php?rest_route=\/wp\/v2\/media\/1648"}],"wp:attachment":[{"href":"http:\/\/freelance-mty.com\/index.php?rest_route=%2Fwp%2Fv2%2Fmedia&parent=1647"}],"wp:term":[{"taxonomy":"category","embeddable":true,"href":"http:\/\/freelance-mty.com\/index.php?rest_route=%2Fwp%2Fv2%2Fcategories&post=1647"},{"taxonomy":"post_tag","embeddable":true,"href":"http:\/\/freelance-mty.com\/index.php?rest_route=%2Fwp%2Fv2%2Ftags&post=1647"}],"curies":[{"name":"wp","href":"https:\/\/api.w.org\/{rel}","templated":true}]}}