{"id":17087,"date":"2022-04-26T04:05:00","date_gmt":"2022-04-26T04:05:00","guid":{"rendered":"http:\/\/freelance-mty.com\/?p=17087"},"modified":"2022-05-02T04:52:06","modified_gmt":"2022-05-02T04:52:06","slug":"zaragoza-primer-municipio-del-sur-de-nl-en-firmar-convenio-con-cotai","status":"publish","type":"post","link":"http:\/\/freelance-mty.com\/?p=17087","title":{"rendered":"Firma Samuel Garc\u00eda acuerdo con la Greater Houston Partnership"},"content":{"rendered":"\n<p>Para atraer mayor inversi\u00f3n extranjera y potencializar el Puente Colombia como el principal cruce fronterizo entre M\u00e9xico y Estados Unidos, el gobernador, Samuel Garc\u00eda Sep\u00falveda, firm\u00f3 un Memor\u00e1ndum de Entendimiento con la Greater Houston Partnership.<\/p>\n\n\n\n<p>Ante empresarios de la ciudad texana y Susan Davenport, Vicepresidenta s\u00e9nior y directora de Desarrollo Econ\u00f3mico de la organizaci\u00f3n, el Mandatario estatal subray\u00f3 las ventajas de invertir en Nuevo Le\u00f3n y los proyectos de movilidad que facilitar\u00e1n los traslados de mercanc\u00edas desde nuestro pa\u00eds a compa\u00f1\u00edas estadounidenses.<\/p>\n\n\n\n<p>\u201cNuevo Le\u00f3n est\u00e1 cambiando, tenemos mucho p<\/p>\n\n\n\n<p>En cuanto a la ocupaci\u00f3n hospitalaria, la dependencia, cuya titular es la doctora Alma Rosa Marroqu\u00edn, dijo que 61 enfermos permanecen internados.<\/p>\n\n\n\n<p>En relaci\u00f3n a la incidencia diaria de nuevos casos, se detall\u00f3 que 53 personas est\u00e1n contagiadas con el virus del COVID-19, con lo que ahora se contabilizan 470 mil 965 infectados.<\/p>\n\n\n\n<p>Adem\u00e1s se registraron tres decesos m\u00e1s, para sumar un total de&nbsp;16 mil 217 muertes desde que inici\u00f3 la pandemia.<\/p>\n\n\n\n<p>Sobre el caso, Waldo Fern\u00e1ndez asever\u00f3 que la situaci\u00f3n actual de inseguridad para las mujeres es lamentable e insostenible. Sobre sus familias, dijo, \u201ces inaceptable que nadie supiera acompa\u00f1arlas y entender sus demandas en apego a sus derechos\u201d.<\/p>\n\n\n\n<p>Por eso, inst\u00f3 al gobernador a que tome decisiones de Estado, no s\u00f3lo sobre el tema de la inseguridad hacia las mujeres, sino tambi\u00e9n, en la composici\u00f3n de su gabinete.<\/p>\n\n\n\n<p>El diputado adelant\u00f3 que percibe el caso de Debanhi Escobar como un \u201cpunto de quiebre\u201d para la administraci\u00f3n de Samuel Garc\u00eda y reiter\u00f3 que est\u00e1 comprometido a trabajar desde el Congreso para garantizar una vida libre de violencia para las mujeres en Nuevo Le\u00f3n.<a href=\"http:\/\/revistasentidosconvalores.com\/#facebook\" rel=\"noreferrer noopener\" target=\"_blank\">Facebook<\/a><a href=\"http:\/\/revistasentidosconvalores.com\/#twitter\" rel=\"noreferrer noopener\" target=\"_blank\">Twitter<\/a><a href=\"https:\/\/www.addtoany.com\/add_to\/google_plus?linkurl=http%3A%2F%2Frevistasentidosconvalores.com%2F2022%2F04%2F22%2Fapoya-waldo-fernandez-demanda-de-transparencia-en-caso-de-debanhi%2F&amp;linkname=Apoya%20Waldo%20Fern%C3%A1ndez%20demanda%20de%20transparencia%20en%20caso%20de%20Debanhi\" rel=\"noreferrer noopener\" target=\"_blank\"><\/a><a href=\"https:\/\/www.addtoany.com\/share#url=http%3A%2F%2Frevistasentidosconvalores.com%2F2022%2F04%2F22%2Fapoya-waldo-fernandez-demanda-de-transparencia-en-caso-de-debanhi%2F&amp;title=Apoya%20Waldo%20Fern%C3%A1ndez%20demanda%20de%20transparencia%20en%20caso%20de%20Debanhi\">Compartir<\/a><\/p>\n\n\n\n<p><a href=\"http:\/\/revistasentidosconvalores.com\/2022\/04\/22\/apoya-waldo-fernandez-demanda-de-transparencia-en-caso-de-debanhi\/\"><\/a><\/p>\n\n\n\n<p><a href=\"http:\/\/revistasentidosconvalores.com\/2022\/04\/21\/benefician-a-2-mil-con-ecoparque-para-tu-comunidad\/\"><\/a><\/p>\n\n\n\n<p>Con el dinamismo y crecimiento poblacional constante del Estado, el Poder Judicial siempre ha brindado una respuesta pronta a la demanda de servicios judiciales, traducido en la apertura de \u00f3rganos jurisdiccionales y\/o \u00e1reas de apoyo a la funci\u00f3n jurisdiccional, para hacer efectivo el derecho de acceso a la justicia y que esta sea pronta y expedita.<\/p>\n\n\n\n<p>Es por ello que, fortaleciendo la justicia familiar en el Estado, el Pleno del Consejo de la Judicatura de Nuevo Le\u00f3n acord\u00f3 la creaci\u00f3n de los juzgados Cuarto y Quinto de Juicio Familiar Oral del Tercer Distrito Judicial del Estado.<\/p>\n\n\n\n<p>La inauguraci\u00f3n oficial de los nuevos juzgados estuvo a car<\/p>\n\n\n\n<p><a href=\"http:\/\/revistasentidosconvalores.com\/2022\/04\/20\/inauguran-nuevos-juzgados-familiares-en-san-nicolas\/\"><\/a><\/p>\n\n\n\n<p>El Estado, a trav\u00e9s de la Secretar\u00eda General de Gobierno, inform\u00f3 que al corte de las 19:00 horas de este martes, se localizaron tres mujeres m\u00e1s que estaban desaparecidas.<\/p>\n\n\n\n<p>Con esta cifra, suman ya 10 mujeres ubicadas en las \u00faltimas 48 horas, dando un total de 304 mujeres localizadas.<\/p>\n\n\n\n<p>Cabe destacar que esta ma\u00f1ana en el Nuevo Le\u00f3n Informa, el gobernador, Samuel Garc\u00eda Sep\u00falveda, dio a conocer acciones y estrategias para localizar a las mujeres reportadas como desaparecidas, as\u00ed como para erradicar la violencia.<\/p>\n\n\n\n<p>Adem\u00e1s, el Mandatario estatal nombr\u00f3 a Eusebia Gonz\u00e1lez como encargada del despacho de la Secretar\u00eda de las Mujeres.<\/p>\n\n\n\n<p><a href=\"http:\/\/revistasentidosconvalores.com\/2022\/04\/19\/localiza-nl-a-3-mujeres-mas-en-las-ultimas-24-horas\/\"><\/a><\/p>\n\n\n\n<p><a href=\"http:\/\/revistasentidosconvalores.com\/2022\/04\/18\/suma-nl-nueve-dias-con-menos-de-10-intubados\/\"><\/a><\/p>\n\n\n\n<p>Al acudir a la \u201cFiesta de Pascua\u201d que se realiz\u00f3 en el Parque Tolteca, cientos de familias de Guadalupe pudieron convivir y disfrutar con las din\u00e1micas que se brindan con motivo del periodo vacacional de Semana Santa, inform\u00f3 la alcaldesa Cristina D\u00edaz.<\/p>\n\n\n\n<p>La Presidenta Municipal coment\u00f3 que luego de dos a\u00f1os de permanecer cerrados por la pandemia, y al no poder abrir las albercas por la sequ\u00eda que prevalece en la entidad, el Gobierno de Guadalupe implement\u00f3 diversas actividades alternativas para que las familias del municipio pudieran disfrutar de las vacaciones.<\/p>\n\n\n\n<p>D\u00edaz agreg\u00f3 que el espect\u00e1culo El R\u00edo Encantado, las competencias deportivas, los juegos, shows infantiles y la venta de comidas en el Mercado del Antojo continuar\u00e1n del pr\u00f3ximo viernes 22 al domingo 24 de abril.<\/p>\n\n\n\n<p>\u201cS\u00famale la sequ\u00eda, donde los ni\u00f1os no pueden estar en el chapoteadero ni en la alberca, los pap\u00e1s no pueden hacer carne asada por&nbsp; el riesgo del asador, nosotros hemos buscado din\u00e1micas diferentes desde el mediod\u00eda, para las familias que tienen peque\u00f1itos hasta en la noche como es El R\u00edo Encantado\u201d, expres\u00f3.<\/p>\n\n\n\n<p>La Fiesta de Pascua en el Parque Tolteca incluy\u00f3 una din\u00e1mica mediante la cual se colocaron 300 huevos que los ni\u00f1os buscaron y que algunos tra\u00edan premios como un vale canjeable por una bicicleta o la entrada a un parque de diversiones.<\/p>\n\n\n\n<p><a href=\"http:\/\/revistasentidosconvalores.com\/2022\/04\/17\/disfrutan-familias-domingo-de-pascua-en-guadalupe\/\"><\/a><\/p>\n\n\n\n<p><a href=\"http:\/\/revistasentidosconvalores.com\/2022\/04\/16\/quema-tigres-al-diablo-y-retoma-liderato\/\"><\/a><\/p>\n\n\n\n<p>Con el compromiso de seguir generando mejores vialidades en beneficio de la comunidad, el Gobierno de Apodaca arranc\u00f3 la ampliaci\u00f3n de la Avenida Alfonso Reyes, la cual unir\u00e1 el tri\u00e1ngulo conformado por Bulevar Humberto Ramos Lozano, Carretera Mezquital-Santa Rosa y Avenida Concordia.<\/p>\n\n\n\n<p>\u201cNo es una obra menor, es una obra que nos va a cambiar la forma en que nos comunicamos y la forma en la que nos movemos\u201d, reconoci\u00f3 el Alcalde C\u00e9sar Garza Villarreal durante el arranque del proyecto.<\/p>\n\n\n\n<p>En su mensaje a los vecinos, Garza Villarreal record\u00f3 que en los primeros tres a\u00f1os, a pesar de las dificultades del COVID, a este sector de la ciudad le prometi\u00f3 dos obras ya realizadas: la primera fue la construcci\u00f3n-ampliaci\u00f3n del Bulevar Humberto Ramos Lozano desde Rinconada (Colonial Apodaca) hasta Santa Rosa; y, posteriormente, la construcci\u00f3n del Libramiento Rub\u00e9n Garc\u00eda y Estardo Guajardo.<\/p>\n\n\n\n<p>\u201cLa obra que estamos empezando hoy va a cambiar el rumbo de este sector de nuestra ciudad en movilidad, equipamiento y en plusval\u00eda, porque la ampliaci\u00f3n de Alfonso Reyes, que iniciar\u00e1 en Valle del Salduero, unir\u00e1 el tri\u00e1ngulo conformado por Bulevar Humberto Ramos Lozano, Carretera Mezquital-Santa Rosa y Avenida Concordia\u201d, detall\u00f3 el edil apodaquense.<\/p>\n\n\n\n<p>El presidente municipal manifest\u00f3 que propuso al Cabildo que la nueva avenida, desde Las Am\u00e9ricas, tome el nombre de uno de los m\u00e1s visionarios empresarios, quien desarroll\u00f3 el primer parque industrial de Apodaca en la d\u00e9cada de los ochenta y que vino a marcar el rumbo de la ciudad, el Ingeniero Jos\u00e9 Mar\u00eda Garza Ponce.<\/p>\n\n\n\n<p>Destac\u00f3 que la inversi\u00f3n en su conjunto es de 180 millones de pesos, de los cuales el Gobierno Municipal aporta 100 millones de pesos, y las empresas Condocasa, Grupo Garza Ponce, Acre, Marfil y Fomento Urbano Empresarial dan los 80 millones de pesos restantes.<\/p>\n\n\n\n<p>Por su parte, el Secretario de Desarrollo Urbano y Obras P\u00fablicas dijo que la ampliaci\u00f3n iniciar\u00e1 en avenida Las Am\u00e9ricas hasta Concordia, en un tramo de aproximadamente 2.6 kil\u00f3metros.<\/p>\n\n\n\n<p>\u201cEntre las colonias que ser\u00e1n beneficiadas se encuentran Los Soles, Ex hacienda Santa Rosa y todas las Santa Rosas, Quinta Colonial. Comprende toda la pavimentaci\u00f3n a tres carriles de cada lado, un camell\u00f3n central a tres metros, incluyendo las banquetas para darle importancia al peat\u00f3n\u201d, se\u00f1al\u00f3 Jos\u00e9 Gerardo Garc\u00eda.<\/p>\n\n\n\n<p>Por otro lado, comprende tambi\u00e9n un puente con capacidad de m\u00e1s de 200 metros c\u00fabicos por segundo, que dar\u00e1 lo suficiente para no tener ninguna inundaci\u00f3n, adem\u00e1s de un pluvial para poder desfogar esa misma \u00e1rea.<\/p>\n\n\n\n<p>\u201cEl beneficio m\u00e1s importante de esta obra es que vendr\u00e1 a desfogar el tr\u00e1fico de Santa Rosa que actualmente tienen que pasar por la avenida Humberto Ramos para llegar a la cabecera municipal que hoy en d\u00eda se encuentra saturada. No debemos tardarnos m\u00e1s de seis meses en realizarla y tenerla lista para uso de cada uno de los habitantes de estas colonias\u201d, agreg\u00f3 el secretario.<\/p>\n\n\n\n<p><a href=\"http:\/\/revistasentidosconvalores.com\/2022\/04\/15\/arranca-apodaca-ampliacion-de-avenida-alfonso-reyes\/\"><\/a><\/p>\n\n\n\n<p>El Gobierno de Nuevo Le\u00f3n, a trav\u00e9s de la Secretar\u00eda de Cultura, se uni\u00f3 al llamado de los habitantes de Santiago para recabar ayuda en especie para los afectados, brigadistas y voluntarios que se encuentran en la zona.<\/p>\n\n\n\n<p>\u201cAnte la necesidad urgente nos solidarizamos con nuestros hermanos de Santiago y abrimos las puertas del Laboratorio Cultural Ciudadano para que sea centro de acopio oficial a donde la comunidad pueda traer sus donativos y nosotros nos encargaremos de llevarlos a su destino\u201d, afirm\u00f3 Melissa Segura Guerrero, secretaria de Cultura.<\/p>\n\n\n\n<p>La solicitud espec\u00edfica es para alimentos como at\u00fan, barras energ\u00e9ticas, galletas saladas (individual), chocolate en barra y refrescos; para art\u00edculos de higiene personal como jab\u00f3n para cuerpo, pasta y cepillo de dientes.<\/p>\n\n\n\n<p>Tambi\u00e9n se necesitan medicamentos como naproxeno, ibuprofeno, paracetamol, alcohol, vitacilina, vendas, gasas, micropore, furac\u00edn, alcohol, soluci\u00f3n para ojos irritados y b\u00e1lsamo labial.<\/p>\n\n\n\n<p>\u201cEl equipo de la secretar\u00eda apoya con la recepci\u00f3n de los donativos y las puertas de LABNL estar\u00e1n abiertas las 24 horas\u201d, se\u00f1ala la titular de la Secretar\u00eda.<\/p>\n\n\n\n<p>Tambi\u00e9n pueden llevar tus donativos a Santiago, en la Base de Protecci\u00f3n Civil, Carretera Nacional km 244, San Jos\u00e9 de Arriba, as\u00ed como en la Casa del Adulto Mayor, Obrero Textil s\/n, La Alameda, y el Centro DIF El Cercado, Jardines de la Boca #100<\/p>\n\n\n\n<p><a href=\"http:\/\/revistasentidosconvalores.com\/2022\/04\/14\/urge-ayuda-para-comunidad-de-santiago\/\"><\/a><\/p>\n\n\n\n<p>Al poner en marcha la Unidad de Control Ambiental en los alrededores del R\u00edo La Silla, la Alcaldesa de Guadalupe, Cristina D\u00edaz, refrend\u00f3 su compromiso con el cuidado del medio ambiente.<\/p>\n\n\n\n<p>Teniendo como escenario el Parque Tolteca, que posee sabinos centenarios, la Presidenta Municipal dio inicio a la UNICAM, integrada por 25 polic\u00edas de Guadalupe, capacitados en materia ambiental y cambio clim\u00e1tico.<\/p>\n\n\n\n<p>Tras persistir la sequ\u00eda que aqueja la regi\u00f3n, destac\u00f3 el cuidado de los recursos naturales y evitar da\u00f1os al medio ambiente, vigilando monumentos y \u00e1reas naturales protegidas, como el R\u00edo La Silla, en una primera fase, y posteriormente se extender\u00e1 al Cerro de la Silla y a los Arroyos Las Tinajas y Talaverna.<\/p>\n\n\n\n<p>\u201cLos polic\u00edas que integran la UNICAM fueron previamente capacitados en pol\u00edticas p\u00fablicas en materia ambiental, cambio clim\u00e1tico, por parte del personal del Centro de Educaci\u00f3n Ambiental y Sustentabilidad, de la Secretar\u00eda de Competitividad<br>Territorial y Econ\u00f3mica del municipio\u201d, subray\u00f3.<\/p>\n\n\n\n<p>La Alcaldesa puntualiz\u00f3 que en Guadalupe el cuidado de la flora y fauna es una demanda ciudadana, que acept\u00f3 como un compromiso de campa\u00f1a y que ahora cristaliza.<\/p>\n\n\n\n<p>La UNICAM, detall\u00f3, ser\u00e1 vigilante para lograr el cumplimiento del Reglamento de Justicia C\u00edvica y el Reglamento de Polic\u00eda y Buen Gobierno.<\/p>\n\n\n\n<p>Mientras que a los ciudadanos les hizo un llamado para evitar fogatas, incinerar sustancias, basura o desperdicios en lugares prohibidos, generar ruido excesivo, cortar, mutilar o da\u00f1ar flores y \u00e1rboles.<\/p>\n\n\n\n<p>\u201cPlaneamos poner un alto a las personas que utilizan el r\u00edo La Silla como si fuera un lugar de confinamiento, cuando en realidad es un don de la naturaleza para que lo podamos disfrutar\u201d, expres\u00f3.<\/p>\n\n\n\n<p>La Edil destac\u00f3 a la Secretar\u00eda de Seguridad P\u00fablica y Protecci\u00f3n Ciudadana, por su participaci\u00f3n eligiendo a oficiales por su buen desempe\u00f1o y dedicaci\u00f3n al servicio policial, para integrar la UNICAM.<\/p>\n\n\n\n<p>Acompa\u00f1aron a la Alcaldesa, el secretario del Ayuntamiento, Epigmenio Garza; el secretario de Seguridad P\u00fablica y Protecci\u00f3n Ciudadana, Jorge M\u00e1rquez; la secretaria de Competitividad Territorial y Econ\u00f3mica,<\/p>\n\n\n\n<p><a href=\"http:\/\/revistasentidosconvalores.com\/2022\/04\/13\/crean-unidad-de-control-ambiental-en-guadalupe\/\"><\/a><\/p>\n\n\n\n<p>El Gobierno de Guadalupe realiz\u00f3 el sorteo \u201cGanas porque Pagas\u201d donde participaron los contribuyentes del pago del impuesto predial realizado en los tres primeros meses del a\u00f1o y que se acogieron al Pacto por la econom\u00eda de tu hogar.<\/p>\n\n\n\n<p>Este pacto les ofreci\u00f3 descuentos hasta del 30 por ciento en las obligaciones municipales y propici\u00f3 la participaci\u00f3n de 92 mil 657 contribuyentes incluidos en el sorteo realizado este martes.<\/p>\n\n\n\n<p>Cristina D\u00edaz, alcaldesa de Guadalupe, reiter\u00f3 su compromiso de destinar el 40 por ciento de los ingresos por dicho impuesto a la rehabilitaci\u00f3n de pavimentos.<\/p>\n\n\n\n<p>\u201cSabemos que el mes de enero, es un comienzo dif\u00edcil, pero con un enorme esfuerzo y sacrificio los ciudadanos cumplidos han contribuido en los ingresos del municipio\u201d, subray\u00f3 la Alcaldesa.<\/p>\n\n\n\n<p>Dentro del Pacto por la econom\u00eda de tu hogar tambi\u00e9n est\u00e1n contemplados incentivos para empresarios y comerciantes para que regularicen su contribuci\u00f3n en catastro.<\/p>\n\n\n\n<p>Los ganadores del Sorteo \u201cGanas porque Pagas\u201d son Mateo Reyes Victoriano y Francisco Cervantes Flores, con las dos camionetas; y Luis Lauro Leal Trevi\u00f1o y Alejandro Guzm\u00e1n Tamez, son los premiados con los dos autom\u00f3viles.<\/p>\n\n\n\n<p>Tambi\u00e9n se rifaron 40 pantallas, cuyos ganadores se publica<\/p>\n\n\n\n<p><a href=\"http:\/\/revistasentidosconvalores.com\/2022\/04\/12\/realizan-sorteo-para-contribuyentes-cumplidos-de-guadalupe\/\"><\/a><\/p>\n\n\n\n<p>En un tiempo r\u00e9cord de tres meses, el Gobierno del Estado rehabilit\u00f3 el tramo carretero de 10.2 kil\u00f3metros de la Monterrey-Colombia, al concluir los trabajos de conservaci\u00f3n y mantenimiento que tuvieron una inversi\u00f3n total de 38 millones 110 mil 369 pesos.<\/p>\n\n\n\n<p>La ceremonia de inauguraci\u00f3n estuvo a cargo del gobernador, Samuel Garc\u00eda, y el titular de la Secretar\u00eda de Movilidad y Planeaci\u00f3n Urbana, Hern\u00e1n Villarreal.<\/p>\n\n\n\n<p>\u201cMe da mucho gusto pasar por una carretera que parec\u00eda que ven\u00eda flotando y quitarnos ya esa mentalidad de que no podemos ser de primer mundo en M\u00e9xico y en Nuevo Le\u00f3n\u201d, dijo Garc\u00eda.<\/p>\n\n\n\n<p>\u201cHoy en un tiempo r\u00e9cord de tres meses ya terminamos 10 kil\u00f3metros, pero tambi\u00e9n del lado de Monterrey hacia ac\u00e1, la carretera Salinas-Victoria-Colombia, tambi\u00e9n ya avanzamos como 10 kil\u00f3metros y no vamos a parar\u201d.<\/p>\n\n\n\n<p>Record\u00f3 que se comprometi\u00f3 con los alcaldes para modernizar la carretera para ayudar a los municipios de Bustamante, Villaldama, Lampazos y Salinas, para generar empleo y atraer la inversi\u00f3n de compa\u00f1\u00edas asi\u00e1ticas o europeas que buscan establecerse en zonas cercanas para comerciar con Texas.<\/p>\n\n\n\n<p>\u201cNo vamos a dejar de invertir en carreteras porque eso es muestra de futuro, de conectividad; pero lo que m\u00e1s me da gusto es que en este pa\u00eds para ver una carretera as\u00ed, te ponen una friega concesionando a 20 a\u00f1os a que sea de cuota\u201d, record\u00f3.<\/p>\n\n\n\n<p>Ello obliga a que la poblaci\u00f3n con menos recursos tenga que moverse por carreteras que dan terror, porque \u00fanicamente se invierte y se mete mano a las de cuota, porque se ven como negocio.<\/p>\n\n\n\n<p>\u201cPor eso le he dicho a Hern\u00e1n, a ver c\u00f3mo le hacemos, hasta magia, pero ni en la interserrana, ni en la Gloria-Colombia, ni en la Uno Norte van a cobrar un peso, porque para eso ya pagan impuestos\u201d, recalc\u00f3.<\/p>\n\n\n\n<p>Durante la inauguraci\u00f3n del tramo carretero, Garc\u00eda Sep\u00falveda mostr\u00f3 una imagen para evidenciar el descuido de la v\u00eda por parte de la administraci\u00f3n pasada.<\/p>\n\n\n\n<p>\u201cMiren nada m\u00e1s el desmadre que nos dej\u00f3 El Bronco, yo no me r\u00edo, me da mucho coraje, porque as\u00ed nos de<\/p>\n\n\n\n<p><a href=\"http:\/\/revistasentidosconvalores.com\/2022\/04\/11\/inaugura-samuel-tramo-rehabilitado-de-la-monterrey-colombia\/\"><\/a><\/p>\n\n\n\n<p>El Consejo Local del Instituto Nacional Electoral de Nuevo Le\u00f3n inform\u00f3 que tras una jornada donde s\u00f3lo se presentaron incidentes menores que no afectaron el desempe\u00f1o de las mesas receptoras de votos, los 12 Consejos Distritales se preparan para recibir los paquetes electorales.&nbsp;<\/p>\n\n\n\n<p>Olga Alicia Castro Ram\u00edrez, consejera presidenta del Consejo Local se\u00f1al\u00f3 que a las 18:00 horas los 12 Consejos Distritales concluyeron la sesi\u00f3n de seguimiento de la Jornada Electoral e inmediatamente despu\u00e9s se inici\u00f3 la sesi\u00f3n de c\u00f3mputo.&nbsp;<\/p>\n\n\n\n<p>Agreg\u00f3 la consejera presidenta del Consejo Local del INE, que los Consejos Distritales preparan los grupos de trabajo para realizar el c\u00f3mputo correspondiente.<\/p>\n\n\n\n<p>Asever\u00f3 que los consejos distritales cuentan con personal administrativo y han contratado t\u00e9cnicos, capturistas, validadores, Supervisores Electorales (SE) y Capacitadores Asistentes Electorales (CAE), quienes adem\u00e1s de<\/p>\n\n\n\n<p><a href=\"http:\/\/revistasentidosconvalores.com\/2022\/04\/10\/recibe-ine-paquetes-electorales-de-revocacion-de-mandato\/\"><\/a><\/p>\n\n\n\n<p>La segunda etapa de la carrera ciclista \u201cCl\u00e1sica de la Fundaci\u00f3n Apodaca\u201d 2022, Circuito Apodaca Sur, concluy\u00f3 la tarde de este s\u00e1bado con 39 ganadores, que sumar\u00e1n puntos para las premiaciones generales del domingo.<\/p>\n\n\n\n<p>Entre los victoriosos de esta etapa, destaca que 5 participantes tambi\u00e9n subieron al podio en la primera etapa. Armando Ram\u00edrez y Miguel \u00c1ngel Prado, de la categor\u00eda Juvenil C varonil; as\u00ed como Marcela Prieto, Jessica Parra y Ana Mar\u00eda Hern\u00e1ndez de la categor\u00eda de \u00c9lite Femenil Abierto.<\/p>\n\n\n\n<p>La jornada se llev\u00f3 a cabo bajo un cielo despejado, en un circuito de 45 a 60 km que atraviesa la zona sur de Apodaca, desde la Avenida Margarito Garza a Concordia, divididos en 8 categor\u00edas: Principiantes Femenil y Varonil, de 17 a\u00f1os en adelante, 40 a 49 a\u00f1os varonil, 50 a\u00f1os en adelante varonil, \u00c9lite Femenil abierta 17 a\u00f1os en adelante, con 45km; y 30 a 39 a\u00f1os varonil, Juvenil B, \u00c9lite Varonil y Juvenil C con 60km.<\/p>\n\n\n\n<p>Para la etapa 3 del domingo 10 de abril, que ser\u00e1 el final de la carrera, los participantes recorrer\u00e1n un circuito de hasta 160km, que saldr\u00e1 de la Plaza Principal de Apodaca y pasar\u00e1 por los poblados de Zuazua, Pesquer\u00eda, Mar\u00edn y Cerralvo.<\/p>\n\n\n\n<p>La etapa final ser\u00e1 tambi\u00e9n la sede de la premiaci\u00f3n general, donde los ganad<\/p>\n\n\n\n<p><a href=\"http:\/\/revistasentidosconvalores.com\/2022\/04\/09\/termina-segunda-etapa-de-clasica-de-la-fundacion-de-apodaca\/\"><\/a><\/p>\n\n\n\n<p>Con un&nbsp;total de 147 participantes, representando a 43 equipos de toda la Rep\u00fablica, dio inicio la primera etapa de la carrera ciclista Cl\u00e1sica de la Fundaci\u00f3n Apodaca 2022.<\/p>\n\n\n\n<p>En esta primera fase del evento, \u201cContra Reloj Individual\u201d, que se llev\u00f3 a cabo en el Club de Golf las Aves, fueron 15 premiados, repartidos entre las categor\u00edas Juvenil C, Femenil Abierta y Varonil \u00c9lite. Todas las categor\u00edas corrieron un circuito de 15.8 km.<\/p>\n\n\n\n<p>Los ganadores de esta primera etapa fueron, en Juvenil C, Armando Ram\u00edrez de JP Cycling, con un tiempo de 22:11; en Femenil Abierta, Jessica Parra de Patobike, con un tiempo de 22:48:06; y en \u00c9lite, Ignacio Prado de Camels 01, con un tiempo de 19:27.<\/p>\n\n\n\n<p>Durante la premiaci\u00f3n, el alcalde de Apodaca, C\u00e9sar Garza Villarreal, expres\u00f3 su agradecimiento tanto a los organizadores, como a los participantes y los deportistas internacionales Ra\u00fal Alcal\u00e1 e Ingrid Drexler, por el apoyo que presentaron para realizar este proyecto coordinado por la Secretar\u00eda de Deportes del Municipio.<\/p>\n\n\n\n<p>\u201cEstamos muy contentos de la participaci\u00f3n que hubo, no s\u00f3lo por la cantidad sino por la calidad de los competidores\u201d, afirm\u00f3 el edil antes de felicitar a los ganadores de la primera etapa.<\/p>\n\n\n\n<p>La jornada se llev\u00f3 a cabo con un saldo blanco, aunque como prevenci\u00f3n se cont\u00f3 con el apoyo de los cuerpos de Protecci\u00f3n Civil, en alerta para brindar asistencia en cualquier eventualidad.<\/p>\n\n\n\n<p>El operativo estuvo conformado por 7 unidades, incluyendo 2 ambulancias y 4 de primera respuesta. Tambi\u00e9n estuvo presente el Director de la dependencia, Alejandro Tovar, supervisando el evento.<\/p>\n\n\n\n<p>La carrera continuar\u00e1 este s\u00e1bado con la etapa 2, \u201cCircuito Apodaca Sur\u201d, a partir de las 7:30 am en el cruce de Avenida Concordia y Margarito Garza, en Huinal\u00e1; y concluir\u00e1 el domingo con la etapa 3, Ruta en L\u00ednea \u201cLos pueblos\u201d, que comenzar\u00e1 a las 7:30 am en la Plaza Principal de Apodaca, y llevar\u00e1 a los participantes en un circuito de hasta 160 km, pasando por Zuazua, Mar\u00edn, Pesquer\u00eda y Cerralvo.<\/p>\n\n\n\n<p><a href=\"http:\/\/revistasentidosconvalores.com\/2022\/04\/08\/concluye-primera-etapa-de-clasica-de-fundacion-apodaca-2022\/\"><\/a><\/p>\n\n\n\n<p>A fin de preservar el orden y garantizar el adecuado desarrollo del proceso de Revocaci\u00f3n de Mandato, en Nuevo Le\u00f3n s\u00ed habr\u00e1 Ley Seca, por lo que este fin de semana estar\u00e1 prohibida la venta de&nbsp;bebidas alcoh\u00f3licas.<\/p>\n\n\n\n<p>Dicha medida se aplicar\u00e1 a partir de las 00:00 horas del s\u00e1bado 9 de abril, hasta las 24:00 horas del domingo 10 del mismo mes, se\u00f1al\u00f3 el Gobierno del Estado en un comunicado de prensa.<\/p>\n\n\n\n<p>Lo anterior para coadyuvar con las autoridades electorales federales y garantizar que la consulta se desarrolle conforme a las normas que la establecen, adem\u00e1s de prevenir conductas que pudiesen alterar el orden p\u00fablico durante el desarrollo de la Revocaci\u00f3n de Mandato.<\/p>\n\n\n\n<p>\u201cSe comunica la prohibici\u00f3n (Ley Seca) en todo el estado de Nuevo Le\u00f3n para la venta y expendio de bebidas con contenido alcoh\u00f3lico, los pr\u00f3ximos 9 y 10 de abril del presente 2022, desde las cero horas del d\u00eda precedente al de la elecci\u00f3n y hasta las veinticuatro horas del d\u00eda de la elecci\u00f3n\u201d, detalla el escrito.<\/p>\n\n\n\n<p>A\u00f1adi\u00f3 que la vigilancia para el cumplimiento de estas medidas corresponder\u00e1 a los municipios del Estado, conforme a la normatividad aplicable.<\/p>\n\n\n\n<p><a href=\"http:\/\/revistasentidosconvalores.com\/2022\/04\/07\/si-habra-ley-seca-por-revocacion-de-mandato\/\"><\/a><\/p>\n\n\n\n<p>El gobierno municipal de Zaragoza, Nuevo Le\u00f3n firm\u00f3 hoy un convenio de colaboraci\u00f3n con la COTAI, mediante el cual se busca capacitar a los servidores p\u00fablicos municipales para que puedan atender de manera oportuna sus compromisos en materia de transparencia, rendici\u00f3n de cuentas y protecci\u00f3n de datos personales.<\/p>\n\n\n\n<p>Cabe destacar que el municipio de Zaragoza es el primero de la zona sur del estado en firmar un convenio de colaboraci\u00f3n con la Comisi\u00f3n de Transparencia y Acceso a la Informaci\u00f3n.<\/p>\n\n\n\n<p>El evento fue encabezado por la comisionada presidenta de la COTAI, Mar\u00eda Teresa Trevi\u00f1o Fern\u00e1ndez y Omar Ismael P\u00e9rez Hern\u00e1ndez, secretario de Tesorer\u00eda del municipio de Zaragoza, quien acudi\u00f3 con la representaci\u00f3n de presidente municipal, Juan Arturo Guevara Soto.<\/p>\n\n\n\n<p>En su mensaje, la Comisionada Presidenta expuso que atender las obligaciones de rendici\u00f3n de cuentas y socializar el acceso a la informaci\u00f3n se&nbsp; requiere una cantidad considerable de esfuerzos humanos y econ\u00f3micos, y gracias a la vinculaci\u00f3n institucional se han encontrado mecanismo de apoyo necesarios.<\/p>\n\n\n\n<p><a href=\"http:\/\/revistasentidosconvalores.com\/2022\/04\/06\/zaragoza-primer-municipio-del-sur-de-nl-en-firmar-convenio-con-cotai\/\"><\/a><\/p>\n","protected":false},"excerpt":{"rendered":"<p>Para atraer mayor inversi\u00f3n extranjera y potencializar el Puente Colombia como el principal cruce fronterizo entre M\u00e9xico y Estados Unidos,&#8230;<\/p>\n","protected":false},"author":1,"featured_media":0,"comment_status":"open","ping_status":"open","sticky":false,"template":"","format":"standard","meta":[],"categories":[1],"tags":[],"_links":{"self":[{"href":"http:\/\/freelance-mty.com\/index.php?rest_route=\/wp\/v2\/posts\/17087"}],"collection":[{"href":"http:\/\/freelance-mty.com\/index.php?rest_route=\/wp\/v2\/posts"}],"about":[{"href":"http:\/\/freelance-mty.com\/index.php?rest_route=\/wp\/v2\/types\/post"}],"author":[{"embeddable":true,"href":"http:\/\/freelance-mty.com\/index.php?rest_route=\/wp\/v2\/users\/1"}],"replies":[{"embeddable":true,"href":"http:\/\/freelance-mty.com\/index.php?rest_route=%2Fwp%2Fv2%2Fcomments&post=17087"}],"version-history":[{"count":19,"href":"http:\/\/freelance-mty.com\/index.php?rest_route=\/wp\/v2\/posts\/17087\/revisions"}],"predecessor-version":[{"id":17107,"href":"http:\/\/freelance-mty.com\/index.php?rest_route=\/wp\/v2\/posts\/17087\/revisions\/17107"}],"wp:attachment":[{"href":"http:\/\/freelance-mty.com\/index.php?rest_route=%2Fwp%2Fv2%2Fmedia&parent=17087"}],"wp:term":[{"taxonomy":"category","embeddable":true,"href":"http:\/\/freelance-mty.com\/index.php?rest_route=%2Fwp%2Fv2%2Fcategories&post=17087"},{"taxonomy":"post_tag","embeddable":true,"href":"http:\/\/freelance-mty.com\/index.php?rest_route=%2Fwp%2Fv2%2Ftags&post=17087"}],"curies":[{"name":"wp","href":"https:\/\/api.w.org\/{rel}","templated":true}]}}