{"id":17439,"date":"2022-06-21T20:29:32","date_gmt":"2022-06-21T20:29:32","guid":{"rendered":"http:\/\/freelance-mty.com\/?p=17439"},"modified":"2022-06-21T20:31:09","modified_gmt":"2022-06-21T20:31:09","slug":"propone-pan-juzgar-al-gobernador","status":"publish","type":"post","link":"http:\/\/freelance-mty.com\/?p=17439","title":{"rendered":"PROPONE PAN JUZGAR AL GOBERNADOR"},"content":{"rendered":"\n<p><\/p>\n\n\n\n<p>Porque el gobernador Samuel Garc\u00eda Sep\u00falveda crea \u201ccajas chinas\u201d en lugar de atender a los ciudadanos que est\u00e1n desesperados por la crisis del agua, adem\u00e1s de la inseguridad, el p\u00e9simo transporte p\u00fablico y la contaminaci\u00f3n ambiental, Diputados locales de Acci\u00f3n Nacional promovieron una reforma a la Constituci\u00f3n Pol\u00edtica del Estado para que el Ejecutivo pueda ser investigado, imputado, acusado y juzgado durante el tiempo de su encargo, a fin de que pueda ser retirado si est\u00e1 haciendo mal su trabajo.<\/p>\n\n\n\n<p>El Coordinador del Grupo Legislativo de Acci\u00f3n Nacional (GLPAN), Carlos de la Fuente Flores, acompa\u00f1ado de los Diputados albiazules Mauro Guerra Villarreal y Jes\u00fas G\u00f3mez Reyes, promovi\u00f3 una modificaci\u00f3n el art\u00edculo 106 de la Constituci\u00f3n Pol\u00edtica del Estado para que el gobernador pueda ser indagado, inculpado, denunciado y enjuiciado por traici\u00f3n a la patria, hechos de corrupci\u00f3n, delitos electorales y todos aquellos delitos por los que podr\u00eda ser juzgado cualquier persona.<\/p>\n\n\n\n<p>\u201cLa responsabilidad del gobernador por delitos cometidos durante el tiempo del cargo ser\u00e1 exigible en los t\u00e9rminos prescritos en el art\u00edculo 116 de esta Constituci\u00f3n; Lo dispuesto en este art\u00edculo es sin perjuicio de la procedencia del juicio pol\u00edtico a que se refiere el art\u00edculo 110 de esta Constituci\u00f3n\u201d, dice el escrito, en el que se plantea homologar el art\u00edculo 106 de la Constituci\u00f3n Estatal con el 108 de la Constituci\u00f3n Federal.<\/p>\n\n\n\n<p>El Coordinador de la bancada del PAN expuso que el objetivo es que si alguien est\u00e1 haciendo mal su trabajo, sea sancionado conforme a derecho, luego de un juicio que se tendr\u00eda que llevar a cabo.<\/p>\n\n\n\n<p>\u201cSi este gobernador (Samuel Garc\u00eda) u otros gobernadores el d\u00eda de ma\u00f1ana caen en alguna de estas faltas, tambi\u00e9n puedan ser enjuiciados y retirados de sus cargos, como est\u00e1 (determinada la revocaci\u00f3n de mandato en) el caso de la Presidencia de la Rep\u00fablica\u201d, se\u00f1al\u00f3.<\/p>\n\n\n\n<p>Carlos de la Fuente apunt\u00f3 que ante el desabasto de agua en la entidad y la desesperaci\u00f3n de los ciudadanos que bloquean avenidas principales de la ciudad y carreteras en la entidad, el gobernador Samuel Garc\u00eda pr\u00e1cticamente tiene a Nuevo Le\u00f3n \u201cde cabeza\u201d y en un caos, porque no ha podido encontrar una soluci\u00f3n de fondo a la peor crisis del agua en el estado, ni a las otras problem\u00e1ticas referidas.<\/p>\n\n\n\n<p>\u201cHoy tenemos un ejecutivo que est\u00e1 buscando sacar raja pol\u00edtica de todos estos temas, cuando la verdadera problem\u00e1tica est\u00e1 en la calle; vemos a la ciudadan\u00eda desesperada, en diferentes sectores por la falta del vital l\u00edquido, pero no vemos una respuesta del ejecutivo\u201d, indic\u00f3.<\/p>\n\n\n\n<p>De la Fuente Flores expuso que los Diputados del PAN est\u00e1n pr\u00e1cticamente en un conflicto con el gobernador, porque est\u00e1n defendiendo los intereses de los ciudadanos en dichos temas.<\/p>\n\n\n\n<p>\u201cTristemente la contestaci\u00f3n de parte del ejecutivo es con se\u00f1alamientos, con tratar de desprestigiarnos y no estamos de acuerdo; y la problem\u00e1tica que m\u00e1s urge (solucionar) es la del agua\u201d, subray\u00f3.<\/p>\n\n\n\n<p>Record\u00f3 que en diciembre de 2021 los Legisladores panistas manifestaron su preocupaci\u00f3n al gobernador, porque en el proyecto de Presupuesto 2022 no ven\u00eda asignado ning\u00fan recurso para la construcci\u00f3n del segundo acueducto de la Presa El Cuchillo, que era el proyecto prioritario ante la crisis del agua que ya amenazaba a la ciudadan\u00eda.<\/p>\n\n\n\n<p>\u201cEn aquel momento nos desmintieron, nos dijeron que no era necesario; ya tuvi\u00e9ramos seis meses de avance de este acueducto, la semana pasada lo anunciaron, pero todav\u00eda no vemos ni el proceso de licitaci\u00f3n; \u00bfQu\u00e9 est\u00e1 pasando con la reacci\u00f3n del ejecutivo? Necesitamos saber para cu\u00e1ndo vamos a tener una esperanza de tener el vital l\u00edquido en nuestras casas, al menos en los horarios que ellos se comprometen\u201d, enfatiz\u00f3.<\/p>\n\n\n\n<p>El Coordinador del GLPAN recalc\u00f3 que el pueblo de Nuevo Le\u00f3n vot\u00f3 por un gobernador que se hiciera responsable de todas las \u00e1reas, no que se tratar\u00e1 de \u201czafar\u201d de las problem\u00e1ticas citadas que aquejan a los ciudadanos, quienes necesitan un mandatario \u201cechado para adelante\u201d.<\/p>\n\n\n\n<p>\u201cSon bien buenos para las presentaciones de PowerPoint, le salen bruto, pero necesitamos que eso que se vio, un d\u00eda ya se est\u00e9 viendo el resultado\u201d, demand\u00f3.<\/p>\n\n\n\n<p>Carlos de la Fuente remarc\u00f3 que el gobernador est\u00e1 sacando \u201ccajas chinas\u201d con denuncias personales contra sus oponentes pol\u00edticos, para desviar la atenci\u00f3n de la crisis del vital l\u00edquido.<\/p>\n\n\n\n<p>\u201cPara que la ciudadan\u00eda est\u00e9 entretenida; ayer la problem\u00e1tica n\u00famero uno de la mitad del \u00e1rea metropolitana, era el desabasto de agua, filas de gente en las pipas, filas de gente en las plazas p\u00fablicas que tiene pozos de agua, y la nota fueron los departamentos de algunos compa\u00f1eros (panistas) en Mc Allen; la agenda de la gente es el desabasto de agua; otra vez un ataque personal (del gobernador) ante una situaci\u00f3n de una problem\u00e1tica social (de la crisis del agua) que estamos representando\u201d, puntualiz\u00f3.<\/p>\n","protected":false},"excerpt":{"rendered":"<p>Porque el gobernador Samuel Garc\u00eda Sep\u00falveda crea \u201ccajas chinas\u201d en lugar de atender a los ciudadanos que est\u00e1n desesperados por&#8230;<\/p>\n","protected":false},"author":1,"featured_media":17441,"comment_status":"open","ping_status":"open","sticky":false,"template":"","format":"standard","meta":[],"categories":[8,1],"tags":[],"_links":{"self":[{"href":"http:\/\/freelance-mty.com\/index.php?rest_route=\/wp\/v2\/posts\/17439"}],"collection":[{"href":"http:\/\/freelance-mty.com\/index.php?rest_route=\/wp\/v2\/posts"}],"about":[{"href":"http:\/\/freelance-mty.com\/index.php?rest_route=\/wp\/v2\/types\/post"}],"author":[{"embeddable":true,"href":"http:\/\/freelance-mty.com\/index.php?rest_route=\/wp\/v2\/users\/1"}],"replies":[{"embeddable":true,"href":"http:\/\/freelance-mty.com\/index.php?rest_route=%2Fwp%2Fv2%2Fcomments&post=17439"}],"version-history":[{"count":1,"href":"http:\/\/freelance-mty.com\/index.php?rest_route=\/wp\/v2\/posts\/17439\/revisions"}],"predecessor-version":[{"id":17440,"href":"http:\/\/freelance-mty.com\/index.php?rest_route=\/wp\/v2\/posts\/17439\/revisions\/17440"}],"wp:featuredmedia":[{"embeddable":true,"href":"http:\/\/freelance-mty.com\/index.php?rest_route=\/wp\/v2\/media\/17441"}],"wp:attachment":[{"href":"http:\/\/freelance-mty.com\/index.php?rest_route=%2Fwp%2Fv2%2Fmedia&parent=17439"}],"wp:term":[{"taxonomy":"category","embeddable":true,"href":"http:\/\/freelance-mty.com\/index.php?rest_route=%2Fwp%2Fv2%2Fcategories&post=17439"},{"taxonomy":"post_tag","embeddable":true,"href":"http:\/\/freelance-mty.com\/index.php?rest_route=%2Fwp%2Fv2%2Ftags&post=17439"}],"curies":[{"name":"wp","href":"https:\/\/api.w.org\/{rel}","templated":true}]}}