{"id":17477,"date":"2022-06-27T07:23:00","date_gmt":"2022-06-27T07:23:00","guid":{"rendered":"http:\/\/freelance-mty.com\/?p=17477"},"modified":"2022-06-28T07:25:09","modified_gmt":"2022-06-28T07:25:09","slug":"vacunaran-en-monterrey-a-menores-de-todo-nl","status":"publish","type":"post","link":"http:\/\/freelance-mty.com\/?p=17477","title":{"rendered":"Vacunar\u00e1n en Monterrey a menores de todo NL"},"content":{"rendered":"\n<p>Todos los menores de 12 a 17 a\u00f1os de edad de la entidad, de cualquier municipio, podr\u00e1n vacunarse contra el COVID en Monterrey, informaron autoridades federales y regiomontanas.<\/p>\n\n\n\n<p>En el primer d\u00eda de vacunaci\u00f3n se atendieron a seis mil 684 menores de Monterrey; tres mil 894 en los m\u00f3dulos de la Arena Monterrey en modalidad drive thru y peatonal, y dos mil 790 en el Macrocentro Comunitario San Bernab\u00e9.<\/p>\n\n\n\n<p>La aplicaci\u00f3n de la primera dosis para menores de 12 a 14 a\u00f1os y la primera o segunda para los de 15 a 17 de cualquier ciudad de Nuevo Le\u00f3n, continuar\u00e1 este martes y mi\u00e9rcoles en ambos lugares, en horario de 8 de la ma\u00f1ana a 4 de la tarde.<\/p>\n\n\n\n<p>Para recibir el biol\u00f3gico dise\u00f1ado para los j\u00f3venes por la farmace\u00fatica Pfizer, se debe presentar la impresi\u00f3n del registro del menor en el portal&nbsp;<a href=\"https:\/\/mivacuna.salud.gob.mx\/?fbclid=IwAR1TFxqMGqTJKW9GpXUSs_k-AXP5ZTBRdkJ5RKG40-LNr7Rr6MX489V-P2k\" target=\"_blank\" rel=\"noreferrer noopener\">https:\/\/mivacuna.salud.gob.mx<\/a><\/p>\n\n\n\n<p>De acuerdo a los organizadores de esta jornada, con el operativo vial en ambos puntos, se dio m\u00e1s agilidad al proceso, evitando aglomeraciones dentro y fuera de los m\u00f3dulos.<\/p>\n\n\n\n<p><a href=\"http:\/\/revistasentidosconvalores.com\/2022\/06\/27\/vacunaran-en-monterrey-a-menores-de-todo-nl\/\"><\/a><\/p>\n","protected":false},"excerpt":{"rendered":"<p>Todos los menores de 12 a 17 a\u00f1os de edad de la entidad, de cualquier municipio, podr\u00e1n vacunarse contra el&#8230;<\/p>\n","protected":false},"author":1,"featured_media":17478,"comment_status":"open","ping_status":"open","sticky":false,"template":"","format":"standard","meta":[],"categories":[8],"tags":[],"_links":{"self":[{"href":"http:\/\/freelance-mty.com\/index.php?rest_route=\/wp\/v2\/posts\/17477"}],"collection":[{"href":"http:\/\/freelance-mty.com\/index.php?rest_route=\/wp\/v2\/posts"}],"about":[{"href":"http:\/\/freelance-mty.com\/index.php?rest_route=\/wp\/v2\/types\/post"}],"author":[{"embeddable":true,"href":"http:\/\/freelance-mty.com\/index.php?rest_route=\/wp\/v2\/users\/1"}],"replies":[{"embeddable":true,"href":"http:\/\/freelance-mty.com\/index.php?rest_route=%2Fwp%2Fv2%2Fcomments&post=17477"}],"version-history":[{"count":1,"href":"http:\/\/freelance-mty.com\/index.php?rest_route=\/wp\/v2\/posts\/17477\/revisions"}],"predecessor-version":[{"id":17479,"href":"http:\/\/freelance-mty.com\/index.php?rest_route=\/wp\/v2\/posts\/17477\/revisions\/17479"}],"wp:featuredmedia":[{"embeddable":true,"href":"http:\/\/freelance-mty.com\/index.php?rest_route=\/wp\/v2\/media\/17478"}],"wp:attachment":[{"href":"http:\/\/freelance-mty.com\/index.php?rest_route=%2Fwp%2Fv2%2Fmedia&parent=17477"}],"wp:term":[{"taxonomy":"category","embeddable":true,"href":"http:\/\/freelance-mty.com\/index.php?rest_route=%2Fwp%2Fv2%2Fcategories&post=17477"},{"taxonomy":"post_tag","embeddable":true,"href":"http:\/\/freelance-mty.com\/index.php?rest_route=%2Fwp%2Fv2%2Ftags&post=17477"}],"curies":[{"name":"wp","href":"https:\/\/api.w.org\/{rel}","templated":true}]}}