{"id":19020,"date":"2022-08-31T05:41:00","date_gmt":"2022-08-31T05:41:00","guid":{"rendered":"http:\/\/freelance-mty.com\/?p=19020"},"modified":"2022-09-12T06:15:21","modified_gmt":"2022-09-12T06:15:21","slug":"resalta-samuel-coordinacion-y-avances-del-poder-judicial-2","status":"publish","type":"post","link":"http:\/\/freelance-mty.com\/?p=19020","title":{"rendered":"\u00a1Suma Tri otro mal resultado!"},"content":{"rendered":"\n<p id=\"m45-44-46\"><em><strong>ATLANTA, (Especial).-<\/strong><\/em>&nbsp;El volante Derlis Gonz\u00e1lez anot\u00f3 en el complemento, el portero Anthony Silva realiz\u00f3 atajadas clave y Paraguay derrot\u00f3 el mi\u00e9rcoles 1-0 a M\u00e9xico, que con un plantel alterno inici\u00f3 la fase final de su preparaci\u00f3n para el Mundial de este a\u00f1o en Qatar.<\/p>\n\n\n\n<p id=\"m50-49-51\">Gonz\u00e1lez, quien juega para el Olimpia de su pa\u00eds, aprovech\u00f3 un rebote dentro del \u00e1rea para marcar el \u00fanico tanto del encuentro a los 50.<\/p>\n\n\n\n<p id=\"m55-54-56\">Paraguay, dirigido por el argentino Guillermo Barros Schelotto, qued\u00f3 fuera de la pr\u00f3xima Copa del Mundo, pero us\u00f3 el encuentro para ir probando jugadores de cara al proceso del Mundial del 2026, que se realizar\u00e1 en M\u00e9xico, Estados Unidos y Canad\u00e1.<\/p>\n\n\n\n<p id=\"m60-59-61\">M\u00e9xico sum\u00f3 otro mal resultado, pero el entrenador argentino Gerardo Tata Martino tendr\u00e1 como consuelo que el equipo, integrado exclusivamente por jugadores de la Liga MX, dej\u00f3 buenas sensaciones, especialmente en la primera mitad.<\/p>\n\n\n\n<p id=\"m65-64-66\">Los mexicanos hab\u00edan padecido en sus partidos pasados en generaci\u00f3n de llegadas, algo que no les pas\u00f3 ante los paraguayos, quienes se llevaron el triunfo en gran medida gracias a la gran actuaci\u00f3n de Silva, que desvi\u00f3 al menos cuatro jugadas claras de gol.<\/p>\n\n\n\n<p><a href=\"http:\/\/revistasentidosconvalores.com\/2022\/08\/31\/suma-tri-otro-mal-resultado\/\"><\/a><\/p>\n\n\n\n<p>3 Museos celebrar\u00e1 la tradici\u00f3n del \u201cD\u00eda de Muertos\u201d con el concurso Catr\u00edn o Catrina 2022.&nbsp;De hueso en hueso se arm\u00f3 el festejo y convoca a las personas interesadas en participar y divertirse caracterizando a su personaje favorito de la historia de M\u00e9xico.<\/p>\n\n\n\n<p>La convocatoria est\u00e1 abierta a partir del 1 de septiembre y concluye el viernes 14 de octubre.<br>El concurso fomenta la difusi\u00f3n de las tradiciones populares y motiva el ingenio, creatividad e imaginaci\u00f3n de los participantes, quienes deber\u00e1n caracterizarse de alg\u00fan protagonista de la historia nacional, tomando como referencia los temas expuestos en el Museo de Historia Mexicana, pero al tradicional estilo del ic\u00f3nico personaje del d\u00eda de muertos: la catrina o el catr\u00edn.<\/p>\n\n\n\n<p>Podr\u00e1 participar el p\u00fablico en general en 3 categor\u00edas: Infantil (7-12 a\u00f1os); Juvenil (13- 17 a\u00f1os); y Adultos (a partir de 18 a\u00f1os), que residan en Nuevo Le\u00f3n.<\/p>\n\n\n\n<p>Para la inscripci\u00f3n es importante consultar las bases publicadas en la p\u00e1gina oficial&nbsp;<a href=\"https:\/\/www.3museos.com\/?eventos=catrin-y-catrina-2022\">https:\/\/www.3museos.com\/?eventos=catrin-y-catrina-2022<\/a>, entregar en persona su Ficha de Registro y la hoja de Dise\u00f1o y Caracterizaci\u00f3n en el \u00e1rea de Coordinaci\u00f3n Educativa y Atenci\u00f3n a Visitantes del Museo de Historia Mexicana, en un horario de 9:00 a 13:00 horas y de 14:00 a 17:00 horas, de lunes a viernes, o enviarlos al correo electr\u00f3nico&nbsp;<a href=\"mailto:llvalles@3museos.com\">llvalles@3museos.com<\/a><\/p>\n\n\n\n<p>El concurso Catr\u00edn o Catrina 2022. De hueso en hueso se arm\u00f3 el festejo se realizar\u00e1 el domingo 30 de octubre de 2022 a las 18:00 horas en la Explanada del Museo de Historia Mexicana.<\/p>\n\n\n\n<p>El participante desfilar\u00e1 por una pasarela para modelar su dise\u00f1o y ser calificado.<\/p>\n\n\n\n<p>Al terminar la pasarela el jurado emitir\u00e1 su veredicto y se premiar\u00e1 a los ganadores de cada categor\u00eda (infantil, juvenil y adultos). Los primeros lugares recibir\u00e1n una Laptop HP 240 G8; los segundos lugares, una Tablet Samsung Galaxy TAB A7 Lite; y los terceros lugares, una Tablet Lenovo Tab M8 HD.<\/p>\n\n\n\n<p>La convocatoria para participar en el concurso cierra el viernes 14 de octubre. Para m\u00e1s informaci\u00f3n podr\u00e1n enviar un correo a&nbsp;<a href=\"mailto:llvalles@3museos.com\">llvalles@3museos.com<\/a>&nbsp;o llamar al 81 2033 9898 extensi\u00f3n 126 y 161 o visita&nbsp;<a href=\"http:\/\/www.3museos.com\/\">www.3museos.com<\/a><\/p>\n\n\n\n<p><a href=\"http:\/\/revistasentidosconvalores.com\/2022\/08\/30\/convoca-3-museos-a-concurso-catrin-o-catrina-2022\/\"><\/a><\/p>\n\n\n\n<p>Por ser la mujer nuevoleonesa un factor importante en el crecimiento industrial, econ\u00f3mico, cultural y social en el estado, el gobernador, Samuel Garc\u00eda Sep\u00falveda, suscribi\u00f3 el acuerdo de los Compromisos por la Igualdad y el Bienestar de las Mujeres.<\/p>\n\n\n\n<p>Acompa\u00f1ado de Mariana Rodr\u00edguez Cant\u00fa, de AMAR a Nuevo Le\u00f3n, el Mandatario asegur\u00f3 que la grandeza de Nuevo Le\u00f3n no ser\u00eda posible sin el apoyo vital de las mujeres y que una prueba de ello, es que ahora en su Gabinete hay m\u00e1s mujeres que hombres.&nbsp;<\/p>\n\n\n\n<p>Adem\u00e1s, prioriz\u00f3 la soluci\u00f3n de tres temas para dar a las nuevoleonesas un ambiente social de paz y un espacio para desarrollar sus grandes cualidades.<\/p>\n\n\n\n<p>\u201cDe las muchas problem\u00e1ticas que tenemos que resolver urgente en M\u00e9xico, y en Nuevo Le\u00f3n no es la excepci\u00f3n, son la autonom\u00eda econ\u00f3mica, seguridad, una vida libre de violencia, cuidados de la familia y de los adultos mayores, as\u00ed como todos los cuidados que por d\u00e9cadas deben de tener las mujeres en M\u00e9xico\u201d, enfatiz\u00f3 Garc\u00eda Sep\u00falveda.<\/p>\n\n\n\n<p>El acuerdo firmado ya por otras entidades, tiene como objetivo el cumplimiento de la pol\u00edtica nacional, estatal y municipal de igualdad para el bienestar de las mujeres y ni\u00f1as, as\u00ed como en el ejercicio de sus derechos y el acceso a una vida libre de violencia.<\/p>\n\n\n\n<p><a href=\"http:\/\/revistasentidosconvalores.com\/2022\/08\/29\/firma-nl-compromisos-por-igualdad-y-bienestar-de-mujeres\/\"><\/a><\/p>\n\n\n\n<p>Agua y Drenaje de Monterrey destac\u00f3 la importancia de que quienes construyan nuevos desarrollos y edificios multifamiliares, soliciten y cumplan en tiempo y forma con el dictamen de factibilidad de agua que expide la paraestatal, documento que avala la construcci\u00f3n de instalaciones internas y externas de agua potable y drenaje sanitario, seg\u00fan la densidad de poblaci\u00f3n y la capacidad para la prestaci\u00f3n de ambos servicios.<\/p>\n\n\n\n<p>En la rueda de prensa Nuevo Le\u00f3n Informa, el director General de AyD, Juan Ignacio Barrag\u00e1n, indic\u00f3 que, hay proyectos que s\u00ed est\u00e1n cumpliendo con todas sus obligaciones tras la obtenci\u00f3n de la factibilidad del agua. Sin embargo, hay otros que est\u00e1n infringiendo la ley ya que, a pesar de haber obtenido la factibilidad, no cumplen con sus obligaciones inmobiliarias y de aportaciones, solicitaron permiso para construir cierto n\u00famero de departamentos y edificaron m\u00e1s, o simplemente no solicitaron la factibilidad y los edificios ya se encuentran habitados.<\/p>\n\n\n\n<p><a href=\"http:\/\/revistasentidosconvalores.com\/2022\/08\/24\/presenta-ayd-diagnostico-de-edificios-sin-factibilidad-de-agua\/\"><\/a><\/p>\n\n\n\n<p><a href=\"http:\/\/revistasentidosconvalores.com\/2022\/08\/23\/apoya-juarez-a-familias-con-utiles-escolares\/\"><\/a><\/p>\n\n\n\n<p>Miles de familias se vieron beneficiadas con la entrega de \u00fatiles escolares por parte de la Administraci\u00f3n del municipio de Ju\u00e1rez.&nbsp;Para supervisar la entrega de mochilas con el material escolar, el alcalde Francisco Trevi\u00f1o Cant\u00fa recorri\u00f3 los polivalentes de Villas de San Jos\u00e9, Los Puertos, Vistas del R\u00edo, San Miguelito, Monteverde y Santa M\u00f3nica, donde personal municipal cit\u00f3 a los beneficiados.&nbsp;Acompa\u00f1ado por su esposa Adriana de la Garza, directora del DIF municipal, y los diputados Julio Cant\u00fa y Heriberto Trevi\u00f1o, el Alcalde se mostr\u00f3 satisfecho por la entrega de los \u00fatiles escolares, pues fue una promesa de campa\u00f1a.&nbsp;\u201cAqu\u00ed estamos con este programa de otorgar paquetes de \u00fatiles escolares a toda la poblaci\u00f3n estudiantil de nivel b\u00e1sico: preescolar, primaria y secundaria, que es un estimado de poco m\u00e1s de 25 mil estudiantes\u201d, dijo Paco Trevi\u00f1o, \u201ces un esfuerzo para apoyar a la econom\u00eda de las familiasjuarenses.&nbsp;<\/p>\n\n\n\n<p><a href=\"http:\/\/revistasentidosconvalores.com\/2022\/08\/22\/celebra-cristina-diaz-44-aniversario-de-bomberos-de-guadalupe\/\"><\/a><\/p>\n\n\n\n<p>Con un macro simulacro de un accidente con lesionados, fue como finaliz\u00f3 el segundo curso Triage: incidentes con m\u00faltiples v\u00edctimas, impartido por Bomberos de Guadalupe en conjunto con Protecci\u00f3n Civil del Estado, as\u00ed lo inform\u00f3 la alcaldesa Cristina D\u00edaz.<\/p>\n\n\n\n<p>Cristina D\u00edaz destac\u00f3 que al simposio asistieron 230 elementos de diferentes municipios del Estado, as\u00ed como corporaciones de Nuevo Laredo y R\u00edo Bravo, Tamaulipas.<\/p>\n\n\n\n<p>Asimismo, D\u00edaz resalt\u00f3 que durante la capacitaci\u00f3n se lograron &nbsp;unificar criterios para atender lesionados en caso de accidentes donde resulten m\u00faltiples v\u00edctimas.<\/p>\n\n\n\n<p>\u201cEste simposio va a ser muy importante para que se sigan capacitando y preparando, porque ustedes son los h\u00e9roes que todos los d\u00edas salvan nuestras vidas\u201d, expres\u00f3 la Alcaldesa.<\/p>\n\n\n\n<p>El simulacro consisti\u00f3 en brindar atenci\u00f3n a 40 lesionados de un choque entre dos camiones de pasajeros y un veh\u00edculo, donde aplicaron los conocimientos de selecci\u00f3n de pacientes de acuerdo a su estado de gravedad. &nbsp;<\/p>\n\n\n\n<p>La Edil reconoci\u00f3 la labor tan importante y la sinergia entre los cuerpos de auxilio, como fue el caso reciente del incendio en el Cerro de La Silla, al cual unidades de Protecci\u00f3n Civil de otros municipios acudieron a brindar<\/p>\n\n\n\n<p><a href=\"http:\/\/revistasentidosconvalores.com\/2022\/08\/17\/capacitan-a-bomberos-y-pc-de-guadalupe-en-incidentes-multiples\/\"><\/a><\/p>\n\n\n\n<p>La autorizaci\u00f3n para firmar convenios de colaboraci\u00f3n con Agua y Drenaje y con el Cisec, as\u00ed como la realizaci\u00f3n de dos consultas p\u00fablicas para igual n\u00famero de reglamentos, aprob\u00f3 la tarde de este martes el Cabildo de Monterrey en Sesi\u00f3n Ordinaria.<\/p>\n\n\n\n<p>Para trabajar de forma conjunta por un crecimiento urbano ordenado, el Gobierno de Monterrey recibi\u00f3 hoy autorizaci\u00f3n para firmar un convenio de coordinaci\u00f3n con la paraestatal Servicios de Agua y Drenaje de Monterrey (SADM).<\/p>\n\n\n\n<p>Dicho acuerdo, avalado por unanimidad busca formalizar una mejor comunicaci\u00f3n entre ambas entidades en temas como proyecciones de crecimiento, densificaci\u00f3n estrat\u00e9gica, condiciones de infraestructura y capacidad del servicio.<\/p>\n\n\n\n<p><a href=\"http:\/\/revistasentidosconvalores.com\/2022\/08\/16\/aprueba-monterrey-convenio-de-coordinacion-con-ayd\/\"><\/a><\/p>\n\n\n\n<p>La Secretar\u00eda de Turismo de Nuevo Le\u00f3n anunci\u00f3 hoy la quinta edici\u00f3n del Festival Cielo M\u00e1gico, que se llevar\u00e1 a cabo del 28 al 30 de octubre en el municipio de Santiago.<\/p>\n\n\n\n<p>El Festival contempla la participaci\u00f3n de 50 globos aerost\u00e1ticos y diversas actividades como: talleres de arte, m\u00fasica en vivo, artes circenses y esc\u00e9nicas, tirolesas y un muro de escalada.&nbsp;<\/p>\n\n\n\n<p>Adem\u00e1s, se instalar\u00e1 un bulevar gastron\u00f3mico con m\u00e1s de 20 establecimientos de restaurantes para todos los gustos y un Corredor del Buen Beber con una amplia oferta de vinos, mezcales, mixolog\u00eda y cervezas artesanales.<\/p>\n\n\n\n<p>Acompa\u00f1ada, del alcalde de Santiago, David de la Pe\u00f1a, la secretaria de Turismo estatal, Maricarmen Mart\u00ednez, se\u00f1al\u00f3 que uno de los objetivos del Gobierno del nuevo Nuevo Le\u00f3n, es impulsar el turismo y los espect\u00e1culos que se ofrecen en cada rinc\u00f3n del estado.&nbsp;<\/p>\n\n\n\n<p>\u201cAl principio de esta Administraci\u00f3n, el gobernador Samuel Garc\u00eda me asign\u00f3 un objetivo claro, impulsar el turismo de cada rinc\u00f3n de nuestro estado\u201d, dijo.&nbsp;<\/p>\n\n\n\n<p>\u201cSomos el destino perfecto para el turismo de negocios, de los mejores espect\u00e1culos y congresos, del turismo m\u00e9dico, pero tambi\u00e9n al salir de la ciudad se encontrar\u00e1n con los bellos paisajes e incre\u00edbles actividades que ofrece Nuevo Le\u00f3n\u201d, agreg\u00f3.<\/p>\n\n\n\n<p><a href=\"http:\/\/revistasentidosconvalores.com\/2022\/08\/15\/celebraran-festival-cielo-magico-en-santiago\/\"><\/a><\/p>\n\n\n\n<p>Para escuchar a la ciudadan\u00eda nuevoleonesa y divulgar su aspiraci\u00f3n de ser el relevo del presidente Andr\u00e9s Manuel L\u00f3pez Obrador, el diputado federal del Partido del Trabajo, Gerardo Fern\u00e1ndez Noro\u00f1a, estar\u00e1 en los municipios de Monterrey y de Vallecillo.<\/p>\n\n\n\n<p>El jueves 11 de agosto, a las 19:00 horas, ofrecer\u00e1 la charla \u201cM\u00e9xico, un pa\u00eds con futuro\u201d, en el Sindicato de Telefonistas, ubicado en calle Manuel Mar\u00eda de Llano #424 del centro de Monterrey, a invitaci\u00f3n de la Asociaci\u00f3n Democr\u00e1tica Neolonesa (ADN).<\/p>\n\n\n\n<p>El viernes 12 de agosto, a las 11:00 horas, en el Centro Social de Vallecillo, participar\u00e1 en una conferencia convocada por el gobierno municipal de Vallecillo, la cual estar\u00e1 abierta a la ciudadan\u00eda y a los habitantes de los municipios vecinos.<\/p>\n\n\n\n<p><a href=\"http:\/\/revistasentidosconvalores.com\/2022\/08\/10\/estara-fernandez-norona-en-monterrey-y-vallecillo\/\"><\/a><\/p>\n\n\n\n<p>En el marco del primer aniversario luctuoso de Mar\u00eda Elena Chapa, quien fuera legisladora y activista, se ofreci\u00f3 un concierto con la participaci\u00f3n de la Brigada Sinf\u00f3nica de la Cuarta Regi\u00f3n Militar en Guadalupe.<\/p>\n\n\n\n<p>La alcaldesa Cristina D\u00edaz reconoci\u00f3 la incansable lucha por la paridad e igualdad de g\u00e9nero de Mar\u00eda Elena Chapa.<\/p>\n\n\n\n<p>Por su parte, el presidente del DIF, Tom\u00e1s Montoya, destac\u00f3 algunas de las reformas vigentes que fueron impulsadas por Mar\u00eda Elena Chapa, con el \u00fanico objetivo de alcanzar la igualdad en espacios p\u00fablicos y privados.<\/p>\n\n\n\n<p>\u201cHoy en este aniversario recordamos la vida de una gran mujer, de Mar\u00eda Elena Chapa, una luchadora social, una luchadora de los derechos humanos, una mujer que su trabajo fue incansable, todo el tiempo estuvo trabajando desde las tribunas Federal, Local y sin duda se hizo creadora al reconocimiento m\u00e1s importante que entrega el Senado a las mujeres con la presea Elvia Carrillo Puerto\u201d, dijo la Alcaldesa.<\/p>\n\n\n\n<p><a href=\"http:\/\/revistasentidosconvalores.com\/2022\/08\/09\/ofrecen-concierto-en-memoria-de-maria-elena-chapa-en-guadalupe\/\"><\/a><\/p>\n\n\n\n<p>La Universidad Aut\u00f3noma de Nuevo Le\u00f3n inici\u00f3 actividades del ciclo acad\u00e9mico agosto-diciembre de 2022 con una poblaci\u00f3n estudiantil superior a los 217 mil 500 estudiantes en sus niveles de bachillerato, licenciatura y posgrado.<\/p>\n\n\n\n<p>Luego de un par de a\u00f1os de restricciones sanitarias por la pandemia, este 8 de agosto comenz\u00f3 el ciclo escolar de manera presencial en las 29 preparatorias y 26 facultades de la UANL.<\/p>\n\n\n\n<p>El Rector de la UANL, Santos Guzm\u00e1n L\u00f3pez, encabez\u00f3 el acto de bienvenida del nuevo semestre con una visita a los salones 123 y 125 del bachillerato biling\u00fce de la Preparatoria 15 Unidad Florida.<\/p>\n\n\n\n<p>\u201cUstedes ya son ganadores por estar aqu\u00ed en esta gran preparatoria. Felicidades a ustedes y a sus padres. Ahora a echarle muchas ganas en todo y prepararse para continuar en la licenciatura\u201d, expres\u00f3 el Rector al alumnado.<\/p>\n\n\n\n<p>El Rector continu\u00f3 su recorrido en la Facultad de Enfermer\u00eda, donde visit\u00f3 las unidades de shock trauma adulto y shock trauma infantil del Centro Especializado para la Pr\u00e1ctica Avanzada del Estudiante de Enfermer\u00eda; as\u00ed como sus espacios de pediatr\u00eda hospitalaria y ginecobstetricia.<\/p>\n\n\n\n<p>\u201cGracias por empezar el semestre en la UANL y en especial en esta gran escuela que es la Facultad de Enfermer\u00eda, con los mejores indicadores del pa\u00eds. Me ha tocado visitar otras universidades y escuelas de enfermer\u00eda, ninguna se le compara\u201d, extern\u00f3 Santos Guzm\u00e1n.<\/p>\n\n\n\n<p><a href=\"http:\/\/revistasentidosconvalores.com\/2022\/08\/08\/inicia-uanl-clases-presenciales-con-mas-de-217-mil-estudiantes\/\"><\/a><\/p>\n\n\n\n<p>En conmemoraci\u00f3n de la Semana Mundial de la Lactancia Materna se realiz\u00f3 la reapertura del Lactario en el Congreso del Estado cuya instalaci\u00f3n fue promovida por la diputada de Acci\u00f3n Nacional, Itzel Castillo Almanza.<\/p>\n\n\n\n<p>En el marco de la reinauguraci\u00f3n, se llev\u00f3 a cabo una pl\u00e1tica para concientizar sobre la importancia de la leche materna a los reci\u00e9n nacidos.<\/p>\n\n\n\n<p>La conferencia fue encabezada por Mariana Villalobos, Directora de Infancia Plena y la Doctora del Congreso del Estado, Martha Delgado.&nbsp;<\/p>\n\n\n\n<p>En la pl\u00e1tica se resalt\u00f3 la importancia de la leche materna para el desarrollo del infante en sus primeros d\u00edas de vida.&nbsp;<\/p>\n\n\n\n<p>El lactario del Congreso del Estado fue inaugurado el 18 de Abril del 2016 a iniciativa de Itzel Castillo y con el objetivo de que las madres trabajadoras cuenten con un espacio en donde amamantar a sus beb\u00e9s.&nbsp;<\/p>\n\n\n\n<p><a href=\"http:\/\/revistasentidosconvalores.com\/2022\/08\/03\/realiza-congreso-del-estado-reapertura-de-lactario\/\"><\/a><\/p>\n\n\n\n<p>El director general de Agua y Drenaje de Monterrey, Juan Ignacio Barrag\u00e1n, se\u00f1al\u00f3 que gracias al trabajo coordinado que se est\u00e1 haciendo entre el Estado, la Federaci\u00f3n, municipios y la industria, la ciudad pronto contar\u00e1 con caudales adicionales del sector industrial que ser\u00e1n incorporados a la red de distribuci\u00f3n.<\/p>\n\n\n\n<p>Detall\u00f3 que se est\u00e1 trabajando para lograr un nuevo balance en el abastecimiento del vital l\u00edquido a toda el \u00e1rea metropolitana de Monterrey.<\/p>\n\n\n\n<p>En la rueda de prensa Nuevo Le\u00f3n Informa, el funcionario estatal, indic\u00f3 que se ha tenido un avance importante en el suministro del vital l\u00edquido, luego de la incorporaci\u00f3n de agua de El Chapotal, la modulaci\u00f3n de presiones y el funcionamiento al 100 por ciento del Sistema de Pozos Mina.<\/p>\n\n\n\n<p>Barrag\u00e1n Villarreal dio a conocer que la Presa La Boca opera con nor<\/p>\n\n\n\n<p><a href=\"http:\/\/revistasentidosconvalores.com\/2022\/08\/02\/incorpora-estado-mas-agua-para-suministro-de-poblacion\/\"><\/a><\/p>\n\n\n\n<p>La nueva Constituci\u00f3n, la Reforma Laboral y otras estrategias innovadoras en el plano judicial, son pruebas de la coordinaci\u00f3n de los poderes Ejecutivo, Judicial y Legislativo, as\u00ed lo se\u00f1al\u00f3 el gobernador, Samuel Garc\u00eda Sep\u00falveda, al asistir al Primer Informe de Labores del presidente del Tribunal Superior de Justicia y del Consejo de la Judicatura, Jos\u00e9 Arturo Salinas Garza.<\/p>\n\n\n\n<p>Ante la presidenta del Congreso local, Ivonne \u00c1lvarez Garc\u00eda, reiter\u00f3 que hay una amplia disposici\u00f3n para seguir esta sinergia que reafirma el liderazgo de Nuevo Le\u00f3n en la materia.<\/p>\n\n\n\n<p>Celebr\u00f3 que Salinas Garza haya emprendido la modernizaci\u00f3n de la infraestructura de impartici\u00f3n de justicia luego de una crisis social motivada por la pandemia.<\/p>\n\n\n\n<p>Por otra parte, tambi\u00e9n resalt\u00f3 que los tres poderes se concientizaron y apoyaron la creaci\u00f3n de una nueva Constituci\u00f3n.<\/p>\n\n\n\n<p><a href=\"http:\/\/revistasentidosconvalores.com\/2022\/08\/01\/resalta-samuel-coordinacion-y-avances-del-poder-judicial\/\"><\/a><\/p>\n","protected":false},"excerpt":{"rendered":"<p>ATLANTA, (Especial).-&nbsp;El volante Derlis Gonz\u00e1lez anot\u00f3 en el complemento, el portero Anthony Silva realiz\u00f3 atajadas clave y Paraguay derrot\u00f3 el&#8230;<\/p>\n","protected":false},"author":1,"featured_media":0,"comment_status":"open","ping_status":"open","sticky":false,"template":"","format":"standard","meta":[],"categories":[1],"tags":[],"_links":{"self":[{"href":"http:\/\/freelance-mty.com\/index.php?rest_route=\/wp\/v2\/posts\/19020"}],"collection":[{"href":"http:\/\/freelance-mty.com\/index.php?rest_route=\/wp\/v2\/posts"}],"about":[{"href":"http:\/\/freelance-mty.com\/index.php?rest_route=\/wp\/v2\/types\/post"}],"author":[{"embeddable":true,"href":"http:\/\/freelance-mty.com\/index.php?rest_route=\/wp\/v2\/users\/1"}],"replies":[{"embeddable":true,"href":"http:\/\/freelance-mty.com\/index.php?rest_route=%2Fwp%2Fv2%2Fcomments&post=19020"}],"version-history":[{"count":15,"href":"http:\/\/freelance-mty.com\/index.php?rest_route=\/wp\/v2\/posts\/19020\/revisions"}],"predecessor-version":[{"id":19039,"href":"http:\/\/freelance-mty.com\/index.php?rest_route=\/wp\/v2\/posts\/19020\/revisions\/19039"}],"wp:attachment":[{"href":"http:\/\/freelance-mty.com\/index.php?rest_route=%2Fwp%2Fv2%2Fmedia&parent=19020"}],"wp:term":[{"taxonomy":"category","embeddable":true,"href":"http:\/\/freelance-mty.com\/index.php?rest_route=%2Fwp%2Fv2%2Fcategories&post=19020"},{"taxonomy":"post_tag","embeddable":true,"href":"http:\/\/freelance-mty.com\/index.php?rest_route=%2Fwp%2Fv2%2Ftags&post=19020"}],"curies":[{"name":"wp","href":"https:\/\/api.w.org\/{rel}","templated":true}]}}