{"id":19091,"date":"2022-09-13T18:57:00","date_gmt":"2022-09-13T18:57:00","guid":{"rendered":"http:\/\/freelance-mty.com\/?p=19091"},"modified":"2022-09-14T06:58:38","modified_gmt":"2022-09-14T06:58:38","slug":"lanza-monterrey-reglamento-de-justicia-civica","status":"publish","type":"post","link":"http:\/\/freelance-mty.com\/?p=19091","title":{"rendered":"Lanza Monterrey Reglamento de Justicia C\u00edvica"},"content":{"rendered":"\n<p><\/p>\n\n\n\n<p>&nbsp;&nbsp; Con la finalidad de promover redes ciudadanas de cultura de paz para la conciliaci\u00f3n de conflictos, este martes el Gobierno de Monterrey aprob\u00f3 su Reglamento de Justicia C\u00edvica.<\/p>\n\n\n\n<p>&nbsp;&nbsp;&nbsp; Despu\u00e9s de meses de trabajo, y con la colaboraci\u00f3n de organizaciones no gubernamentales como Supera y Renace, y con el Consejo Metropolitano de Justicia C\u00edvica, en Sesi\u00f3n Ordinaria de Cabildo se aprob\u00f3 el Reglamento de Justicia C\u00edvica del Municipio de Monterrey.<\/p>\n\n\n\n<p>&nbsp;&nbsp;&nbsp; El objetivo de implementar este modelo, es prevenir que los conflictos escalen a actos de violencia o conductas delictivas, dar soluciones de manera \u00e1gil a las diferencias entre ciudadanos de forma transparente y eficaz, as\u00ed como mejorar la convivencia cotidiana y promover la paz y la legalidad.<\/p>\n\n\n\n<p>&nbsp;&nbsp;&nbsp;&nbsp; \u201cRepresenta una Procuraci\u00f3n de Justicia mucho m\u00e1s garantista para la gente de Monterrey, en cosas a veces tan sencillas, aparentemente tan absurdamente sencillas como faltas administrativas, donde ya el municipio tiene la carga de la prueba plenamente\u201d.<\/p>\n\n\n\n<p>&nbsp;&nbsp;&nbsp;&nbsp; \u201cLa autoridad debe de probar su dicho al momento de querer sancionar a un ciudadano y va a tener la ciudadan\u00eda un espacio donde se pueda escuchar en un tribunal de Justicia C\u00edvica para poder tener esa garant\u00eda de audiencia y de proceso que en todo momento se debe de guardar\u201d, consider\u00f3 el Presidente Municipal, Luis Donaldo Colosio Riojas.<\/p>\n\n\n\n<p>&nbsp;&nbsp;&nbsp;&nbsp;&nbsp; El Sistema estar\u00eda operando antes de finalizar el a\u00f1o y se ir\u00e1 aumentando el alcance del mismo.<\/p>\n\n\n\n<p>&nbsp;&nbsp;&nbsp;&nbsp; En la votaci\u00f3n, Regidores de distintos partidos apoyaron al nuevo Sistema de Justicia C\u00edvica de Monterrey.<\/p>\n\n\n\n<p>&nbsp;<strong>PROPUESTA<\/strong><\/p>\n\n\n\n<p>&nbsp;&nbsp;&nbsp;&nbsp; En la misma Sesi\u00f3n Colosio Riojas present\u00f3 una iniciativa para reformar el Reglamento de Vialidad y Tr\u00e1nsito, para tener un mejor orden en el transporte de carga pesada.<\/p>\n\n\n\n<p>&nbsp;&nbsp;&nbsp; \u201cSe propone fortalecer el registro digital, pero que no representa un costo por cada cami\u00f3n registrado, es una mejora regulatoria que beneficia al empresariado, pero que tambi\u00e9n invita a la corresponsabilidad de parte de este sector\u201d.<\/p>\n\n\n\n<p>&nbsp;&nbsp;&nbsp; \u201cLa sobre regulaci\u00f3n se convierte en una limitante para la comunidad emprendedora, debido a que tienen que cumplir una serie de requisitos, de requerimientos, para desarrollar su negocio y tal es el caso de la regulaci\u00f3n de la movilidad del Transporte de Carga en los municipios\u201d, explic\u00f3 el Edil en la exposici\u00f3n de motivos.<\/p>\n\n\n\n<p>&nbsp;&nbsp;&nbsp;&nbsp; Dijo que con el renovado Sistema Integral de Tr\u00e1nsito Metropolitano (Sintram) se tendr\u00e1n otras herramientas para evitar que los camiones pesados trastoquen la movilidad y que, con su propuesta, se pretende colocar a Monterrey como la ciudad n\u00famero uno para hacer negocios.<\/p>\n\n\n\n<p>&nbsp;&nbsp;&nbsp;&nbsp;&nbsp; Record\u00f3 que, en 2016, la Comisi\u00f3n Federal de Competencia Econ\u00f3mica (COFECE) le otorg\u00f3 el premio al obst\u00e1culo m\u00e1s absurdo a este permiso, argumentando que es un proceso que limita el emprendimiento en el pa\u00eds.<\/p>\n\n\n\n<p><strong>CONVENIOS<\/strong><\/p>\n\n\n\n<p>&nbsp;&nbsp;&nbsp; As\u00ed mismo, se autoriz\u00f3 firmar dos convenios de colaboraci\u00f3n: uno con el Consejo para la Planeaci\u00f3n Estrat\u00e9gica del Estado, el IMPLANC y el Municipio, para construir \u201cLa Visi\u00f3n de Monterrey 2040\u201d y otro con la Secretar\u00eda de Igualdad e Inclusi\u00f3n del Estado, para la atenci\u00f3n integral de adolescentes con comportamientos antisociales.<\/p>\n\n\n\n<p>&nbsp;&nbsp;&nbsp;&nbsp;&nbsp; El acuerdo de Planeaci\u00f3n permitir\u00e1 establecer las bases y mecanismos de colaboraci\u00f3n para el acompa\u00f1amiento en el diagn\u00f3stico, dise\u00f1o y consulta del Plan&nbsp;Estrat\u00e9gico 2040 para la ciudad de Monterrey, as\u00ed como la alineaci\u00f3n de la agenda estatal con la municipal, pero con visi\u00f3n metropolitana.<\/p>\n\n\n\n<p>&nbsp;&nbsp;&nbsp;&nbsp;&nbsp; El Convenio con la Secretar\u00eda de Igualdad de Nuevo Le\u00f3n servir\u00e1 para desarrollar procesos para atender a los j\u00f3venes mayores de 12 a\u00f1os y menores de 18, se\u00f1alados por cometer alg\u00fan delito menor que no implique la privaci\u00f3n de la libertad.<\/p>\n\n\n\n<p>&nbsp;&nbsp; En otro orden de ideas, se aprob\u00f3 efectuar la Consulta P\u00fablica para la Expedici\u00f3n<\/p>\n\n\n\n<p>del Reglamento de Mejora Regulatoria de Monterrey, por un plazo de 20 d\u00edas h\u00e1biles, a fin de homologar las atribuciones otorgadas en la legislaci\u00f3n nacional y estatal sobre el tema al municipio.<\/p>\n\n\n\n<p><strong>CONVOCATORIAS<\/strong><\/p>\n\n\n\n<p>&nbsp;&nbsp;&nbsp;&nbsp; Adem\u00e1s, se vot\u00f3 a favor de lanzar dos convocatorias para integrar igual n\u00famero de Consejos: el Consultivo Ciudadano de Movilidad y Seguridad Vial de Monterrey, y el del Sistema Municipal Anticorrupci\u00f3n.<\/p>\n\n\n\n<p>&nbsp;&nbsp;&nbsp;&nbsp; Para el Consejo Consultivo de Movilidad la&nbsp;designaci\u00f3n de los vocales ser\u00e1 con &nbsp;&nbsp;pluralidad y paridad de g\u00e9nero. Este cargo es indelegable y honor\u00edfico.<\/p>\n\n\n\n<p>&nbsp;&nbsp;&nbsp; Quienes conformen el Consejo Ciudadano Anticorrupci\u00f3n deber\u00e1n contar con&nbsp;experiencia profesional y conocimiento en temas de transparencia, rendici\u00f3n de cuentas o combate a la corrupci\u00f3n.<\/p>\n\n\n\n<p>&nbsp;&nbsp;&nbsp;&nbsp;&nbsp; Los integrantes de las Comisiones Unidas de Gobernaci\u00f3n, Reglamentaci\u00f3n y&nbsp;Mejora Regulatoria y de Anticorrupci\u00f3n, decidir\u00e1n quienes re\u00fanan el perfil requerido, para su posterior designaci\u00f3n en Sesi\u00f3n de Cabildo.<\/p>\n\n\n\n<p><strong>PRIMER INFORME<\/strong><\/p>\n\n\n\n<p>&nbsp;&nbsp;&nbsp; S\u00edndicos y Regidores votaron a favor de que el Primer Informe de Gobierno de la actual Administraci\u00f3n se lleve a cabo en Sesi\u00f3n Solemne en la Sala de Cabildo el pr\u00f3ximo 27 de septiembre a las 10:30 horas.<\/p>\n\n\n\n<p>&nbsp; &nbsp; &nbsp;En la misma fecha por la noche, el Presidente Municipal rendir\u00e1 un informe a la ciudadan\u00eda desde el Pabell\u00f3n M.<\/p>\n\n\n\n<p><strong>MONTERREY HEROICA<\/strong><\/p>\n\n\n\n<p>&nbsp;&nbsp;&nbsp; Al finalizar la Sesi\u00f3n, Colosio Riojas inform\u00f3 que la Comisi\u00f3n Nacional de Ciudades Heroicas, aval\u00f3 declarar a Monterrey como una de las 46 que ya existen, debido a la participaci\u00f3n de sus habitantes en diversas luchas armadas a lo largo de la historia. El Cabildo deber\u00e1 autorizar el nombramiento.<\/p>\n","protected":false},"excerpt":{"rendered":"<p>&nbsp;&nbsp; Con la finalidad de promover redes ciudadanas de cultura de paz para la conciliaci\u00f3n de conflictos, este martes el&#8230;<\/p>\n","protected":false},"author":1,"featured_media":19093,"comment_status":"open","ping_status":"open","sticky":false,"template":"","format":"standard","meta":[],"categories":[8,1],"tags":[],"_links":{"self":[{"href":"http:\/\/freelance-mty.com\/index.php?rest_route=\/wp\/v2\/posts\/19091"}],"collection":[{"href":"http:\/\/freelance-mty.com\/index.php?rest_route=\/wp\/v2\/posts"}],"about":[{"href":"http:\/\/freelance-mty.com\/index.php?rest_route=\/wp\/v2\/types\/post"}],"author":[{"embeddable":true,"href":"http:\/\/freelance-mty.com\/index.php?rest_route=\/wp\/v2\/users\/1"}],"replies":[{"embeddable":true,"href":"http:\/\/freelance-mty.com\/index.php?rest_route=%2Fwp%2Fv2%2Fcomments&post=19091"}],"version-history":[{"count":1,"href":"http:\/\/freelance-mty.com\/index.php?rest_route=\/wp\/v2\/posts\/19091\/revisions"}],"predecessor-version":[{"id":19092,"href":"http:\/\/freelance-mty.com\/index.php?rest_route=\/wp\/v2\/posts\/19091\/revisions\/19092"}],"wp:featuredmedia":[{"embeddable":true,"href":"http:\/\/freelance-mty.com\/index.php?rest_route=\/wp\/v2\/media\/19093"}],"wp:attachment":[{"href":"http:\/\/freelance-mty.com\/index.php?rest_route=%2Fwp%2Fv2%2Fmedia&parent=19091"}],"wp:term":[{"taxonomy":"category","embeddable":true,"href":"http:\/\/freelance-mty.com\/index.php?rest_route=%2Fwp%2Fv2%2Fcategories&post=19091"},{"taxonomy":"post_tag","embeddable":true,"href":"http:\/\/freelance-mty.com\/index.php?rest_route=%2Fwp%2Fv2%2Ftags&post=19091"}],"curies":[{"name":"wp","href":"https:\/\/api.w.org\/{rel}","templated":true}]}}