{"id":19966,"date":"2022-10-10T08:11:00","date_gmt":"2022-10-10T08:11:00","guid":{"rendered":"http:\/\/freelance-mty.com\/?p=19966"},"modified":"2022-10-10T20:16:59","modified_gmt":"2022-10-10T20:16:59","slug":"evoca-amelia-valcarcel-el-legado-de-la-activista-maria-elena-chapa","status":"publish","type":"post","link":"http:\/\/freelance-mty.com\/?p=19966","title":{"rendered":"EVOCA AMELIA VALC\u00c1RCEL EL LEGADO DE LA ACTIVISTA MAR\u00cdA ELENA CHAPA"},"content":{"rendered":"\n<p>Mar\u00eda Elena Chapa, en su lucha por acciones concretas en favor de la equidad de g\u00e9nero en M\u00e9xico, ser\u00e1 siempre recordada como una mujer que hizo con su trabajo que la sociedad mexicana progresara, afirm\u00f3 hoy la fil\u00f3sofa espa\u00f1ola Amelia Valc\u00e1rcel.<\/p>\n\n\n\n<p>Tras un emotivo homenaje frente al nicho de la Bas\u00edlica de La Pur\u00edsima en donde descansan los restos mortales de Chapa, Valc\u00e1rcel, en conjunto con familiares y amigas cercanas a la pol\u00edtica y cultura nuevoleonesa, perfil\u00f3 su feminismo y fuerte convicci\u00f3n en pro de las mujeres.<\/p>\n\n\n\n<p>\u201cMar\u00eda Elena Chapa era una de esas personas que no abundan tanto en la vida pol\u00edtica, era una persona con gran habilidad y fuertes convicciones; sab\u00eda cu\u00e1ndo avanzar, sab\u00eda cu\u00e1ndo no pod\u00eda, sab\u00eda esperar, y era una gran feminista. Y a\u00f1adir el feminismo a la democracia es perfeccionar la democracia, cuando eso queda bien atado, las sociedades progresan, se hacen m\u00e1s abiertas, m\u00e1s vivas, m\u00e1s capaces de mejorar\u201d, expres\u00f3.<\/p>\n\n\n\n<p>Dijo que de Mar\u00eda Elena Chapa se puede aprender como persona, de un sentido del humor agradable, de una capacidad de resiliencia extraordinaria.<\/p>\n\n\n\n<p>\u201cComo pol\u00edtica, M\u00e9xico ha tenido much\u00edsima suerte\u201d, dijo al referirse a Chapa, quien falleci\u00f3 el 9 de agosto del a\u00f1o pasado luego de una lucha contra el c\u00e1ncer; ella perteneci\u00f3 a una gran generaci\u00f3n de mujeres pol\u00edticas.<\/p>\n\n\n\n<p>\u201cAlgunas, muchas, eran amigas suyas: Dulce Mar\u00eda Sauri, Beatriz Paredes, Carlota Vargas, entonces, ella tiene que seguir recibiendo el honor que merece\u201d, apunt\u00f3.<\/p>\n\n\n\n<p>Mar\u00eda Elena Chapa fue la fundadora en 2003 del Instituto Estatal de las Mujeres en Nuevo Le\u00f3n y realiz\u00f3 acciones espec\u00edficas en materia de igualdad entre hombres y mujeres.<\/p>\n\n\n\n<p>Valc\u00e1rcel, invitada a la Ciudad para participar en la C\u00e1tedra Alfonso Reyes, en el marco de la Feria Internacional del Libro de Monterrey, arrib\u00f3 al templo con un arreglo compuesto por variedad de flores, entre ellas, crisantemos.<\/p>\n\n\n\n<p>Mujeres a quienes Chapa apoy\u00f3 en vida, otras unidas a ella por amistad y por convicci\u00f3n en las tareas comunes, acudieron al llamado de la familia para este homenaje; las artistas Lupina Flores y Ruth Smith, las pol\u00edticas Nora Livas y Ana Mar\u00eda Schwarz, las acad\u00e9micas Ana Laura Santamar\u00eda y L\u00eddice Ramos, Maril\u00fa Chapa, entre otras, estuvieron en esta actividad.<\/p>\n\n\n\n<p>Valc\u00e1rcel dijo que hay momentos de gran avance en las luchas que Chapa sosten\u00eda, sin embargo, duda que actualmente existan hoy generaciones comprometidas con causas de las mujeres.<\/p>\n\n\n\n<p>\u201cNo estoy segura, porque en la historia siempre hay momentos de gran avance que coinciden con personas de gran impulso y hay otros momentos m\u00e1s tranquilos y reposados donde la gente se sienta de bajo de la higuera para comerse los higos que otra gente ha sembrado.<\/p>\n\n\n\n<p>\u201cPero, lo que yo he visto que despu\u00e9s que se acaban los higos, aparece alguien que luego se ha de valorar\u201d, mencion\u00f3.<\/p>\n\n\n\n<p>\u00bfDeseamos que haya muchas Mar\u00eda Elena Chapa?<\/p>\n\n\n\n<p>\u201cTotalmente, y al final, todas ellas estar\u00e1n en la misma placa. Muchas no han nacido todav\u00eda\u201d, afirm\u00f3.<\/p>\n\n\n\n<p>En el c\u00edrculo creado espont\u00e1neamente alrededor del nicho de Chapa, Valc\u00e1rcel dijo que no \u00abquer\u00eda ser demasiado optimista\u00bb, en torno al cuestionamiento de si se va por buen camino en la lucha por los derechos de las mujeres.<\/p>\n\n\n\n<p>\u00abTodas recordamos haber nacido en un tiempo que era mucho m\u00e1s oscuro para las mujeres, que aunque alguna vez nos entre la idea de &#8216;no s\u00e9 c\u00f3mo vamos&#8217;, pero vamos bien. Despu\u00e9s de todo vamos bien y adem\u00e1s vamos en buenas compa\u00f1\u00edas (&#8230;) en eso Mar\u00eda Elena era una maestra, ella ten\u00eda una gran fuerza pol\u00edtica y no se dejaba nada desanimar\u00bb, apunt\u00f3 Valc\u00e1rcel.<\/p>\n\n\n\n<p><\/p>\n","protected":false},"excerpt":{"rendered":"<p>Mar\u00eda Elena Chapa, en su lucha por acciones concretas en favor de la equidad de g\u00e9nero en M\u00e9xico, ser\u00e1 siempre&#8230;<\/p>\n","protected":false},"author":1,"featured_media":19969,"comment_status":"open","ping_status":"open","sticky":false,"template":"","format":"standard","meta":[],"categories":[8],"tags":[],"_links":{"self":[{"href":"http:\/\/freelance-mty.com\/index.php?rest_route=\/wp\/v2\/posts\/19966"}],"collection":[{"href":"http:\/\/freelance-mty.com\/index.php?rest_route=\/wp\/v2\/posts"}],"about":[{"href":"http:\/\/freelance-mty.com\/index.php?rest_route=\/wp\/v2\/types\/post"}],"author":[{"embeddable":true,"href":"http:\/\/freelance-mty.com\/index.php?rest_route=\/wp\/v2\/users\/1"}],"replies":[{"embeddable":true,"href":"http:\/\/freelance-mty.com\/index.php?rest_route=%2Fwp%2Fv2%2Fcomments&post=19966"}],"version-history":[{"count":1,"href":"http:\/\/freelance-mty.com\/index.php?rest_route=\/wp\/v2\/posts\/19966\/revisions"}],"predecessor-version":[{"id":19967,"href":"http:\/\/freelance-mty.com\/index.php?rest_route=\/wp\/v2\/posts\/19966\/revisions\/19967"}],"wp:featuredmedia":[{"embeddable":true,"href":"http:\/\/freelance-mty.com\/index.php?rest_route=\/wp\/v2\/media\/19969"}],"wp:attachment":[{"href":"http:\/\/freelance-mty.com\/index.php?rest_route=%2Fwp%2Fv2%2Fmedia&parent=19966"}],"wp:term":[{"taxonomy":"category","embeddable":true,"href":"http:\/\/freelance-mty.com\/index.php?rest_route=%2Fwp%2Fv2%2Fcategories&post=19966"},{"taxonomy":"post_tag","embeddable":true,"href":"http:\/\/freelance-mty.com\/index.php?rest_route=%2Fwp%2Fv2%2Ftags&post=19966"}],"curies":[{"name":"wp","href":"https:\/\/api.w.org\/{rel}","templated":true}]}}