{"id":20066,"date":"2022-10-11T00:52:00","date_gmt":"2022-10-11T00:52:00","guid":{"rendered":"http:\/\/freelance-mty.com\/?p=20066"},"modified":"2022-10-12T01:04:27","modified_gmt":"2022-10-12T01:04:27","slug":"20066","status":"publish","type":"post","link":"http:\/\/freelance-mty.com\/?p=20066","title":{"rendered":"Instalar\u00e1 Monterrey su Centro de Letras, para la promoci\u00f3n de la lectura"},"content":{"rendered":"\n<p><\/p>\n\n\n\n<p><strong>&nbsp;&nbsp;&nbsp;&nbsp;<\/strong>Por primera vez en 30 a\u00f1os, el Gobierno de Monterrey participa dentro de la Feria del Libro, con un m\u00f3dulo para la promoci\u00f3n de la lectura, y anunci\u00f3 la creaci\u00f3n de un Centro de Letras en esta capital.<\/p>\n\n\n\n<p>&nbsp;&nbsp;&nbsp; El Presidente Municipal, Luis Donaldo Colosio Riojas, adelant\u00f3 el motivo de establecer dicho inmueble.<\/p>\n\n\n\n<p>&nbsp;&nbsp;&nbsp;&nbsp; \u201cPara que Monterrey siga lleno de cultura construiremos nuestro Centro de Letras, que ser\u00e1 el primer centro de extensi\u00f3n cultural especializado en letras en la ciudad de Monterrey, ah\u00ed promoveremos la lectura por placer, por ocio, por recreaci\u00f3n, por aprendizaje, para todas las personas y al mismo tiempo que generaremos un espacio para el desarrollo cultural a trav\u00e9s de talleres, foros, conferencias, c\u00edrculos de lectura y muchas actividades m\u00e1s\u201d, explic\u00f3.<\/p>\n\n\n\n<p>&nbsp; El Edil tambi\u00e9n invit\u00f3 a la comunidad a visitar la feria y en especial la casilla del municipio donde se ofrecen talleres para primera infancia, rally de juegos y muchas actividades para los menores.<\/p>\n\n\n\n<p>&nbsp;&nbsp;&nbsp;&nbsp; Adem\u00e1s, se cuenta con m\u00fasica de la Gran Orquesta de la Ciudad de Monterrey, exhibiciones deportivas, juegos de ajedrez, c\u00edrculos de lectura, conferencias de lectura, presentaciones de libros, talleres de arte, autores invitados, pl\u00e1ticas de salud mental, el proyecto \u201cNi\u00f1a consejera por un D\u00eda\u201d y la Exposici\u00f3n interactiva \u201cJugar, Contar y Escri-bujar\u201d, de Ana Fabiola Medina.<\/p>\n\n\n\n<p>&nbsp;&nbsp;&nbsp;&nbsp; Hay cuenta cuentos, loter\u00eda, construyendo huertos urbanos, teatro gui\u00f1ol, pl\u00e1ticas de educaci\u00f3n y cultura vial, cuidado del agua reciclaje, informaci\u00f3n de lugares tur\u00edsticos, libros interactivos, salud animal e higiene bucal.<\/p>\n\n\n\n<p>\u00a0\u00a0\u00a0\u00a0 \u00a0\u00a0\u00a0En el m\u00f3dulo del Gobierno de Monterrey participan las Secretar\u00edas de Desarrollo Humano e Igualdad Sustantiva, la de Desarrollo Econ\u00f3mico, la de Desarrollo <\/p>\n\n\n\n<p>Urbano, el DIF y del Instituto de la Juventud Regia (INJURE).<\/p>\n\n\n\n<p>&nbsp;&nbsp; &nbsp;&nbsp;&nbsp;&nbsp;Como se inform\u00f3, tras dos a\u00f1os en formato virtual debido a la pandemia, la Feria Internacional del Libro Monterrey regres\u00f3 en de manera h\u00edbrida, tanto presencial como virtual a Cintermex, en su trig\u00e9sima edici\u00f3n con m\u00e1s de 900 actividades culturales para todo el p\u00fablico.<\/p>\n\n\n\n<p>&nbsp;&nbsp;&nbsp; El evento es gratuito y este a\u00f1o el invitado especial es el vecino estado de Coahuila.<\/p>\n\n\n\n<p>&nbsp;&nbsp;&nbsp; Impulsada por el Tecnol\u00f3gico de Monterrey y por Consuelo S\u00e1izar, Presidenta de la Feria Internacional del Libro (FILMTY) estar\u00e1 hasta el 16 de octubre con conferencias, presentaciones de libros, novedades editoriales, lecturas y talleres.<\/p>\n\n\n\n<p>&nbsp;&nbsp;&nbsp;&nbsp; \u201cLa realidad es que tenemos una gran fortuna por tener una ciudad como Monterrey como una capital cultural tambi\u00e9n de este pa\u00eds, porque la producci\u00f3n art\u00edstica de nuestra ciudad ha aumentado a\u00f1o con a\u00f1o, d\u00e9cada tras d\u00e9cada y el d\u00eda de hoy tenemos una ampl\u00edsima oferta, una riqueza cultural sin paralelo, museos, galer\u00edas de arte, auditorios, teatros, cines, festivales de arte, festivales del libro, danza, m\u00fasica, eventos de todo tipo.<\/p>\n\n\n\n<p>&nbsp;&nbsp;&nbsp;&nbsp; \u201cTan cierto es esto que lo vemos reflejado mejor que nunca con la trig\u00e9sima Feria Internacional del Libro de Monterrey, un evento cultural \u00fanico, en donde tambi\u00e9n el d\u00eda de hoy la virtualidad se incorpora a esta feria y por primera vez nos permite tener actividades simult\u00e1neas en 40 ciudades del pa\u00eds\u201d, dijo Luis Donaldo Colosio Riojas.<\/p>\n\n\n\n<p>&nbsp;&nbsp;&nbsp; Desde 1989, la Feria del Libro es un referente para la promoci\u00f3n de la lectura, para encuentros de opiniones, conversaci\u00f3n de lectores, ofertas de libros, espacio de actividades para la infancia y la adolescencia, adem\u00e1s de encuentros de libreros, bibliotecarios y promotores de lectura, espacio de ideas y di\u00e1logo.<\/p>\n\n\n\n<p>&nbsp;&nbsp;&nbsp; Los asistentes que en su gran mayor\u00eda son j\u00f3venes, pertenecen principalmente a los estados de Coahuila, Tamaulipas y Nuevo Le\u00f3n.<\/p>\n\n\n\n<p>\u00a0\u00a0\u00a0\u00a0 Colosio Riojas particip\u00f3 el s\u00e1bado en la inauguraci\u00f3n del evento y este lunes encabez\u00f3 un di\u00e1logo con escritoras regiomontanas dentro de la feria.<\/p>\n\n\n\n<p><\/p>\n\n\n\n<p><\/p>\n\n\n\n<figure class=\"wp-block-image\"><img alt=\"\"\/><\/figure>\n","protected":false},"excerpt":{"rendered":"<p>&nbsp;&nbsp;&nbsp;&nbsp;Por primera vez en 30 a\u00f1os, el Gobierno de Monterrey participa dentro de la Feria del Libro, con un m\u00f3dulo&#8230;<\/p>\n","protected":false},"author":1,"featured_media":20069,"comment_status":"open","ping_status":"open","sticky":false,"template":"","format":"standard","meta":[],"categories":[7],"tags":[],"_links":{"self":[{"href":"http:\/\/freelance-mty.com\/index.php?rest_route=\/wp\/v2\/posts\/20066"}],"collection":[{"href":"http:\/\/freelance-mty.com\/index.php?rest_route=\/wp\/v2\/posts"}],"about":[{"href":"http:\/\/freelance-mty.com\/index.php?rest_route=\/wp\/v2\/types\/post"}],"author":[{"embeddable":true,"href":"http:\/\/freelance-mty.com\/index.php?rest_route=\/wp\/v2\/users\/1"}],"replies":[{"embeddable":true,"href":"http:\/\/freelance-mty.com\/index.php?rest_route=%2Fwp%2Fv2%2Fcomments&post=20066"}],"version-history":[{"count":3,"href":"http:\/\/freelance-mty.com\/index.php?rest_route=\/wp\/v2\/posts\/20066\/revisions"}],"predecessor-version":[{"id":20071,"href":"http:\/\/freelance-mty.com\/index.php?rest_route=\/wp\/v2\/posts\/20066\/revisions\/20071"}],"wp:featuredmedia":[{"embeddable":true,"href":"http:\/\/freelance-mty.com\/index.php?rest_route=\/wp\/v2\/media\/20069"}],"wp:attachment":[{"href":"http:\/\/freelance-mty.com\/index.php?rest_route=%2Fwp%2Fv2%2Fmedia&parent=20066"}],"wp:term":[{"taxonomy":"category","embeddable":true,"href":"http:\/\/freelance-mty.com\/index.php?rest_route=%2Fwp%2Fv2%2Fcategories&post=20066"},{"taxonomy":"post_tag","embeddable":true,"href":"http:\/\/freelance-mty.com\/index.php?rest_route=%2Fwp%2Fv2%2Ftags&post=20066"}],"curies":[{"name":"wp","href":"https:\/\/api.w.org\/{rel}","templated":true}]}}