{"id":20173,"date":"2022-10-12T16:23:00","date_gmt":"2022-10-12T16:23:00","guid":{"rendered":"http:\/\/freelance-mty.com\/?p=20173"},"modified":"2022-10-13T04:31:43","modified_gmt":"2022-10-13T04:31:43","slug":"20173","status":"publish","type":"post","link":"http:\/\/freelance-mty.com\/?p=20173","title":{"rendered":"Inaugura Colosio exposici\u00f3n Van Gogh: The Immersive Experience"},"content":{"rendered":"\n<p><\/p>\n\n\n\n<p>&nbsp;&nbsp;&nbsp;&nbsp;&nbsp;Con una gala y alfombra roja, adem\u00e1s de la presencia de invitados especiales entre l\u00edderes de opini\u00f3n, autoridades, diplom\u00e1ticos y representantes de la academia, el Presidente Municipal de Monterrey, Luis Donaldo Colosio Riojas, inaugur\u00f3 este mi\u00e9rcoles la muestra internacional Van Gogh: The Immersive Experience.<\/p>\n\n\n\n<p>&nbsp;&nbsp;&nbsp;&nbsp; El Mun\u00edcipe, en compa\u00f1\u00eda de su esposa y Presidenta del DIF de Monterrey, Mar\u00eda de la Luz Garc\u00eda Luna, y de Mariana Rodr\u00edguez, Titular de la oficina Amar a Nuevo Le\u00f3n, encabezaron el acto protocolario con el que inicia en esta ciudad, la exposici\u00f3n m\u00e1s exitosa de los \u00faltimos a\u00f1os en el mundo.<\/p>\n\n\n\n<p>&nbsp;&nbsp;&nbsp;&nbsp; Colosio se refiri\u00f3 al artista como de los pintores m\u00e1s populares, genial e incomprendido de su tiempo.<\/p>\n\n\n\n<p>\u201cLo m\u00e1s fant\u00e1stico de su arte no solo es el extraordinario manejo de la paleta de color, sino la habilidad de transformar esa juventud atormentada en algo extraordinario, hermoso, que mostraba lo m\u00e1s maravilloso de la esencia natural de nuestro mundo\u201d.<\/p>\n\n\n\n<p>&nbsp; &nbsp;&nbsp;\u201cPorque el poder proyectar miseria o tristeza, es m\u00e1s sencillo; el transformar esa miseria y tristeza en algo hermoso es una cualidad que pocos hab\u00edan logrado hasta la fecha y que quiz\u00e1s pocos han podido lograr desde entonces\u201d, reconoci\u00f3 el Edil en su mensaje de bienvenida.<\/p>\n\n\n\n<p>&nbsp;&nbsp;&nbsp;&nbsp; En el \u201ccubo central\u201d del Palacio de Monterrey, se construy\u00f3 la sede que alberga la muestra virtual que ha recorrido tres continentes y que han visitado al menos seis millones de personas.<\/p>\n\n\n\n<p>&nbsp;&nbsp;&nbsp;&nbsp; No obstante, es en esta ciudad donde se instal\u00f3 la sala inmersiva m\u00e1s alta de todas las que se han hecho hasta el momento, adem\u00e1s de que se mont\u00f3 de la forma m\u00e1s apegada al dise\u00f1o de la empresa europea poseedora de los derechos de esta \u00fanica experiencia.<\/p>\n\n\n\n<p>&nbsp;&nbsp;&nbsp;&nbsp; &nbsp;&nbsp;&nbsp;&nbsp;&nbsp;La Secretar\u00eda de Desarrollo Humano e Igualdad Sustantiva municipal, a trav\u00e9s de la Direcci\u00f3n de Cultura, con el apoyo de la Secretar\u00eda de Desarrollo Econ\u00f3mico y la Direcci\u00f3n de Turismo, lograron traer esta exhibici\u00f3n, como parte de los esfuerzos de esta Administraci\u00f3n por promover el arte y la cultura.<\/p>\n\n\n\n<p>&nbsp;&nbsp;&nbsp;&nbsp; Con una narraci\u00f3n multimedia, y tecnolog\u00eda de punta, se puede conocer la vida y obra del genio art\u00edstico post impresionista, nacido en Holanda Vincent Van Gogh.<\/p>\n\n\n\n<p>&nbsp;&nbsp; &nbsp; &nbsp;La proyecci\u00f3n perimetral de 360 grados y sonido envolvente, adentra a los visitantes a los paisajes que inspiraron al pintor para crear obras como La Noche Estrellada, Lirios y Los Girasoles, entre muchas otras.<\/p>\n\n\n\n<p>&nbsp;&nbsp;&nbsp; Los asistentes a la gala de esta noche, fueron los primeros testigos en la ciudad, de las sensaciones que provoca Van Gogh: The Immersive Experience.<\/p>\n\n\n\n<p>&nbsp;&nbsp;&nbsp;&nbsp; Observar su rostro de frente, descubrir la evoluci\u00f3n de sus pinceladas, visitar el dormitorio en Arl\u00e9s, tocar, reflexionar, o\u00edr y relajarse con sus obras en la sala inmersiva, adem\u00e1s de sumergirse a su arte a trav\u00e9s de la realidad virtual son algunas de las experiencias de la muestra origina, que por primera vez visita Nuevo Le\u00f3n.<\/p>\n\n\n\n<p>&nbsp;&nbsp;&nbsp;&nbsp; The Immersive Experience estar\u00e1 en Monterrey una corta temporada y es para toda la familia, con acceso desde $265.00, en un horario de 9:00 de la ma\u00f1ana a 9:00 de la noche, de lunes a domingo.<\/p>\n\n\n\n<p>&nbsp;&nbsp;&nbsp; Y como parte del compromiso del municipio con las infancias y juventudes, durante las ma\u00f1anas entre semana, se llevar\u00e1 a cabo un programa de visitas guiadas para estudiantes.<\/p>\n\n\n\n<p>&nbsp;&nbsp;&nbsp;&nbsp;&nbsp; Al momento, m\u00e1s de 30 escuelas, (mil 500 estudiantes), est\u00e1n registradas para las visitas que comenzar\u00e1n el lunes 17 de octubre.<\/p>\n\n\n\n<p>&nbsp;&nbsp;&nbsp;&nbsp;&nbsp; La convocatoria sigue abierta para que los grupos escolares puedan visitar sin costo, la exposici\u00f3n.<\/p>\n\n\n\n<p>&nbsp;&nbsp;&nbsp;&nbsp;&nbsp; Este es un esfuerzo del municipio por acercar y asegurar la accesibilidad de la oferta cultural a ni\u00f1os y j\u00f3venes, a trav\u00e9s de actividades extracurriculares que fomenten su desarrollo integral y generen inter\u00e9s en las expresiones art\u00edsticas.&nbsp;<\/p>\n\n\n\n<p>&nbsp;&nbsp;&nbsp;&nbsp;&nbsp; El registro para los planteles de Monterrey interesados en vivir la experiencia se realiza a trav\u00e9s de la p\u00e1gina:&nbsp;<a rel=\"noreferrer noopener\" target=\"_blank\" href=\"http:\/\/vangoghmty.youcanbook.me\">vangoghmty.youcanbook.me<\/a>&nbsp;o al tel\u00e9fono 8151028567 de la Direcci\u00f3n de Educaci\u00f3n de la Secretar\u00eda de Desarrollo Humano e Igualdad Sustantiva.&nbsp;<\/p>\n","protected":false},"excerpt":{"rendered":"<p>&nbsp;&nbsp;&nbsp;&nbsp;&nbsp;Con una gala y alfombra roja, adem\u00e1s de la presencia de invitados especiales entre l\u00edderes de opini\u00f3n, autoridades, diplom\u00e1ticos y&#8230;<\/p>\n","protected":false},"author":1,"featured_media":20176,"comment_status":"open","ping_status":"open","sticky":false,"template":"","format":"standard","meta":[],"categories":[8],"tags":[],"_links":{"self":[{"href":"http:\/\/freelance-mty.com\/index.php?rest_route=\/wp\/v2\/posts\/20173"}],"collection":[{"href":"http:\/\/freelance-mty.com\/index.php?rest_route=\/wp\/v2\/posts"}],"about":[{"href":"http:\/\/freelance-mty.com\/index.php?rest_route=\/wp\/v2\/types\/post"}],"author":[{"embeddable":true,"href":"http:\/\/freelance-mty.com\/index.php?rest_route=\/wp\/v2\/users\/1"}],"replies":[{"embeddable":true,"href":"http:\/\/freelance-mty.com\/index.php?rest_route=%2Fwp%2Fv2%2Fcomments&post=20173"}],"version-history":[{"count":2,"href":"http:\/\/freelance-mty.com\/index.php?rest_route=\/wp\/v2\/posts\/20173\/revisions"}],"predecessor-version":[{"id":20177,"href":"http:\/\/freelance-mty.com\/index.php?rest_route=\/wp\/v2\/posts\/20173\/revisions\/20177"}],"wp:featuredmedia":[{"embeddable":true,"href":"http:\/\/freelance-mty.com\/index.php?rest_route=\/wp\/v2\/media\/20176"}],"wp:attachment":[{"href":"http:\/\/freelance-mty.com\/index.php?rest_route=%2Fwp%2Fv2%2Fmedia&parent=20173"}],"wp:term":[{"taxonomy":"category","embeddable":true,"href":"http:\/\/freelance-mty.com\/index.php?rest_route=%2Fwp%2Fv2%2Fcategories&post=20173"},{"taxonomy":"post_tag","embeddable":true,"href":"http:\/\/freelance-mty.com\/index.php?rest_route=%2Fwp%2Fv2%2Ftags&post=20173"}],"curies":[{"name":"wp","href":"https:\/\/api.w.org\/{rel}","templated":true}]}}