{"id":21112,"date":"2022-11-23T06:35:20","date_gmt":"2022-11-23T06:35:20","guid":{"rendered":"http:\/\/freelance-mty.com\/?p=21112"},"modified":"2022-11-23T06:38:58","modified_gmt":"2022-11-23T06:38:58","slug":"amplia-dif-de-juarez-red-de-guarderias","status":"publish","type":"post","link":"http:\/\/freelance-mty.com\/?p=21112","title":{"rendered":"AMPL\u00cdA DIF DE JU\u00c1REZ RED DE GUARDER\u00cdAS"},"content":{"rendered":"\n<p><strong><br><\/strong>Para apoyar a las madres de familia que salen a trabajar y necesitan dejar a sus ni\u00f1os en buen resguardo, la Administraci\u00f3n del Alcalde Francisco Trevi\u00f1o Cant\u00fa abri\u00f3 una nueva estancia infantil en la zona norte del municipio de Ju\u00e1rez.<br>En compa\u00f1\u00eda de su esposa y Presidenta del DIF, Adriana de la Garza, adem\u00e1s de otros funcionarios municipales, el Alcalde encabez\u00f3 el corte de list\u00f3n para inaugurar en la Colonia Anzures la primera guarder\u00eda de su Administraci\u00f3n, la cual se suma a las cinco ya existentes.<br>Adem\u00e1s anunci\u00f3 que el pr\u00f3ximo a\u00f1o se dar\u00e1 inicio a la construcci\u00f3n de otra estancia infantil en la zona sur del municipio.<br>\u00abHoy estamos muy contentos de que se est\u00e9 abriendo la primera guarder\u00eda en esta Administraci\u00f3n&#8230; Ya operan algunas otras en el municipio, y hoy ya se viene a incorporar \u00e9sta aqu\u00ed en (la Colonia) Anzures Tercer Sector\u00bb, expres\u00f3 Paco Trevi\u00f1o.<br>Inform\u00f3 que la nueva estancia tiene capacidad para 50 ni\u00f1os, y al abrir sus puertas este martes ya ten\u00edan inscritos a 30 menores, que estar\u00e1n bajo el cuidado de personal del DIF altamente calificado.<br>\u00abAqu\u00ed se cuenta con personal bien capacitado y certificado para el cuidado de los menores. Los padres de familia deben estar tranquilos de dejar aqu\u00ed a sus hijos\u00bb, dijo el Alcalde.<br>Adriana de la Garza, Presidenta del DIF municipal, se comprometi\u00f3 ante las madres de familia presentes en el evento, a que ella personalmente se encargar\u00eda de supervisar que los ni\u00f1os en este lugar reciban la mejor atenci\u00f3n.<br>\u00abYo me voy a asegurar personalmente, como madre de familia que soy tambi\u00e9n, de venir y revisar muy constantemente de todo el cuidado, de la atenci\u00f3n y de las instalaciones que est\u00e9n en perfectas condiciones\u00bb, afirm\u00f3 De la Garza.<br>\u00abPara que sus hijos est\u00e9n contentos, que aprendan, pero sobre todo que reciban el cari\u00f1o y el amor como lo recibir\u00edan de ustedes mismas, para que ustedes se vayan tranquilas a trabajar\u00bb, a\u00f1adi\u00f3 la Presidenta del DIF municipal.<br>Durante el evento de inauguraci\u00f3n, el Alcalde Paco Trevi\u00f1o expres\u00f3 su agradecimiento a la empresa Garza Ponce por haber facilitado el inmueble para que el Municipio realizara los trabajos de remodelaci\u00f3n y acondicionamiento como estancia infantil.<br>\u00abQuiero hacer menci\u00f3n que todo es gracias al apoyo del Grupo Garza Ponce, que gracias a ellos que nos dieron en comodato estas instalaciones, y nosotros le dimos seguimiento a equiparlas\u00bb, expres\u00f3 el Presidente Municipal.<\/p>\n","protected":false},"excerpt":{"rendered":"<p>Para apoyar a las madres de familia que salen a trabajar y necesitan dejar a sus ni\u00f1os en buen resguardo,&#8230;<\/p>\n","protected":false},"author":1,"featured_media":21115,"comment_status":"open","ping_status":"open","sticky":false,"template":"","format":"standard","meta":[],"categories":[7],"tags":[],"_links":{"self":[{"href":"http:\/\/freelance-mty.com\/index.php?rest_route=\/wp\/v2\/posts\/21112"}],"collection":[{"href":"http:\/\/freelance-mty.com\/index.php?rest_route=\/wp\/v2\/posts"}],"about":[{"href":"http:\/\/freelance-mty.com\/index.php?rest_route=\/wp\/v2\/types\/post"}],"author":[{"embeddable":true,"href":"http:\/\/freelance-mty.com\/index.php?rest_route=\/wp\/v2\/users\/1"}],"replies":[{"embeddable":true,"href":"http:\/\/freelance-mty.com\/index.php?rest_route=%2Fwp%2Fv2%2Fcomments&post=21112"}],"version-history":[{"count":1,"href":"http:\/\/freelance-mty.com\/index.php?rest_route=\/wp\/v2\/posts\/21112\/revisions"}],"predecessor-version":[{"id":21113,"href":"http:\/\/freelance-mty.com\/index.php?rest_route=\/wp\/v2\/posts\/21112\/revisions\/21113"}],"wp:featuredmedia":[{"embeddable":true,"href":"http:\/\/freelance-mty.com\/index.php?rest_route=\/wp\/v2\/media\/21115"}],"wp:attachment":[{"href":"http:\/\/freelance-mty.com\/index.php?rest_route=%2Fwp%2Fv2%2Fmedia&parent=21112"}],"wp:term":[{"taxonomy":"category","embeddable":true,"href":"http:\/\/freelance-mty.com\/index.php?rest_route=%2Fwp%2Fv2%2Fcategories&post=21112"},{"taxonomy":"post_tag","embeddable":true,"href":"http:\/\/freelance-mty.com\/index.php?rest_route=%2Fwp%2Fv2%2Ftags&post=21112"}],"curies":[{"name":"wp","href":"https:\/\/api.w.org\/{rel}","templated":true}]}}