{"id":21270,"date":"2022-11-28T18:23:00","date_gmt":"2022-11-28T18:23:00","guid":{"rendered":"http:\/\/freelance-mty.com\/?p=21270"},"modified":"2022-11-29T18:35:04","modified_gmt":"2022-11-29T18:35:04","slug":"llevan-arte-al-metro-de-monterrey","status":"publish","type":"post","link":"http:\/\/freelance-mty.com\/?p=21270","title":{"rendered":"LLEVAN ARTE AL METRO DE MONTERREY"},"content":{"rendered":"\n<p><\/p>\n\n\n\n<ul><li><\/li><\/ul>\n\n\n\n<p>El inconfundible y m\u00e1gico sonido del viol\u00edn, sorprendi\u00f3 a los transe\u00fantes en el and\u00e9n de la Estaci\u00f3n Hospital del&nbsp;Sistema de Transporte Colectivo Metrorrey.<\/p>\n\n\n\n<p>Se trat\u00f3 de un recital en solitario, que ofreci\u00f3 el violinista Haku, quien interpret\u00f3 &nbsp; una breve selecci\u00f3n de las bandas sonoras de las pel\u00edculas m\u00e1s emblem\u00e1ticas del Studio Ghibli.<\/p>\n\n\n\n<p>Dicho concierto forma parte del programa&nbsp;CONARTE Rodante, que se realiza con el apoyo del&nbsp;Sistema de Transporte Colectivo Metrorrey.<\/p>\n\n\n\n<p>Haku, un violinista muy vers\u00e1til y talentoso, interpret\u00f3 algunos arreglos propios de m\u00fasica de pel\u00edculas de la productora japonesa Studio Ghibli, muy apreciada entre los fans del anime y el manga.&nbsp;<\/p>\n\n\n\n<p>\u201cEstoy muy contento con esta propuesta de CONARTE de tocar en el Metro; es una manera muy pr\u00e1ctica, por un lado, de sacar a la gente de la rutina y que se acerque a este repertorio y al viol\u00edn, a algo diferente\u201d, manifest\u00f3 Haku.<\/p>\n\n\n\n<p>\u201cYo soy egresado de la carrera de m\u00fasica cl\u00e1sica. Comenc\u00e9 a estudiar a los 12 a\u00f1os en la Escuela Superior de M\u00fasica y Danza de Monterrey; soy amante de la m\u00fasica en general y en mi ni\u00f1ez tuve alg\u00fan encuentro con la animaci\u00f3n japonesa y con este repertorio\u201d, expres\u00f3.&nbsp;<\/p>\n\n\n\n<p>\u201cEn ese entonces no hab\u00eda el boom actual que hay de toda la cultura oriental; este repertorio me ha gustado desde ni\u00f1o y ahora tengo esta propuesta de estar llevando esta m\u00fasica al viol\u00edn y la gente lo ha aceptado muy bien\u201d, agreg\u00f3.&nbsp;<\/p>\n\n\n\n<p>El recital logr\u00f3 atrapar a los transe\u00fantes que decidieron detener su camino para disfrutar de este concierto ef\u00edmero; los m\u00e1s j\u00f3venes, conocedores de estas pel\u00edculas fueron los m\u00e1s interesados en quedarse a disfrutar de la interpretaci\u00f3n de esas piezas.<\/p>\n\n\n\n<p>Algunas pel\u00edculas famosas de Studio Ghibli son: \u201cMi amigo Totoro\u201d, \u201cPonyo\u201d, \u201cEl viaje de Chihiro\u201d y \u201cEl mundo secreto de Arriety\u201d, etc.<\/p>\n\n\n\n<p>Adem\u00e1s, como parte del programa CONARTE Rodante, se present\u00f3 en la Estaci\u00f3n Cuauht\u00e9moc el espect\u00e1culo de danza \u201cEl regiomontano en el metro\u201d, a cargo del Conjunto Folkl\u00f3rico Regiomontano y la Compa\u00f1\u00eda de Danza de San Nicol\u00e1s, bajo la direcci\u00f3n del Maestro Alberto Garc\u00eda.<\/p>\n\n\n\n<p>Los asistentes en su mayor\u00eda familias, disfrutaron una selecci\u00f3n de cuadros de folklor de Nuevo Le\u00f3n y Coahuila.&nbsp;<\/p>\n\n\n\n<p><strong>La voz de los espectadores<\/strong><\/p>\n\n\n\n<p>\u201cEst\u00e1 muy padre. No me lo esperaba. Estar\u00eda bien que se haga m\u00e1s seguido, porque eso involucra m\u00e1s a los j\u00f3venes hacia el arte, que creo que nos hace mucha falta en la actualidad. Es muy bueno, adem\u00e1s es una distracci\u00f3n para todos los que viajamos en el Metro, ves algo diferente y eso es bueno\u201d. &#8211; Karla Navarro.<\/p>\n\n\n\n<p>\u201cMe parece muy bien que puedan acercar el arte a las personas de una manera muy accesible; aqu\u00ed hay mucho tr\u00e1nsito, las personas van y vienen, pero se detienen un momento a apreciar y eso es lo que necesitamos, que aprecien el arte, que los conmueva, que los toque y creo que esta actividad en particular les est\u00e1 a llegando muy bien\u201d. &#8211; Catalina Castillo.<\/p>\n","protected":false},"excerpt":{"rendered":"<p>El inconfundible y m\u00e1gico sonido del viol\u00edn, sorprendi\u00f3 a los transe\u00fantes en el and\u00e9n de la Estaci\u00f3n Hospital del&nbsp;Sistema de&#8230;<\/p>\n","protected":false},"author":1,"featured_media":21273,"comment_status":"open","ping_status":"open","sticky":false,"template":"","format":"standard","meta":[],"categories":[8],"tags":[],"_links":{"self":[{"href":"http:\/\/freelance-mty.com\/index.php?rest_route=\/wp\/v2\/posts\/21270"}],"collection":[{"href":"http:\/\/freelance-mty.com\/index.php?rest_route=\/wp\/v2\/posts"}],"about":[{"href":"http:\/\/freelance-mty.com\/index.php?rest_route=\/wp\/v2\/types\/post"}],"author":[{"embeddable":true,"href":"http:\/\/freelance-mty.com\/index.php?rest_route=\/wp\/v2\/users\/1"}],"replies":[{"embeddable":true,"href":"http:\/\/freelance-mty.com\/index.php?rest_route=%2Fwp%2Fv2%2Fcomments&post=21270"}],"version-history":[{"count":1,"href":"http:\/\/freelance-mty.com\/index.php?rest_route=\/wp\/v2\/posts\/21270\/revisions"}],"predecessor-version":[{"id":21271,"href":"http:\/\/freelance-mty.com\/index.php?rest_route=\/wp\/v2\/posts\/21270\/revisions\/21271"}],"wp:featuredmedia":[{"embeddable":true,"href":"http:\/\/freelance-mty.com\/index.php?rest_route=\/wp\/v2\/media\/21273"}],"wp:attachment":[{"href":"http:\/\/freelance-mty.com\/index.php?rest_route=%2Fwp%2Fv2%2Fmedia&parent=21270"}],"wp:term":[{"taxonomy":"category","embeddable":true,"href":"http:\/\/freelance-mty.com\/index.php?rest_route=%2Fwp%2Fv2%2Fcategories&post=21270"},{"taxonomy":"post_tag","embeddable":true,"href":"http:\/\/freelance-mty.com\/index.php?rest_route=%2Fwp%2Fv2%2Ftags&post=21270"}],"curies":[{"name":"wp","href":"https:\/\/api.w.org\/{rel}","templated":true}]}}