{"id":21687,"date":"2022-12-06T16:04:00","date_gmt":"2022-12-06T16:04:00","guid":{"rendered":"http:\/\/freelance-mty.com\/?p=21687"},"modified":"2022-12-07T04:08:33","modified_gmt":"2022-12-07T04:08:33","slug":"no-permitiremos-que-el-poder-legislativo-se-convierta-en-ventanilla-de-tramite-del-gobierno-alejandro-moreno","status":"publish","type":"post","link":"http:\/\/freelance-mty.com\/?p=21687","title":{"rendered":"NO PERMITIREMOS QUE EL PODER LEGISLATIVO SE CONVIERTA EN VENTANILLA DE TR\u00c1MITE DEL GOBIERNO: ALEJANDRO MORENO"},"content":{"rendered":"\n<p>\uf0b7 El Presidente de la Comisi\u00f3n de Gobernaci\u00f3n y Poblaci\u00f3n y dirigente nacional del PRI, adelant\u00f3 el voto en contra del tricolor y de la oposici\u00f3n en su conjunto al dictamen de la iniciativa del gobierno.\uf0b7 Dijo que se ha hecho costumbre incriminar a la cr\u00edtica y se encara desde el gobierno a quienes expresan opiniones en su contra, eludiendo un debate directo y con r\u00e9plica.Al fijar postura en torno a la reforma electoral, Alejandro Moreno, Presidente de la Comisi\u00f3n de Gobernaci\u00f3n y Poblaci\u00f3n de la C\u00e1mara de Diputados, anunci\u00f3 el voto en contra por parte del PRI, del PAN, PRD y MC, al asegurar que no se le cambi\u00f3 ni una coma, ni se modific\u00f3 ni una letra. Se tiende as\u00ed a convertir al Poder Legislativo en ventanilla de tr\u00e1mite, a voluntad de la Administraci\u00f3n.Cuando el poder pierde los estribos, lo \u00e9tico termina por ser pat\u00e9tico, expuso ante el pleno, al considerar que si bien es tiempo de encaminar de forma s\u00f3lida el destino democr\u00e1tico de M\u00e9xico y de reforma del poder, hoy los signos de endurecimiento del gobierno dominan el escenario. \u201cHag\u00e1moslo, no por la causa de un partido, sino por la causa superior de M\u00e9xico\u201d, demand\u00f3.Dijo que se ha hecho costumbre incriminar a la cr\u00edtica; se encara desde el gobierno a quienes expresan opiniones en su contra, eludiendo un debate directo y con r\u00e9plica, lo que acaba por ser un ejercicio de descalificaci\u00f3n abusiva a las voces disidentes de la opini\u00f3n p\u00fablica. Relat\u00f3 que hacia el Poder Judicial, el gobierno encamina una pol\u00edtica m\u00e1s all\u00e1 del cuestionamiento, y que propende al imperativo de la alineaci\u00f3n y el sometimiento.Adem\u00e1s, se\u00f1al\u00f3 el l\u00edder nacional del tricolor, en el Congreso se instauran pr\u00e1cticas de desgaste \u201cde quienes disentimos a trav\u00e9s de t\u00e1cticas legislativas que eluden el debate, imponi\u00e9ndose la mayor\u00eda mec\u00e1nica y su disciplina al gobierno\u201d. El Presidente Alejandro Moreno llam\u00f3 a honrar los principios que tantas veces se aluden en el recinto: reconocer la contribuci\u00f3n de quienes nos oponemos y la libertad de hacerlo sin amenazas e intimidaci\u00f3n; consolidar la divisi\u00f3n de poderes, <\/p>\n\n\n\n<p>promover el debate pol\u00edtico y legislativo, tal y como sucedi\u00f3 en la generaci\u00f3n de La Reforma, amparada en el esp\u00edritu y la letra de la Constituci\u00f3n de 1857. El l\u00edder nacional del PRI apunt\u00f3: \u201creivindico en este acto la fuerza, la pertinencia y la contribuci\u00f3n de la oposici\u00f3n a la vida democr\u00e1tica del pa\u00eds. Estoy a favor de una posici\u00f3n que tenga la capacidad de serlo a partir de razones y principios fundados, y que tambi\u00e9n pueda colaborar con argumentos, sin que por eso sea cooptada o amenazada\u201d. Reivindic\u00f3 tambi\u00e9n la condici\u00f3n democr\u00e1tica de la f\u00f3rmula coalicionista en la lucha por el poder y del valor de constituir frentes pol\u00edticos entre fuerzas afines y cr\u00edticas hacia el gobierno. \u201cSoy un activo y comprometido defensor de tales f\u00f3rmulas, a\u00fana costa de los costos que he tenido que asumir por ello\u201d, dijo.<\/p>\n","protected":false},"excerpt":{"rendered":"<p>\uf0b7 El Presidente de la Comisi\u00f3n de Gobernaci\u00f3n y Poblaci\u00f3n y dirigente nacional del PRI, adelant\u00f3 el voto en contra&#8230;<\/p>\n","protected":false},"author":1,"featured_media":21694,"comment_status":"open","ping_status":"open","sticky":false,"template":"","format":"standard","meta":[],"categories":[7],"tags":[],"_links":{"self":[{"href":"http:\/\/freelance-mty.com\/index.php?rest_route=\/wp\/v2\/posts\/21687"}],"collection":[{"href":"http:\/\/freelance-mty.com\/index.php?rest_route=\/wp\/v2\/posts"}],"about":[{"href":"http:\/\/freelance-mty.com\/index.php?rest_route=\/wp\/v2\/types\/post"}],"author":[{"embeddable":true,"href":"http:\/\/freelance-mty.com\/index.php?rest_route=\/wp\/v2\/users\/1"}],"replies":[{"embeddable":true,"href":"http:\/\/freelance-mty.com\/index.php?rest_route=%2Fwp%2Fv2%2Fcomments&post=21687"}],"version-history":[{"count":2,"href":"http:\/\/freelance-mty.com\/index.php?rest_route=\/wp\/v2\/posts\/21687\/revisions"}],"predecessor-version":[{"id":21692,"href":"http:\/\/freelance-mty.com\/index.php?rest_route=\/wp\/v2\/posts\/21687\/revisions\/21692"}],"wp:featuredmedia":[{"embeddable":true,"href":"http:\/\/freelance-mty.com\/index.php?rest_route=\/wp\/v2\/media\/21694"}],"wp:attachment":[{"href":"http:\/\/freelance-mty.com\/index.php?rest_route=%2Fwp%2Fv2%2Fmedia&parent=21687"}],"wp:term":[{"taxonomy":"category","embeddable":true,"href":"http:\/\/freelance-mty.com\/index.php?rest_route=%2Fwp%2Fv2%2Fcategories&post=21687"},{"taxonomy":"post_tag","embeddable":true,"href":"http:\/\/freelance-mty.com\/index.php?rest_route=%2Fwp%2Fv2%2Ftags&post=21687"}],"curies":[{"name":"wp","href":"https:\/\/api.w.org\/{rel}","templated":true}]}}