{"id":21992,"date":"2022-12-12T07:23:00","date_gmt":"2022-12-12T07:23:00","guid":{"rendered":"http:\/\/freelance-mty.com\/?p=21992"},"modified":"2022-12-13T07:25:50","modified_gmt":"2022-12-13T07:25:50","slug":"exige-mc-investigar-a-presidente-de-congreso-y-a-oficialia-mayor-por-actuar-en-comparsa-con-prian","status":"publish","type":"post","link":"http:\/\/freelance-mty.com\/?p=21992","title":{"rendered":"Exige MC investigar a Presidente de Congreso y a Oficial\u00eda Mayor por actuar en comparsa con PRIAN"},"content":{"rendered":"\n<p><br>La Bancada Naranja present\u00f3 un Punto de Acuerdo ante la Oficial\u00eda de Partes para solicitar a la Contralor\u00eda Interna de este Poder para que investigue, y en su caso se sancione, a los Diputados del PRI y PAN, as\u00ed como a personal de la Oficial\u00eda Mayor, que hayan cometido faltas o que contravengan con sus acciones a la Ley Org\u00e1nica del Legislativo y del Reglamento para el Gobierno Interior del Congreso.<br>Al respecto, el Coordinador de la Bancada, Eduardo Gaona, se\u00f1al\u00f3 que el pasado 9 de diciembre, el Presidente del Congreso acompa\u00f1\u00f3 a la Oficial\u00eda Mayor a las instalaciones de la Consejer\u00eda Jur\u00eddica, ubicada en el Palacio de Gobierno, para obligar la recepci\u00f3n de los documentos emitidos por este Congreso, sin el menor respeto por el di\u00e1logo y los protocolos.<br>A las instalaciones de la Consejer\u00eda Jur\u00eddica tambi\u00e9n acudieron Carlos de la Fuente y Ricardo Canavatti, diputados del PAN y PRI, respectivamente, lo que pone con evidencia c\u00f3mo la Oficial\u00eda Mayor act\u00faa en comparsa y en beneficio de estas dos fracciones parlamentarias.<br>\u201cEs para exigir que dejen de lado toda la parcialidad que han mostrado, espec\u00edficamente el Presidente de este Congreso, Mauro Guerra, y tambi\u00e9n el equipo que conforma la Oficial\u00eda Mayor\u201d, dijo el Coordinador de Movimiento Ciudadano.<br>\u201cEn el caso del presidente del Congreso han sido ya pues varias acciones que se han tomado de manera parcial, algo in\u00e9dito\u201d.<br>Sandra P\u00e1manes, Vicecoordinadora de la Bancada Naranja, coincidi\u00f3 en la forma en la que el PRIAN ha manipulado a su conveniencia al personal de la Oficial\u00eda Mayor.<br>Advirti\u00f3 incluso que las sanciones en contra del Presidente del Congreso y del personal de la Oficial\u00eda Mayor puede ser la destituci\u00f3n.<br>\u201cPuede ser hasta la destituci\u00f3n, porque yo creo que aqu\u00ed es importante se\u00f1alar que esta situaci\u00f3n que se est\u00e1 generando va en contra de la propia institucionalidad y de la responsabilidad que tienen al dirigirse de esta manera\u201d, coment\u00f3 la legisladora.<\/p>\n","protected":false},"excerpt":{"rendered":"<p>La Bancada Naranja present\u00f3 un Punto de Acuerdo ante la Oficial\u00eda de Partes para solicitar a la Contralor\u00eda Interna de&#8230;<\/p>\n","protected":false},"author":1,"featured_media":21995,"comment_status":"open","ping_status":"open","sticky":false,"template":"","format":"standard","meta":[],"categories":[7],"tags":[],"_links":{"self":[{"href":"http:\/\/freelance-mty.com\/index.php?rest_route=\/wp\/v2\/posts\/21992"}],"collection":[{"href":"http:\/\/freelance-mty.com\/index.php?rest_route=\/wp\/v2\/posts"}],"about":[{"href":"http:\/\/freelance-mty.com\/index.php?rest_route=\/wp\/v2\/types\/post"}],"author":[{"embeddable":true,"href":"http:\/\/freelance-mty.com\/index.php?rest_route=\/wp\/v2\/users\/1"}],"replies":[{"embeddable":true,"href":"http:\/\/freelance-mty.com\/index.php?rest_route=%2Fwp%2Fv2%2Fcomments&post=21992"}],"version-history":[{"count":1,"href":"http:\/\/freelance-mty.com\/index.php?rest_route=\/wp\/v2\/posts\/21992\/revisions"}],"predecessor-version":[{"id":21993,"href":"http:\/\/freelance-mty.com\/index.php?rest_route=\/wp\/v2\/posts\/21992\/revisions\/21993"}],"wp:featuredmedia":[{"embeddable":true,"href":"http:\/\/freelance-mty.com\/index.php?rest_route=\/wp\/v2\/media\/21995"}],"wp:attachment":[{"href":"http:\/\/freelance-mty.com\/index.php?rest_route=%2Fwp%2Fv2%2Fmedia&parent=21992"}],"wp:term":[{"taxonomy":"category","embeddable":true,"href":"http:\/\/freelance-mty.com\/index.php?rest_route=%2Fwp%2Fv2%2Fcategories&post=21992"},{"taxonomy":"post_tag","embeddable":true,"href":"http:\/\/freelance-mty.com\/index.php?rest_route=%2Fwp%2Fv2%2Ftags&post=21992"}],"curies":[{"name":"wp","href":"https:\/\/api.w.org\/{rel}","templated":true}]}}