{"id":22284,"date":"2022-12-26T09:12:00","date_gmt":"2022-12-26T09:12:00","guid":{"rendered":"http:\/\/freelance-mty.com\/?p=22284"},"modified":"2022-12-27T09:17:10","modified_gmt":"2022-12-27T09:17:10","slug":"apoya-monterrey-a-familias-afectadas-por-incendio","status":"publish","type":"post","link":"http:\/\/freelance-mty.com\/?p=22284","title":{"rendered":"Apoya Monterrey a familias afectadas por incendio"},"content":{"rendered":"\n<p><\/p>\n\n\n\n<p>El Presidente Municipal de Monterrey, Luis Donaldo Colosio, encabez\u00f3 hoy la entrega de apoyos a las familias que se vieron afectadas por un incendio en la colonia Ampliaci\u00f3n Riveras del R\u00edo, en el sector de La Alianza.<\/p>\n\n\n\n<p>\u201cEn ning\u00fan momento sientan que est\u00e1n solos, porque no lo est\u00e1n, estamos aqu\u00ed al pendiente y vamos a seguir de la mano de los vecinos y las vecinas\u201d, dijo Colosio.<\/p>\n\n\n\n<p>En compa\u00f1\u00eda del Director de Protecci\u00f3n Civil Monterrey, Fernando Fern\u00e1ndez; el Alcalde regio recorri\u00f3 la zona siniestrada y supervis\u00f3 la entrega de despensas, agua embotellada, cobertores, medicamentos, pa\u00f1ales y \u00fatiles escolares.<\/p>\n\n\n\n<p>Asimismo, el Presidente Municipal instruy\u00f3 a las dependencias a continuar brindando el apoyo necesario a los afectados en lo que se define su situaci\u00f3n.<\/p>\n\n\n\n<p>Durante la madrugada de este lunes, un total de 10 tejabanes fueron consumidos por el fuego, en los que habitaban un total de nueve familias conformadas por 20 adultos y 19 ni\u00f1os, quienes perdieron su patrimonio tras el siniestro.<\/p>\n\n\n\n<p>Tras recibir el reporte, personal de Protecci\u00f3n Civil de Monterrey, Protecci\u00f3n Civil estatal y Bomberos de Nuevo Le\u00f3n acudieron al lugar para sofocar el incendio.<\/p>\n\n\n\n<p>En ese momento a los afectados se les brind\u00f3 cobertores y comida caliente.<\/p>\n\n\n\n<p>Asimismo, el DIF de Monterrey realiz\u00f3 un levantamiento de las necesidades de las familias y las invit\u00f3 a trasladarse al albergue de la colonia Tierra y Libertad.<\/p>\n\n\n\n<p>La Secretar\u00eda de Desarrollo Humano e Igualdad Sustantiva llev\u00f3 una brigada de salud para brindar atenci\u00f3n a menores que presentaban cuadros de gripe.<\/p>\n\n\n\n<p>Mientras que personal de la Secretar\u00eda de Servicios P\u00fablicos realiz\u00f3 la limpieza del espacio y retir\u00f3 el escombro que se gener\u00f3 derivado del incendio.<\/p>\n\n\n\n<p>Cabe se\u00f1alar que no se registraron personas lesionadas tras el siniestro<\/p>\n","protected":false},"excerpt":{"rendered":"<p>El Presidente Municipal de Monterrey, Luis Donaldo Colosio, encabez\u00f3 hoy la entrega de apoyos a las familias que se vieron&#8230;<\/p>\n","protected":false},"author":1,"featured_media":22285,"comment_status":"open","ping_status":"open","sticky":false,"template":"","format":"standard","meta":[],"categories":[3,8],"tags":[],"_links":{"self":[{"href":"http:\/\/freelance-mty.com\/index.php?rest_route=\/wp\/v2\/posts\/22284"}],"collection":[{"href":"http:\/\/freelance-mty.com\/index.php?rest_route=\/wp\/v2\/posts"}],"about":[{"href":"http:\/\/freelance-mty.com\/index.php?rest_route=\/wp\/v2\/types\/post"}],"author":[{"embeddable":true,"href":"http:\/\/freelance-mty.com\/index.php?rest_route=\/wp\/v2\/users\/1"}],"replies":[{"embeddable":true,"href":"http:\/\/freelance-mty.com\/index.php?rest_route=%2Fwp%2Fv2%2Fcomments&post=22284"}],"version-history":[{"count":1,"href":"http:\/\/freelance-mty.com\/index.php?rest_route=\/wp\/v2\/posts\/22284\/revisions"}],"predecessor-version":[{"id":22286,"href":"http:\/\/freelance-mty.com\/index.php?rest_route=\/wp\/v2\/posts\/22284\/revisions\/22286"}],"wp:featuredmedia":[{"embeddable":true,"href":"http:\/\/freelance-mty.com\/index.php?rest_route=\/wp\/v2\/media\/22285"}],"wp:attachment":[{"href":"http:\/\/freelance-mty.com\/index.php?rest_route=%2Fwp%2Fv2%2Fmedia&parent=22284"}],"wp:term":[{"taxonomy":"category","embeddable":true,"href":"http:\/\/freelance-mty.com\/index.php?rest_route=%2Fwp%2Fv2%2Fcategories&post=22284"},{"taxonomy":"post_tag","embeddable":true,"href":"http:\/\/freelance-mty.com\/index.php?rest_route=%2Fwp%2Fv2%2Ftags&post=22284"}],"curies":[{"name":"wp","href":"https:\/\/api.w.org\/{rel}","templated":true}]}}