{"id":22500,"date":"2023-01-06T21:37:32","date_gmt":"2023-01-06T21:37:32","guid":{"rendered":"http:\/\/freelance-mty.com\/?p=22500"},"modified":"2023-01-06T21:40:44","modified_gmt":"2023-01-06T21:40:44","slug":"instala-apodaca-centros-de-acopio-de-pinos-navidenos-en-plazas-publicas","status":"publish","type":"post","link":"http:\/\/freelance-mty.com\/?p=22500","title":{"rendered":"INSTALA APODACA CENTROS DE ACOPIO DE PINOS NAVIDE\u00d1OS EN PLAZAS P\u00daBLICAS"},"content":{"rendered":"\n<p><\/p>\n\n\n\n<p>\u00a0<\/p>\n\n\n\n<p>Durante todo el mes de enero y parte de febrero, todas las plazas del Municipio de Apodaca se convertir\u00e1n en centros de acopio de pinos navide\u00f1os, con el prop\u00f3sito de facilitar su desecho, prevenir contaminaci\u00f3n e incendios por su r\u00e1pida combusti\u00f3n.<\/p>\n\n\n\n<p>Ricardo Lozano, Secretario de Servicios P\u00fablicos del municipio, inform\u00f3 que todo ese tiempo personal a su cargo estar\u00e1 visitando las m\u00e1s de 500 plazas cada tercer d\u00eda para recoger los pinos que ah\u00ed sean depositados por los ciudadanos.<\/p>\n\n\n\n<p>&nbsp;\u201cTenemos en cada una de las plazas personal de jardiner\u00eda, ellos nos estar\u00e1n informando si se amontonan cantidades considerables y asistiremos de manera inmediata, pero adem\u00e1s estaremos recorriendo cada tercer d\u00eda todas las plazas p\u00fablicas\u201d, destac\u00f3 Lozano.<\/p>\n\n\n\n<p>&nbsp;El funcionario agreg\u00f3 que los ciudadanos tambi\u00e9n pueden hacer su reporte a los tel\u00e9fonos 81-1772-2020, extensi\u00f3n 201 y al 81-1161-1200, de la Secretar\u00eda de Servicios P\u00fablicos, cuando vean que de manera extraordinaria se juntan muchos pinos navide\u00f1os y a\u00fan no le toca pasar a las cuadrillas que andar\u00e1n haciendo la recolecci\u00f3n.<\/p>\n\n\n\n<p>&nbsp;El secretario exhort\u00f3 a la ciudadan\u00eda a utilizar los centros de acopio establecidos para evitar accidentes al dejar los pinos en terrenos bald\u00edos o en los domicilios, ya que el servicio de recolecci\u00f3n de basura no est\u00e1 autorizado para el levantamiento de \u00e1rboles navide\u00f1os.<\/p>\n\n\n\n<p><\/p>\n","protected":false},"excerpt":{"rendered":"<p>\u00a0 Durante todo el mes de enero y parte de febrero, todas las plazas del Municipio de Apodaca se convertir\u00e1n&#8230;<\/p>\n","protected":false},"author":1,"featured_media":22503,"comment_status":"open","ping_status":"open","sticky":false,"template":"","format":"standard","meta":[],"categories":[8],"tags":[],"_links":{"self":[{"href":"http:\/\/freelance-mty.com\/index.php?rest_route=\/wp\/v2\/posts\/22500"}],"collection":[{"href":"http:\/\/freelance-mty.com\/index.php?rest_route=\/wp\/v2\/posts"}],"about":[{"href":"http:\/\/freelance-mty.com\/index.php?rest_route=\/wp\/v2\/types\/post"}],"author":[{"embeddable":true,"href":"http:\/\/freelance-mty.com\/index.php?rest_route=\/wp\/v2\/users\/1"}],"replies":[{"embeddable":true,"href":"http:\/\/freelance-mty.com\/index.php?rest_route=%2Fwp%2Fv2%2Fcomments&post=22500"}],"version-history":[{"count":1,"href":"http:\/\/freelance-mty.com\/index.php?rest_route=\/wp\/v2\/posts\/22500\/revisions"}],"predecessor-version":[{"id":22501,"href":"http:\/\/freelance-mty.com\/index.php?rest_route=\/wp\/v2\/posts\/22500\/revisions\/22501"}],"wp:featuredmedia":[{"embeddable":true,"href":"http:\/\/freelance-mty.com\/index.php?rest_route=\/wp\/v2\/media\/22503"}],"wp:attachment":[{"href":"http:\/\/freelance-mty.com\/index.php?rest_route=%2Fwp%2Fv2%2Fmedia&parent=22500"}],"wp:term":[{"taxonomy":"category","embeddable":true,"href":"http:\/\/freelance-mty.com\/index.php?rest_route=%2Fwp%2Fv2%2Fcategories&post=22500"},{"taxonomy":"post_tag","embeddable":true,"href":"http:\/\/freelance-mty.com\/index.php?rest_route=%2Fwp%2Fv2%2Ftags&post=22500"}],"curies":[{"name":"wp","href":"https:\/\/api.w.org\/{rel}","templated":true}]}}