{"id":22751,"date":"2023-01-18T14:32:00","date_gmt":"2023-01-18T14:32:00","guid":{"rendered":"http:\/\/freelance-mty.com\/?p=22751"},"modified":"2023-01-20T23:10:32","modified_gmt":"2023-01-20T23:10:32","slug":"ofrece-apodaca-siete-rutas-de-transporte-urbano-gratuito","status":"publish","type":"post","link":"http:\/\/freelance-mty.com\/?p=22751","title":{"rendered":"OFRECE APODACA SIETE RUTAS DE TRANSPORTE URBANO GRATUITO"},"content":{"rendered":"\n<p><\/p>\n\n\n\n<p><\/p>\n\n\n\n<p>Para atender las demandas de movilidad de la ciudadan\u00eda y conectar n\u00facleos poblacionales que se encuentran aislados en materia de transporte p\u00fablico, el Gobierno Municipal de Apodaca implementar\u00e1 el programa \u201cCircuito Contigo\u201d.<\/p>\n\n\n\n<p>El objetivo del sistema ser\u00e1 integrar siete rutas emergentes que se conectar\u00e1n con el Servicio de Transporte P\u00fablico, sin costo para el usuario, para beneficiar a los sectores de poblaci\u00f3n que se han visto m\u00e1s afectadas por la falta de unidades en el Sistema Integral de Transporte Metropolitano a ra\u00edz de su reestructuraci\u00f3n.<\/p>\n\n\n\n<p>El Presidente Municipal, C\u00e9sar Garza Villarreal, explic\u00f3 que este programa es una alta prioridad para los ciudadanos. \u201cSomos un municipio joven con una gran din\u00e1mica econ\u00f3mica. Eso hace que Apodaca tenga enormes necesidades de movilidad\u201d.<\/p>\n\n\n\n<p>El programa tendr\u00e1 un costo inicial de 15 millones de pesos y se contempla que est\u00e9 en operaci\u00f3n durante seis meses. \u201cSabemos que el transporte va a cambiar conforme lleguen las unidades\u201d, agreg\u00f3 el edil.<\/p>\n\n\n\n<p>\u201cSi se cumple el calendario de llegada de camiones del Gobierno del Estado, no se ampliar\u00e1 m\u00e1s all\u00e1 de los 6 meses establecidos y no se ampliar\u00e1 a m\u00e1s de 25 millones. Pero si el problema se mantiene y se retrasa la llegada de camiones y tenemos que ampliar el programa a todo el a\u00f1o, podr\u00edamos destinar hasta 40 millones de pesos\u201d, afirm\u00f3 Garza Villarreal.<\/p>\n\n\n\n<p>Las siete rutas emergentes que se implementar\u00e1n con el programa Circuito Contigo operar\u00e1n de manera gratuita de lunes a viernes, de 5 a 9 de la ma\u00f1ana, que representan el horario con m\u00e1s problemas para que los ciudadanos puedan realizar sus actividades vitales, desde acudir al trabajo, la escuela, o al sistema de salud. Las unidades del transporte municipal estar\u00e1n identificadas con la letra \u201cA\u201d, seguido del n\u00famero de ruta al que pertenecen, del 1 al 7.<\/p>\n\n\n\n<p>Las rutas son: A1 Jardines de las Palmas \u2013 E Sexta, para conectar el sector con el transmetro de Afganist\u00e1n; A2 Pueblo Nuevo \u2013 Prepa 1, para acercar esta zona con la cabecera municipal; A3 Mirador Apodaca \u2013 Arco Vial, para atender a los vecinos de Pueblo Nuevo, Ciudad Natura, Triana, Asturias, y zonas aleda\u00f1as; A4 Mois\u00e9s S\u00e1enz \u2013 Prados del Virrey, para conectar la zona con el transmetro de Afganist\u00e1n; A5 Santa Rosa \u2013 Apodaca Centro, para recuperar lo que antes fue la ruta 527; A6 Misi\u00f3n San Pablo \u2013 La Chona, actualmente el n\u00facleo poblacional m\u00e1s aislado y que requiere de atenci\u00f3n prioritaria; y A7 Lomas de la Paz \u2013 Margaritas, para conectar la zona sur del Municipio con la Ecov\u00eda; Misi\u00f3n San Pablo \u2013 La Chona, actualmente el n\u00facleo poblacional m\u00e1s aislado y que requiere de atenci\u00f3n prioritaria.<\/p>\n\n\n\n<p>S\u00f3lo para la ruta A6 contar\u00e1 tambi\u00e9n con horarios de operaci\u00f3n adicionales, a mediod\u00eda y en la noche, debido a que no existe por el momento ninguna alternativa de movilidad para los vecinos de la zona.<\/p>\n\n\n\n<p>\u201cUn buen sistema de transporte nos hace una sociedad m\u00e1s igualitaria, en la que todo mundo puede, con movilidad, tener acceso a la educaci\u00f3n, la salud, el trabajo, el deporte, la recreaci\u00f3n. Ustedes saben, como yo, que en Apodaca miles de planes se abortan todos los d\u00edas por el p\u00e9simo sistema de transporte\u201d, explic\u00f3 el alcalde.<\/p>\n\n\n\n<p>El edil tambi\u00e9n reconoci\u00f3 que el plan de reordenaci\u00f3n del sistema de transporte que est\u00e1 impulsando el Gobierno del Estado es el correcto. Sin embargo, agreg\u00f3 que \u201cel ritmo en el que se est\u00e1 realizando esta modernizaci\u00f3n no es el que necesita la Zona Metropolitana, porque el sistema est\u00e1 empeorando cada d\u00eda\u201d.<\/p>\n\n\n\n<p>Debido a esta situaci\u00f3n, el alcalde explic\u00f3 que la Administraci\u00f3n Municipal se reuni\u00f3 con el Director General del Instituto de Movilidad del Gobierno del Estado, para coordinar en conjunto la atenci\u00f3n a estos sectores prioritarios en lo que las nuevas unidades llegan a Nuevo Le\u00f3n para su operaci\u00f3n.<\/p>\n\n\n\n<p>\u201cConforme los ramales reciban las nuevas unidades, nosotros sacamos el programa municipal y lo podemos reorientar a otra zona que vaya reportando \u00edndices de prioridad de atenci\u00f3n\u201d, concluy\u00f3 Garza Villarreal.<\/p>\n\n\n\n<p><\/p>\n","protected":false},"excerpt":{"rendered":"<p>Para atender las demandas de movilidad de la ciudadan\u00eda y conectar n\u00facleos poblacionales que se encuentran aislados en materia de&#8230;<\/p>\n","protected":false},"author":1,"featured_media":22756,"comment_status":"open","ping_status":"open","sticky":false,"template":"","format":"standard","meta":[],"categories":[7],"tags":[],"_links":{"self":[{"href":"http:\/\/freelance-mty.com\/index.php?rest_route=\/wp\/v2\/posts\/22751"}],"collection":[{"href":"http:\/\/freelance-mty.com\/index.php?rest_route=\/wp\/v2\/posts"}],"about":[{"href":"http:\/\/freelance-mty.com\/index.php?rest_route=\/wp\/v2\/types\/post"}],"author":[{"embeddable":true,"href":"http:\/\/freelance-mty.com\/index.php?rest_route=\/wp\/v2\/users\/1"}],"replies":[{"embeddable":true,"href":"http:\/\/freelance-mty.com\/index.php?rest_route=%2Fwp%2Fv2%2Fcomments&post=22751"}],"version-history":[{"count":1,"href":"http:\/\/freelance-mty.com\/index.php?rest_route=\/wp\/v2\/posts\/22751\/revisions"}],"predecessor-version":[{"id":22752,"href":"http:\/\/freelance-mty.com\/index.php?rest_route=\/wp\/v2\/posts\/22751\/revisions\/22752"}],"wp:featuredmedia":[{"embeddable":true,"href":"http:\/\/freelance-mty.com\/index.php?rest_route=\/wp\/v2\/media\/22756"}],"wp:attachment":[{"href":"http:\/\/freelance-mty.com\/index.php?rest_route=%2Fwp%2Fv2%2Fmedia&parent=22751"}],"wp:term":[{"taxonomy":"category","embeddable":true,"href":"http:\/\/freelance-mty.com\/index.php?rest_route=%2Fwp%2Fv2%2Fcategories&post=22751"},{"taxonomy":"post_tag","embeddable":true,"href":"http:\/\/freelance-mty.com\/index.php?rest_route=%2Fwp%2Fv2%2Ftags&post=22751"}],"curies":[{"name":"wp","href":"https:\/\/api.w.org\/{rel}","templated":true}]}}