{"id":22858,"date":"2023-01-25T16:28:00","date_gmt":"2023-01-25T16:28:00","guid":{"rendered":"http:\/\/freelance-mty.com\/?p=22858"},"modified":"2023-01-26T16:29:39","modified_gmt":"2023-01-26T16:29:39","slug":"llama-pan-a-resolver-problematica-de-transporte-en-santa-catarina","status":"publish","type":"post","link":"http:\/\/freelance-mty.com\/?p=22858","title":{"rendered":"LLAMA PAN A RESOLVER PROBLEM\u00c1TICA DE TRANSPORTE EN SANTA CATARINA"},"content":{"rendered":"\n<p><\/p>\n\n\n\n<p><\/p>\n\n\n\n<p>Diputados y regidores hicieron un llamado urgente para que el Gobierno del Estado resuelva la problem\u00e1tica de transporte que existe en el Municipio de Santa Catarina.<\/p>\n\n\n\n<p>El Diputado F\u00e9lix Rocha Esquivel present\u00f3 un exhorto en la Sesi\u00f3n Permanente dirigido al Secretario de Movilidad y Planeaci\u00f3n Urbana, Hern\u00e1n Villarreal Rodr\u00edguez.<\/p>\n\n\n\n<p>\u201cLa Diputaci\u00f3n Permanente del Congreso Local hace un respetuoso exhorto al Secretario de Movilidad y Planeaci\u00f3n Urbana, para que realice de inmediato las acciones necesarias para solucionar la grave problem\u00e1tica del transporte p\u00fablico en el Municipio de Santa Catarina que afecta la movilidad de los ciudadanos que necesitan trasladarse a diversos puntos del \u00e1rea Metropolitana de Monterrey\u201d, se\u00f1ala el exhorto que fue aprobado por unanimidad.<\/p>\n\n\n\n<p>\u201cLos ciudadanos de dicho Municipio han externado su preocupaci\u00f3n por las constantes quejas ciudadanas en el servicio y falta de un transporte urbano de pasajeros adecuado para las diversas colonias. Se tienen documentadas constantes fallas en el servicio por la falta de unidades, por la falta de paradas obligatorias y quejas por el maltrato de los choferes de dichas unidades en diferentes rutas como 400, 126, 501, 502, 128, 155 y 202\u201d, asegur\u00f3 F\u00e9lix Rocha en tribuna.<\/p>\n\n\n\n<p>Por su parte, los regidores del PAN de Santa Catarina, Adriana Marisol Castro Ruiz, Steffane Alexandra P\u00e9rez Villanueva, Miguel \u00c1ngel Garc\u00eda Lechuga, V\u00edctor Manuel Torres Leal y Roberto L\u00f3pez Rojas, entregaron la ma\u00f1ana del mi\u00e9rcoles un oficio dirigido a Hern\u00e1n Villarreal Rodr\u00edguez.<\/p>\n\n\n\n<p>\u201cLa falta de un servicio adecuado del transporte afecta principalmente a los habitantes de las Colonias Infonavit La Huasteca, Privadas del Parque, La Ermita, La Fama, San Gilberto, La Conquista, Trabajadores, Fama 2, Balcones, L\u00f3pez Mateos, Cananeas, Vi\u00f1edos, Arboledas de Las Mitras, Lomas de Santa Catarina, Canavati, El Frutal y Centro de Santa Catarina.\u201d, asegur\u00f3 Miguel \u00c1ngel Garc\u00eda Lechuga.<\/p>\n\n\n\n<p>\u201cLos usuarios que d\u00eda a d\u00eda utilizan el transporte urbano se han visto abandonados por la falta de gesti\u00f3n demostrada por las autoridades y por ello hemos acudido al Poder Legislativo para que se haga eco de las quejas ciudadanas y nos apoye para que este problema se atienda a la brevedad\u201d, puntualiz\u00f3 el edil.<\/p>\n","protected":false},"excerpt":{"rendered":"<p>Diputados y regidores hicieron un llamado urgente para que el Gobierno del Estado resuelva la problem\u00e1tica de transporte que existe&#8230;<\/p>\n","protected":false},"author":1,"featured_media":22861,"comment_status":"open","ping_status":"open","sticky":false,"template":"","format":"standard","meta":[],"categories":[7],"tags":[],"_links":{"self":[{"href":"http:\/\/freelance-mty.com\/index.php?rest_route=\/wp\/v2\/posts\/22858"}],"collection":[{"href":"http:\/\/freelance-mty.com\/index.php?rest_route=\/wp\/v2\/posts"}],"about":[{"href":"http:\/\/freelance-mty.com\/index.php?rest_route=\/wp\/v2\/types\/post"}],"author":[{"embeddable":true,"href":"http:\/\/freelance-mty.com\/index.php?rest_route=\/wp\/v2\/users\/1"}],"replies":[{"embeddable":true,"href":"http:\/\/freelance-mty.com\/index.php?rest_route=%2Fwp%2Fv2%2Fcomments&post=22858"}],"version-history":[{"count":1,"href":"http:\/\/freelance-mty.com\/index.php?rest_route=\/wp\/v2\/posts\/22858\/revisions"}],"predecessor-version":[{"id":22859,"href":"http:\/\/freelance-mty.com\/index.php?rest_route=\/wp\/v2\/posts\/22858\/revisions\/22859"}],"wp:featuredmedia":[{"embeddable":true,"href":"http:\/\/freelance-mty.com\/index.php?rest_route=\/wp\/v2\/media\/22861"}],"wp:attachment":[{"href":"http:\/\/freelance-mty.com\/index.php?rest_route=%2Fwp%2Fv2%2Fmedia&parent=22858"}],"wp:term":[{"taxonomy":"category","embeddable":true,"href":"http:\/\/freelance-mty.com\/index.php?rest_route=%2Fwp%2Fv2%2Fcategories&post=22858"},{"taxonomy":"post_tag","embeddable":true,"href":"http:\/\/freelance-mty.com\/index.php?rest_route=%2Fwp%2Fv2%2Ftags&post=22858"}],"curies":[{"name":"wp","href":"https:\/\/api.w.org\/{rel}","templated":true}]}}