{"id":23180,"date":"2023-02-14T05:58:00","date_gmt":"2023-02-14T05:58:00","guid":{"rendered":"http:\/\/freelance-mty.com\/?p=23180"},"modified":"2023-02-15T05:59:37","modified_gmt":"2023-02-15T05:59:37","slug":"presentara-congreso-queja-ante-la-judicatura","status":"publish","type":"post","link":"http:\/\/freelance-mty.com\/?p=23180","title":{"rendered":"PRESENTAR\u00c1 CONGRESO QUEJA ANTE LA JUDICATURA"},"content":{"rendered":"\n<p>El Congreso del Estado presentar\u00e1 una queja ante el Consejo de la Judicatura Federal por las inconsistencias en los t\u00e9rminos de la suspensi\u00f3n provisional de amparo concedida al Gobernador Samuel Garc\u00eda por el Juez Octavo de Distrito de Tamaulipas, Faustino Guti\u00e9rrez Flores.<\/p>\n\n\n\n<p>El Diputado Mauro Guerra, Presidente del Congreso, se\u00f1al\u00f3 que hay dos suspensiones provisionales otorgadas a Garc\u00eda emitidas con la misma firma electr\u00f3nica, pero con horas diferentes.<\/p>\n\n\n\n<p>\u00abVemos que el mismo documento establece cosas diferentes, que hay un documento que se resolvi\u00f3 primero a las 12:48 horas y otro a las 13:50 horas del viernes y que uno est\u00e1 publicado en la tabla de avisos del Poder Judicial Federal de Tamaulipas y el otro es el que se hizo llegar por parte del Gobernador y por parte del Juzgado, por paqueter\u00eda, a este Congreso\u00bb, expres\u00f3.<\/p>\n\n\n\n<p>\u00abComo Congreso tendremos que tomar una acci\u00f3n contundente y vamos a presentar una queja ante el Consejo de la Judicatura Federal por estas inconsistencias, para que se resuelva y se llegue a las \u00faltimas consecuencias de qui\u00e9n est\u00e1 abusando del poder para sacar o cambiar este tipo de resoluciones, qui\u00e9n est\u00e1 incumpliendo y por qu\u00e9 se est\u00e1 abusando de estos mecanismos jur\u00eddicos para actuar contra los temas que el Congreso de Nuevo Le\u00f3n mandato.<\/p>\n\n\n\n<p>\u00abEsto nos preocupa porque no sabemos los alcances, qu\u00e9 se est\u00e1 haciendo para que alguien en Tamaulipas responsa a esta necesidad de un funcionario de Nuevo Le\u00f3n, por eso es que presentaremos la queja ante el Consejo de la Judicatura Federal\u00bb.<\/p>\n","protected":false},"excerpt":{"rendered":"<p>El Congreso del Estado presentar\u00e1 una queja ante el Consejo de la Judicatura Federal por las inconsistencias en los t\u00e9rminos&#8230;<\/p>\n","protected":false},"author":1,"featured_media":23182,"comment_status":"open","ping_status":"open","sticky":false,"template":"","format":"standard","meta":[],"categories":[7],"tags":[],"_links":{"self":[{"href":"http:\/\/freelance-mty.com\/index.php?rest_route=\/wp\/v2\/posts\/23180"}],"collection":[{"href":"http:\/\/freelance-mty.com\/index.php?rest_route=\/wp\/v2\/posts"}],"about":[{"href":"http:\/\/freelance-mty.com\/index.php?rest_route=\/wp\/v2\/types\/post"}],"author":[{"embeddable":true,"href":"http:\/\/freelance-mty.com\/index.php?rest_route=\/wp\/v2\/users\/1"}],"replies":[{"embeddable":true,"href":"http:\/\/freelance-mty.com\/index.php?rest_route=%2Fwp%2Fv2%2Fcomments&post=23180"}],"version-history":[{"count":1,"href":"http:\/\/freelance-mty.com\/index.php?rest_route=\/wp\/v2\/posts\/23180\/revisions"}],"predecessor-version":[{"id":23181,"href":"http:\/\/freelance-mty.com\/index.php?rest_route=\/wp\/v2\/posts\/23180\/revisions\/23181"}],"wp:featuredmedia":[{"embeddable":true,"href":"http:\/\/freelance-mty.com\/index.php?rest_route=\/wp\/v2\/media\/23182"}],"wp:attachment":[{"href":"http:\/\/freelance-mty.com\/index.php?rest_route=%2Fwp%2Fv2%2Fmedia&parent=23180"}],"wp:term":[{"taxonomy":"category","embeddable":true,"href":"http:\/\/freelance-mty.com\/index.php?rest_route=%2Fwp%2Fv2%2Fcategories&post=23180"},{"taxonomy":"post_tag","embeddable":true,"href":"http:\/\/freelance-mty.com\/index.php?rest_route=%2Fwp%2Fv2%2Ftags&post=23180"}],"curies":[{"name":"wp","href":"https:\/\/api.w.org\/{rel}","templated":true}]}}