{"id":23917,"date":"2023-03-03T17:32:00","date_gmt":"2023-03-03T17:32:00","guid":{"rendered":"http:\/\/freelance-mty.com\/?p=23917"},"modified":"2023-03-04T05:35:17","modified_gmt":"2023-03-04T05:35:17","slug":"busca-pri-mejorar-condiciones-de-personas-con-discapacidad","status":"publish","type":"post","link":"http:\/\/freelance-mty.com\/?p=23917","title":{"rendered":"BUSCA PRI MEJORAR CONDICIONES DE PERSONAS CON DISCAPACIDAD"},"content":{"rendered":"\n<p><\/p>\n\n\n\n<p>La Diputada local del PRI, Elsa Escobedo V\u00e1zquez present\u00f3 iniciativa de reforma a la Ley para la Protecci\u00f3n de los Derechos de las Personas con Discapacidad para promover campa\u00f1as permanentes de difusi\u00f3n y divulgaci\u00f3n sobre las personas con discapacidad y su derecho a la inclusi\u00f3n.<\/p>\n\n\n\n<p>&nbsp;\u201cBuscamos promover campa\u00f1as permanentes de difusi\u00f3n y divulgaci\u00f3n, de forma digital por las tecnolog\u00edas de la informaci\u00f3n y comunicaci\u00f3n disponibles. a efecto de sensibilizar, sobre la circunstancia de las personas con discapacidad y su derecho a la inclusi\u00f3n a fin de contribuir al mejoramiento de su calidad de vida\u201d, manifest\u00f3.<\/p>\n\n\n\n<p>\u201cMejorar las condiciones sociales de las personas con discapacidad y que permitan potenciar las capacidades de las personas con discapacidad\u201d, agreg\u00f3.<\/p>\n\n\n\n<p>La Diputada local del PRI detall\u00f3 que, en Nuevo Le\u00f3n, el 13% de la poblaci\u00f3n tiene&nbsp;alguna discapacidad, condici\u00f3n mental o limitaci\u00f3n, de acuerdo a datos del Censo y Poblaci\u00f3n y Vivienda del INEGI 2020.<\/p>\n\n\n\n<p>\u201cLos sectores de la sociedad que constantemente enfrentan dificultades en sus actividades cotidianas debido al crecimiento y desarrollo de las ciudades; puedan integrase a trav\u00e9s de esfuerzos en conjunto, a partir de la concientizaci\u00f3n y acciones a favor de mejores condiciones de vida\u201d, puntualiz\u00f3.<\/p>\n\n\n\n<p>\u201cConcientizar a la poblaci\u00f3n en general a fin de que todos participen y se involucren en beneficio de una mejor convivencia ya que parte de alcanzar una calidad de vida digna es a trav\u00e9s de que todas las personas puedan gozar de las mismas oportunidades\u201d, a\u00f1adi\u00f3.<\/p>\n\n\n\n<p>La iniciativa de reforma que fue presentada en la Oficial\u00eda de Partes del Congreso local contempla modificar el art\u00edculo 37 de la Ley para la Protecci\u00f3n de los Derechos de las Personas con Discapacidad.<\/p>\n","protected":false},"excerpt":{"rendered":"<p>La Diputada local del PRI, Elsa Escobedo V\u00e1zquez present\u00f3 iniciativa de reforma a la Ley para la Protecci\u00f3n de los&#8230;<\/p>\n","protected":false},"author":1,"featured_media":23920,"comment_status":"open","ping_status":"open","sticky":false,"template":"","format":"standard","meta":[],"categories":[7],"tags":[],"_links":{"self":[{"href":"http:\/\/freelance-mty.com\/index.php?rest_route=\/wp\/v2\/posts\/23917"}],"collection":[{"href":"http:\/\/freelance-mty.com\/index.php?rest_route=\/wp\/v2\/posts"}],"about":[{"href":"http:\/\/freelance-mty.com\/index.php?rest_route=\/wp\/v2\/types\/post"}],"author":[{"embeddable":true,"href":"http:\/\/freelance-mty.com\/index.php?rest_route=\/wp\/v2\/users\/1"}],"replies":[{"embeddable":true,"href":"http:\/\/freelance-mty.com\/index.php?rest_route=%2Fwp%2Fv2%2Fcomments&post=23917"}],"version-history":[{"count":1,"href":"http:\/\/freelance-mty.com\/index.php?rest_route=\/wp\/v2\/posts\/23917\/revisions"}],"predecessor-version":[{"id":23918,"href":"http:\/\/freelance-mty.com\/index.php?rest_route=\/wp\/v2\/posts\/23917\/revisions\/23918"}],"wp:featuredmedia":[{"embeddable":true,"href":"http:\/\/freelance-mty.com\/index.php?rest_route=\/wp\/v2\/media\/23920"}],"wp:attachment":[{"href":"http:\/\/freelance-mty.com\/index.php?rest_route=%2Fwp%2Fv2%2Fmedia&parent=23917"}],"wp:term":[{"taxonomy":"category","embeddable":true,"href":"http:\/\/freelance-mty.com\/index.php?rest_route=%2Fwp%2Fv2%2Fcategories&post=23917"},{"taxonomy":"post_tag","embeddable":true,"href":"http:\/\/freelance-mty.com\/index.php?rest_route=%2Fwp%2Fv2%2Ftags&post=23917"}],"curies":[{"name":"wp","href":"https:\/\/api.w.org\/{rel}","templated":true}]}}