{"id":24323,"date":"2023-03-08T20:08:00","date_gmt":"2023-03-08T20:08:00","guid":{"rendered":"http:\/\/freelance-mty.com\/?p=24323"},"modified":"2023-03-09T20:11:15","modified_gmt":"2023-03-09T20:11:15","slug":"mc-impulsa-ley-para-promover-la-paz-buscan-erradicar-los-indices-de-violencia","status":"publish","type":"post","link":"http:\/\/freelance-mty.com\/?p=24323","title":{"rendered":"MC impulsa Ley para promover la paz; buscan erradicar los \u00edndices de violencia"},"content":{"rendered":"\n<p><br>El Coordinador de la Bancada Naranja, Eduardo Gaona, y la Diputada Ira\u00eds Reyes, presentaron una iniciativa para crear la Ley para la Cultura de Paz de Nuevo Le\u00f3n a fin de crear un marco jur\u00eddico que aporte certeza para la programaci\u00f3n e implementaci\u00f3n de pol\u00edticas p\u00fablicas que promuevan la paz en todos los sentidos y erradicar todo tipo de violencia.<\/p>\n\n\n\n<p><br>En rueda de prensa, Gaona destac\u00f3 que con la iniciativa se busca involucrar a toda la sociedad en las pol\u00edticas p\u00fablicas para la paz, a fin de bajar los \u00edndices delictivos.<\/p>\n\n\n\n<p><br>El Coordinador precis\u00f3 que, a trav\u00e9s de la implementaci\u00f3n de pol\u00edticas p\u00fablicas, la nueva Ley busca, entre otros objetivos, eliminar la violencia de g\u00e9nero, intrafamiliar, en los \u00e1mbitos educacional, laboral y vecinal, y en todos los \u00e1mbitos de las relaciones sociales.<\/p>\n\n\n\n<p><br>El trabajo de la creaci\u00f3n e implementaci\u00f3n de las pol\u00edticas p\u00fablicas, estar\u00e1 a cargo del Ejecutivo, a trav\u00e9s de la Secretar\u00eda de Igualdad e Inclusi\u00f3n, en coordinaci\u00f3n con otras dependencias del Estado y los Municipios.<\/p>\n\n\n\n<p><br>\u201cLo que queremos es que con ciertas acciones que estamos proponiendo se pueda empoderar a la ciudadan\u00eda para que se genere una participaci\u00f3n ciudadana que incide en las pol\u00edticas p\u00fablicas (\u2026) que puedan estar participando y puedan crear esta atm\u00f3sfera donde se cambien los valores, se cambian las tradiciones y los modelos de convivencia en un sentido positivo\u201d, dijo el Coordinador de Movimiento Ciudadano.<\/p>\n\n\n\n<p><br>\u201cEs decir, que se atienda la prevenci\u00f3n de la violencia, que se les escuche, que haya medidas en donde se tomen en cuenta los derechos humanos de todas las personas\u201d.<\/p>\n\n\n\n<p><br>Cabe destacar que la Ley contempla 26 art\u00edculos y 3 transitorios, con el objetivo de respetar, proteger, promover y garantizar la paz como un derecho humano del que todas las personas, sin distinci\u00f3n alguna, son titulares.<\/p>\n\n\n\n<p><br>Al respecto, Reyes indic\u00f3 que la iniciativa se deber\u00e1 aplicar a trav\u00e9s de rubros como la de educaci\u00f3n, seguridad, y acceso a la justicia y la sociedad.<\/p>\n\n\n\n<p><br>Asimismo, que, para reforzar la cultura de paz, en todos los planteles educativos se promover\u00e1 y practicar\u00e1 la no violencia como una forma de vida basada en el respeto y el desarrollo humano.<\/p>\n\n\n\n<p><br>Reyes destac\u00f3 que para garantizar la paz y erradicar la violencia, contratar m\u00e1s polic\u00edas no es la \u00fanica manera, ya que tambi\u00e9n se puede hacer este trabajo con una estrategia de pol\u00edticas p\u00fablicas.<\/p>\n\n\n\n<p><br>\u201cPara la cuesti\u00f3n de inseguridad y violencia, se piensa que la \u00fanica soluci\u00f3n es contratar m\u00e1s polic\u00edas, pero con esta Ley lo que se busca es realizar esfuerzos coordinados entre todas las autoridades para promover una sociedad m\u00e1s pac\u00edfica y que prevalezca el derecho humano a la paz\u201d, dijo la legisladora emecista.<\/p>\n\n\n\n<p><br>\u201cEstos esfuerzos de cultura de paz los ha hecho Movimiento Ciudadano desde la legislatura pasada, de hecho, cuando presentamos esta iniciativa solo sali\u00f3 (que es diferente, hubo muchos cambios), pero sali\u00f3 solamente una reforma Constitucional y lo que queremos es darle aplicaci\u00f3n a este derecho humano a tener paz y seguridad para todas las personas\u201d.<\/p>\n\n\n\n<p><br>Para garantizar la cultura de paz en la entidad, en la creaci\u00f3n y aplicaci\u00f3n de pol\u00edticas p\u00fablicas se involucra tanto al Estado como a sus Municipios, seg\u00fan la iniciativa de Ley.<\/p>\n","protected":false},"excerpt":{"rendered":"<p>El Coordinador de la Bancada Naranja, Eduardo Gaona, y la Diputada Ira\u00eds Reyes, presentaron una iniciativa para crear la Ley&#8230;<\/p>\n","protected":false},"author":1,"featured_media":24326,"comment_status":"open","ping_status":"open","sticky":false,"template":"","format":"standard","meta":[],"categories":[8],"tags":[],"_links":{"self":[{"href":"http:\/\/freelance-mty.com\/index.php?rest_route=\/wp\/v2\/posts\/24323"}],"collection":[{"href":"http:\/\/freelance-mty.com\/index.php?rest_route=\/wp\/v2\/posts"}],"about":[{"href":"http:\/\/freelance-mty.com\/index.php?rest_route=\/wp\/v2\/types\/post"}],"author":[{"embeddable":true,"href":"http:\/\/freelance-mty.com\/index.php?rest_route=\/wp\/v2\/users\/1"}],"replies":[{"embeddable":true,"href":"http:\/\/freelance-mty.com\/index.php?rest_route=%2Fwp%2Fv2%2Fcomments&post=24323"}],"version-history":[{"count":1,"href":"http:\/\/freelance-mty.com\/index.php?rest_route=\/wp\/v2\/posts\/24323\/revisions"}],"predecessor-version":[{"id":24324,"href":"http:\/\/freelance-mty.com\/index.php?rest_route=\/wp\/v2\/posts\/24323\/revisions\/24324"}],"wp:featuredmedia":[{"embeddable":true,"href":"http:\/\/freelance-mty.com\/index.php?rest_route=\/wp\/v2\/media\/24326"}],"wp:attachment":[{"href":"http:\/\/freelance-mty.com\/index.php?rest_route=%2Fwp%2Fv2%2Fmedia&parent=24323"}],"wp:term":[{"taxonomy":"category","embeddable":true,"href":"http:\/\/freelance-mty.com\/index.php?rest_route=%2Fwp%2Fv2%2Fcategories&post=24323"},{"taxonomy":"post_tag","embeddable":true,"href":"http:\/\/freelance-mty.com\/index.php?rest_route=%2Fwp%2Fv2%2Ftags&post=24323"}],"curies":[{"name":"wp","href":"https:\/\/api.w.org\/{rel}","templated":true}]}}