{"id":24902,"date":"2023-04-04T20:48:00","date_gmt":"2023-04-04T20:48:00","guid":{"rendered":"http:\/\/freelance-mty.com\/?p=24902"},"modified":"2023-04-05T08:50:03","modified_gmt":"2023-04-05T08:50:03","slug":"luces-camara-y-accion-por-la-paridad","status":"publish","type":"post","link":"http:\/\/freelance-mty.com\/?p=24902","title":{"rendered":"Luces, c\u00e1mara y acci\u00f3n por la Paridad!"},"content":{"rendered":"\n<p>El IEEPCNL convoca a participar en el Sexto Concurso de Cineminuto #Paridad En Corto \u00bfTienes entre 15 y 29 a\u00f1os, vives en M\u00e9xico y te gustar\u00eda fomentar temas sobre la participaci\u00f3n pol\u00edtica igualitaria de las mujeres con videos cortos? El Instituto Estatal Electoral y de Participaci\u00f3n Ciudadana de Nuevo Le\u00f3n te invita a participar en el Sexto Concurso Nacional de Cineminuto#Paridad En Corto. Para concursar es muy sencillo, solo tienes que reunir los requisitos de la convocatoria lanzada en la categor\u00eda de no profesionales, y registrar un video creativo con duraci\u00f3n exacta de 60 segundos,a trav\u00e9s de la p\u00e1gina web www.ieepcnl.mx, del 3 de abril al 29 de septiembre de 2023.La participaci\u00f3n de los proyectos podr\u00e1 ser individual o grupal, con un m\u00e1ximo de tres integrantes.El video deber\u00e1 tratar uno de los siguientes temas El costo de hacer pol\u00edtica: violencia en contra delas mujeres; Mujeres diversas ocupando la pol\u00edtica (mujeres ind\u00edgenas y afrodescendientes, de la diversidad sexual, con discapacidad, j\u00f3venes; Participaci\u00f3n ciudadana de las mujeres; y Violencia Digital: retos para la participaci\u00f3n de las mujeres en la pol\u00edtica.Las proyecciones participantes podr\u00e1n ser grabadas con c\u00e1maras de video, fotogr\u00e1ficas, de celulares, tabletas electr\u00f3nicas o cualquier otro dispositivo. El primer lugar se premiar\u00e1 con 21 mil pesos; el segundo lugar con 15 mil pesos; y el tercero con 12 mil pesos.Los videos ganadores se revelar\u00e1n el 15 de noviembre en la p\u00e1gina del IEEPCNL; y la premiaci\u00f3n se realizar\u00e1 en el Instituto, el 7 de diciembre. Para m\u00e1s informaci\u00f3n puedes consultar la convocatoria completa de este concurso en:https:\/\/www.ieepcnl.mx\/info\/convocatorias\/cineminuto\/23\/<a rel=\"noreferrer noopener\" target=\"_blank\" href=\"http:\/\/www.ieepcnl.mx\/\"><\/a><a rel=\"noreferrer noopener\" target=\"_blank\" href=\"https:\/\/www.ieepcnl.mx\/info\/convocatorias\/cineminuto\/23\/\"><\/a><\/p>\n","protected":false},"excerpt":{"rendered":"<p>El IEEPCNL convoca a participar en el Sexto Concurso de Cineminuto #Paridad En Corto \u00bfTienes entre 15 y 29 a\u00f1os,&#8230;<\/p>\n","protected":false},"author":1,"featured_media":24906,"comment_status":"open","ping_status":"open","sticky":false,"template":"","format":"standard","meta":[],"categories":[8],"tags":[],"_links":{"self":[{"href":"http:\/\/freelance-mty.com\/index.php?rest_route=\/wp\/v2\/posts\/24902"}],"collection":[{"href":"http:\/\/freelance-mty.com\/index.php?rest_route=\/wp\/v2\/posts"}],"about":[{"href":"http:\/\/freelance-mty.com\/index.php?rest_route=\/wp\/v2\/types\/post"}],"author":[{"embeddable":true,"href":"http:\/\/freelance-mty.com\/index.php?rest_route=\/wp\/v2\/users\/1"}],"replies":[{"embeddable":true,"href":"http:\/\/freelance-mty.com\/index.php?rest_route=%2Fwp%2Fv2%2Fcomments&post=24902"}],"version-history":[{"count":1,"href":"http:\/\/freelance-mty.com\/index.php?rest_route=\/wp\/v2\/posts\/24902\/revisions"}],"predecessor-version":[{"id":24904,"href":"http:\/\/freelance-mty.com\/index.php?rest_route=\/wp\/v2\/posts\/24902\/revisions\/24904"}],"wp:featuredmedia":[{"embeddable":true,"href":"http:\/\/freelance-mty.com\/index.php?rest_route=\/wp\/v2\/media\/24906"}],"wp:attachment":[{"href":"http:\/\/freelance-mty.com\/index.php?rest_route=%2Fwp%2Fv2%2Fmedia&parent=24902"}],"wp:term":[{"taxonomy":"category","embeddable":true,"href":"http:\/\/freelance-mty.com\/index.php?rest_route=%2Fwp%2Fv2%2Fcategories&post=24902"},{"taxonomy":"post_tag","embeddable":true,"href":"http:\/\/freelance-mty.com\/index.php?rest_route=%2Fwp%2Fv2%2Ftags&post=24902"}],"curies":[{"name":"wp","href":"https:\/\/api.w.org\/{rel}","templated":true}]}}