{"id":25076,"date":"2023-04-18T17:14:00","date_gmt":"2023-04-18T17:14:00","guid":{"rendered":"http:\/\/freelance-mty.com\/?p=25076"},"modified":"2023-04-19T01:14:57","modified_gmt":"2023-04-19T01:14:57","slug":"capacitan-en-apodaca-a-servidores-publicos-en-materia-de-derechos-humanos-y-migracion","status":"publish","type":"post","link":"http:\/\/freelance-mty.com\/?p=25076","title":{"rendered":"CAPACITAN EN APODACA A SERVIDORES P\u00daBLICOS EN MATERIA DE DERECHOS HUMANOS Y MIGRACI\u00d3N"},"content":{"rendered":"\n<p><\/p>\n\n\n\n<p><\/p>\n\n\n\n<p>Con la finalidad de actualizar a los servidores p\u00fablicos en materia de derechos de las personas migrantes, as\u00ed como garantizar la protecci\u00f3n de los mismos, el Gobierno Municipal de Apodaca recibi\u00f3 el curso de Capacitaci\u00f3n Estrat\u00e9gica en Materia de Derechos Humanos, Migraci\u00f3n y Protecci\u00f3n Internacional, por parte de autoridades estatales y federales.<\/p>\n\n\n\n<p>Elementos de la Secretar\u00eda de Seguridad P\u00fablica y Vialidad, as\u00ed como funcionarios de la Secretar\u00eda de Prevenci\u00f3n Social, jueces calificadores, entre otros servidores p\u00fablicos municipales, tomaron la capacitaci\u00f3n impartida por la Comisi\u00f3n Mexicana de Ayuda a Refugiados (COMAR), Comisi\u00f3n Estatal de Derechos Humanos (CEDH) y el Instituto Nacional de Migraci\u00f3n (INM).<\/p>\n\n\n\n<p>El Secretario del Ayuntamiento, H\u00e9ctor Morales Rivera, en representaci\u00f3n del alcalde, C\u00e9sar Garza Villarreal, expres\u00f3 el compromiso que tiene el Municipio con las personas migrantes que buscan en Nuevo Le\u00f3n y la ciudad una oportunidad, ya sea como punto de paso o para establecerse de manera definitiva, al tratarse de uno de los estados con mayor \u00edndice de migraci\u00f3n en el pa\u00eds.<\/p>\n\n\n\n<p>\u201cAgradezco el esfuerzo interinstitucional que se est\u00e1 haciendo aqu\u00ed para que Apodaca est\u00e9 preparado para afrontar esta etapa fundamental, no solamente de nuestra comunidad, no solamente de Nuevo Le\u00f3n, sino del pa\u00eds\u201d, dijo Morales Rivera.<\/p>\n\n\n\n<p>Carmita Cisneros Monz\u00f3n, encargada de la oficina de representaci\u00f3n de la COMAR de Nuevo Le\u00f3n, reiter\u00f3 el car\u00e1cter interinstitucional de la capacitaci\u00f3n, que contempla los tres niveles de gobierno: \u201cel curso se dise\u00f1\u00f3 entre dependencias del Gobierno Federal y del Gobierno Estatal, y la intenci\u00f3n es que con los Gobiernos Municipales podamos cerrar la pinza y trabajar en coordinaci\u00f3n para garantizar la informaci\u00f3n necesaria para la atenci\u00f3n de las personas migrantes y con necesidades de protecci\u00f3n internacional\u201d.<\/p>\n\n\n\n<p>Por su parte, Jes\u00fas Mac\u00edas S\u00e1nchez, encargado de la oficina de Representaci\u00f3n del INM en Nuevo Le\u00f3n, explic\u00f3 que la finalidad de esta capacitaci\u00f3n es: \u201cllegar a los servidores p\u00fablicos que tienen contacto con las personas migrantes, para que tengan conocimiento pleno de lo que la ley establece en materia de derechos, obligaciones, identificaci\u00f3n de personas que pudieran necesitar protecci\u00f3n internacional en el estado\u201d.<\/p>\n\n\n\n<p>Mario Arturo Carbajal Roque, director de Derechos Humanos de la Subsecretar\u00eda de la Secretar\u00eda General de Gobierno del Estado, agreg\u00f3 que es importante para los servidores p\u00fablicos, adem\u00e1s de conocer y ejercer la ley de manera apropiada, tengan tambi\u00e9n conocimientos b\u00e1sicos sobre flujos migratorios mixtos con un enfoque de derechos humanos.<\/p>\n\n\n\n<p>En el evento tambi\u00e9n estuvieron presentes la Secretaria de Prevenci\u00f3n Social, Elisa Elizondo, as\u00ed como el Director de Justicia C\u00edvica, Jes\u00fas \u00c1ngel C\u00e1rdenas Ramos.<\/p>\n\n\n\n<p><\/p>\n","protected":false},"excerpt":{"rendered":"<p>Con la finalidad de actualizar a los servidores p\u00fablicos en materia de derechos de las personas migrantes, as\u00ed como garantizar&#8230;<\/p>\n","protected":false},"author":1,"featured_media":25079,"comment_status":"open","ping_status":"open","sticky":false,"template":"","format":"standard","meta":[],"categories":[8],"tags":[],"_links":{"self":[{"href":"http:\/\/freelance-mty.com\/index.php?rest_route=\/wp\/v2\/posts\/25076"}],"collection":[{"href":"http:\/\/freelance-mty.com\/index.php?rest_route=\/wp\/v2\/posts"}],"about":[{"href":"http:\/\/freelance-mty.com\/index.php?rest_route=\/wp\/v2\/types\/post"}],"author":[{"embeddable":true,"href":"http:\/\/freelance-mty.com\/index.php?rest_route=\/wp\/v2\/users\/1"}],"replies":[{"embeddable":true,"href":"http:\/\/freelance-mty.com\/index.php?rest_route=%2Fwp%2Fv2%2Fcomments&post=25076"}],"version-history":[{"count":1,"href":"http:\/\/freelance-mty.com\/index.php?rest_route=\/wp\/v2\/posts\/25076\/revisions"}],"predecessor-version":[{"id":25077,"href":"http:\/\/freelance-mty.com\/index.php?rest_route=\/wp\/v2\/posts\/25076\/revisions\/25077"}],"wp:featuredmedia":[{"embeddable":true,"href":"http:\/\/freelance-mty.com\/index.php?rest_route=\/wp\/v2\/media\/25079"}],"wp:attachment":[{"href":"http:\/\/freelance-mty.com\/index.php?rest_route=%2Fwp%2Fv2%2Fmedia&parent=25076"}],"wp:term":[{"taxonomy":"category","embeddable":true,"href":"http:\/\/freelance-mty.com\/index.php?rest_route=%2Fwp%2Fv2%2Fcategories&post=25076"},{"taxonomy":"post_tag","embeddable":true,"href":"http:\/\/freelance-mty.com\/index.php?rest_route=%2Fwp%2Fv2%2Ftags&post=25076"}],"curies":[{"name":"wp","href":"https:\/\/api.w.org\/{rel}","templated":true}]}}