{"id":25846,"date":"2023-05-14T18:58:00","date_gmt":"2023-05-14T18:58:00","guid":{"rendered":"http:\/\/freelance-mty.com\/?p=25846"},"modified":"2023-05-15T07:22:24","modified_gmt":"2023-05-15T07:22:24","slug":"plantea-heriberto-trevino-coordinacion-de-municipios-y-estado-para-aplicar-programas-sociales","status":"publish","type":"post","link":"http:\/\/freelance-mty.com\/?p=25846","title":{"rendered":"PLANTEA HERIBERTO TREVI\u00d1O COORDINACI\u00d3N DE MUNICIPIOS Y ESTADO PARA APLICAR PROGRAMAS SOCIALES"},"content":{"rendered":"\n<p>Domingo 14 de mayo de 2023<\/p>\n\n\n\n<p><strong>LIGA DE VIDEO<\/strong><\/p>\n\n\n\n<p><\/p>\n\n\n\n<p><\/p>\n\n\n\n<p>\u00b7&nbsp;&nbsp;&nbsp;&nbsp;&nbsp;&nbsp;&nbsp;&nbsp;&nbsp;<em>El Coordinador del GLPRI anunci\u00f3 que presentar\u00e1 iniciativa de reforma a la Ley de Desarrollo Social.<\/em><\/p>\n\n\n\n<p>Para que en Nuevo Le\u00f3n se implementen pol\u00edticas p\u00fablicas integrales en materia de desarrollo social, el Coordinador del Grupo Legislativo del PRI, Heriberto Trevi\u00f1o Cant\u00fa, anunci\u00f3 una iniciativa de reforma a la Ley de Desarrollo Social para que las autoridades municipales y estatales coordinen y complementen esfuerzos en la implementaci\u00f3n de programas sociales en beneficio de los sectores vulnerables.<\/p>\n\n\n\n<p>El tambi\u00e9n presidente de la Comisi\u00f3n de R\u00e9gimen Interno en el Poder Legislativo detall\u00f3 que es necesario unificar esfuerzos y eficientar recursos en pro de los grupos vulnerables, a fin de no duplicar acciones o dispersar apoyos que podr\u00edan tener efectos m\u00e1s contundentes si se fijan objetivos comunes.<\/p>\n\n\n\n<p>&nbsp;\u201cEn aras de retomar y fortalecer los trabajos que puedan mejorar la calidad de vida de la poblaci\u00f3n y lograr la justicia social, en esta iniciativa estoy planteando que el estado y los municipios puedan coordinarse para que la implementaci\u00f3n de programas y acciones para que tengan una mayor facilidad de articulaci\u00f3n en la implementaci\u00f3n de las pol\u00edticas p\u00fablicas\u201d, precis\u00f3.<\/p>\n\n\n\n<p>\u201cLa aplicaci\u00f3n de programas sociales es importante, ya que permitir\u00e1 modular esfuerzos, recursos y voluntades para atender las problem\u00e1ticas sociales de manera eficaz, eficiente y equitativa, con una visi\u00f3n integral y participativa que garantice el bienestar y el desarrollo humano de las personas\u201d, apunt\u00f3 Trevi\u00f1o Cant\u00fa.<\/p>\n\n\n\n<p>La iniciativa plantea modificar las fracciones X y XI, y se adiciona una fracci\u00f3n XII y XIII al art\u00edculo 8 de la Ley de Desarrollo Social del Estado.<\/p>\n\n\n\n<p>La propuesta tambi\u00e9n contempla una nueva disposici\u00f3n para que las autoridades estatales y municipales realicen una evaluaci\u00f3n peri\u00f3dica de los programas sociales para medir su efectividad, alcance y resultados.<\/p>\n\n\n\n<p>\u201cLa implementaci\u00f3n de programas o acciones sociales siempre est\u00e1n orientados a solucionar alguna problem\u00e1tica que afecte a la poblaci\u00f3n, por eso es necesario realizar un diagn\u00f3stico cada cierto tiempo para conocer si realmente se cumplen los objetivos trazados\u201d, justific\u00f3 el l\u00edder de la bancada del PRI.<\/p>\n\n\n\n<p>\u201cDicha evaluaci\u00f3n permitir\u00e1 tener una actualizaci\u00f3n real y palpable, y a la vez, se podr\u00e1n mejorar y adecuar las acciones para que haya un beneficio efectivo a los grupos que realmente necesitan la ayuda\u201d, indic\u00f3.<\/p>\n\n\n\n<p>En tenor, Trevi\u00f1o Cant\u00fa acus\u00f3 recibo de las recientes observaciones del Ejecutivo a una reforma promovida para que los programas sociales est\u00e9n obligados a rendir un informe de actividades al Congreso del Estado.<\/p>\n\n\n\n<p>\u201cNecesitamos tener un pulso real de los programas y por eso propusimos esa iniciativa, por lo que lamentamos que el Ejecutivo haya aplicado un veto, el cual ya fue turnado con car\u00e1cter de urgente a la Comisi\u00f3n de Desarrollo Social para el an\u00e1lisis correspondiente\u201d, asever\u00f3.<\/p>\n\n\n\n<p>\u201cLo que nosotros buscamos es que&nbsp;el gobierno estatal lleve un registro m\u00e1s riguroso sobre las pol\u00edticas p\u00fablicas implementadas en apoyo a los grupos vulnerables y, con los resultados arrojados, trabajar en las \u00e1reas de oportunidad, para emplear las acciones necesarias con las que se pueda revertir los \u00edndices de pobreza en la entidad\u201d, refiri\u00f3.<\/p>\n\n\n\n<p>Trevi\u00f1o Cant\u00fa refiri\u00f3 que, de acuerdo al Consejo Nacional de Evaluaci\u00f3n de la Pol\u00edtica de Desarrollo Social (CONEVAL), del 2018 al 2020 a nivel nacional, se estima que el 14.5% de la poblaci\u00f3n se ubica en situaci\u00f3n de pobreza.<\/p>\n","protected":false},"excerpt":{"rendered":"<p>Domingo 14 de mayo de 2023 LIGA DE VIDEO \u00b7&nbsp;&nbsp;&nbsp;&nbsp;&nbsp;&nbsp;&nbsp;&nbsp;&nbsp;El Coordinador del GLPRI anunci\u00f3 que presentar\u00e1 iniciativa de reforma a&#8230;<\/p>\n","protected":false},"author":1,"featured_media":25851,"comment_status":"open","ping_status":"open","sticky":false,"template":"","format":"standard","meta":[],"categories":[8],"tags":[],"_links":{"self":[{"href":"http:\/\/freelance-mty.com\/index.php?rest_route=\/wp\/v2\/posts\/25846"}],"collection":[{"href":"http:\/\/freelance-mty.com\/index.php?rest_route=\/wp\/v2\/posts"}],"about":[{"href":"http:\/\/freelance-mty.com\/index.php?rest_route=\/wp\/v2\/types\/post"}],"author":[{"embeddable":true,"href":"http:\/\/freelance-mty.com\/index.php?rest_route=\/wp\/v2\/users\/1"}],"replies":[{"embeddable":true,"href":"http:\/\/freelance-mty.com\/index.php?rest_route=%2Fwp%2Fv2%2Fcomments&post=25846"}],"version-history":[{"count":1,"href":"http:\/\/freelance-mty.com\/index.php?rest_route=\/wp\/v2\/posts\/25846\/revisions"}],"predecessor-version":[{"id":25847,"href":"http:\/\/freelance-mty.com\/index.php?rest_route=\/wp\/v2\/posts\/25846\/revisions\/25847"}],"wp:featuredmedia":[{"embeddable":true,"href":"http:\/\/freelance-mty.com\/index.php?rest_route=\/wp\/v2\/media\/25851"}],"wp:attachment":[{"href":"http:\/\/freelance-mty.com\/index.php?rest_route=%2Fwp%2Fv2%2Fmedia&parent=25846"}],"wp:term":[{"taxonomy":"category","embeddable":true,"href":"http:\/\/freelance-mty.com\/index.php?rest_route=%2Fwp%2Fv2%2Fcategories&post=25846"},{"taxonomy":"post_tag","embeddable":true,"href":"http:\/\/freelance-mty.com\/index.php?rest_route=%2Fwp%2Fv2%2Ftags&post=25846"}],"curies":[{"name":"wp","href":"https:\/\/api.w.org\/{rel}","templated":true}]}}