{"id":26007,"date":"2023-05-23T17:06:00","date_gmt":"2023-05-23T17:06:00","guid":{"rendered":"http:\/\/freelance-mty.com\/?p=26007"},"modified":"2023-05-24T05:19:25","modified_gmt":"2023-05-24T05:19:25","slug":"busca-ivonne-alvarez-que-robo-a-escuelas-sea-delito-federal","status":"publish","type":"post","link":"http:\/\/freelance-mty.com\/?p=26007","title":{"rendered":"BUSCA IVONNE \u00c1LVAREZ QUE ROBO A ESCUELAS SEA DELITO FEDERAL"},"content":{"rendered":"\n<p><\/p>\n\n\n\n<p><\/p>\n\n\n\n<p>Para que el robo a escuelas sea considerado un delito federal y amerite prisi\u00f3n preventiva, la Diputada local del PRI, Ivonne \u00c1lvarez Garc\u00eda, present\u00f3 iniciativa de reforma a la Constituci\u00f3n Federal, as\u00ed como al C\u00f3digo Nacional de Procedimientos Penales y al C\u00f3digo Penal Federal.<\/p>\n\n\n\n<p>La legisladora pri\u00edsta detall\u00f3 que con la iniciativa de reforma busca garantizar el derecho a la educaci\u00f3n y a la seguridad de las ni\u00f1as, ni\u00f1os y adolescentes que asisten a las escuelas en la Rep\u00fablica Mexicana.<\/p>\n\n\n\n<p>\u201cEn la iniciativa que estoy presentando propongo que el robo a instituciones educativas sea considerado un delito federal que amerite prisi\u00f3n preventiva oficiosa, y tambi\u00e9n se propone su definici\u00f3n, para reforzar la protecci\u00f3n de las escuelas a nivel nacional, ya que esta conducta antisocial, vulnera gravemente la educaci\u00f3n y el desarrollo de las ni\u00f1as, ni\u00f1os y j\u00f3venes en M\u00e9xico, y a su vez genera un da\u00f1o patrimonial al Estado\u201d, apunt\u00f3 la legisladora local.<\/p>\n\n\n\n<p>\u201cLos robos a las escuelas son una muestra m\u00e1s de esta situaci\u00f3n de inseguridad y violencia que vulnera los derechos humanos y civiles de los ciudadanos y que erosiona la confianza en las instituciones p\u00fablicas encargadas de garantizar la seguridad y la justicia\u201d, asever\u00f3.<\/p>\n\n\n\n<p>De acuerdo a datos recopilados de las Fiscal\u00edas Estatales y las Secretar\u00edas de Educaci\u00f3n, por ejemplo, entre marzo de 2020 y marzo del 2021, en M\u00e9xico se registraron 7 mil robos a planteles educativos,<\/p>\n\n\n\n<p>\u00c1lvarez Garc\u00eda puntualiz\u00f3 que a\u00fan y cuando el robo a las escuelas es un problema recurrente y creciente en M\u00e9xico, no existe una estrategia integral, ni coordinada entre los diferentes niveles de gobierno para enfrentarlo.<\/p>\n\n\n\n<p>La iniciativa de reforma que fue entregada en la Oficial\u00eda de Partes del Congreso del Estado contempla modificar el art\u00edculo 19 de la Constituci\u00f3n Federal, el art\u00edculo 167 del C\u00f3digo Nacional de Procedimientos Penales y agregar un art\u00edculo 381 sexties al C\u00f3digo Penal Federal para imponer sanciones a quien cometa un robo en planteles educativos.<\/p>\n\n\n\n<p>\u201cEstoy proponiendo que se establezca una sanci\u00f3n de uno a 10 a\u00f1os a quien se apodere de uno o m\u00e1s bienes de las instituciones educativas cuyo valor sea mayor a los 5 mil pesos\u201d, precis\u00f3.<\/p>\n\n\n\n<p>\u201cEsa misma sanci\u00f3n se aplicar\u00eda para quien robe alg\u00fan objeto que sea utilizado para la prestaci\u00f3n de servicios de alumbrado, agua potable, drenaje, gas natural o se\u00f1alizaci\u00f3n de cualquier escuela\u201d, agreg\u00f3.<\/p>\n\n\n\n<p>La legisladora pri\u00edsta afirm\u00f3 que los robos a las escuelas generan un c\u00edrculo vicioso entre pobreza, desigualdad y violencia que afecta el desarrollo sustentable del pa\u00eds.<\/p>\n","protected":false},"excerpt":{"rendered":"<p>Para que el robo a escuelas sea considerado un delito federal y amerite prisi\u00f3n preventiva, la Diputada local del PRI,&#8230;<\/p>\n","protected":false},"author":1,"featured_media":26009,"comment_status":"open","ping_status":"open","sticky":false,"template":"","format":"standard","meta":[],"categories":[7],"tags":[],"_links":{"self":[{"href":"http:\/\/freelance-mty.com\/index.php?rest_route=\/wp\/v2\/posts\/26007"}],"collection":[{"href":"http:\/\/freelance-mty.com\/index.php?rest_route=\/wp\/v2\/posts"}],"about":[{"href":"http:\/\/freelance-mty.com\/index.php?rest_route=\/wp\/v2\/types\/post"}],"author":[{"embeddable":true,"href":"http:\/\/freelance-mty.com\/index.php?rest_route=\/wp\/v2\/users\/1"}],"replies":[{"embeddable":true,"href":"http:\/\/freelance-mty.com\/index.php?rest_route=%2Fwp%2Fv2%2Fcomments&post=26007"}],"version-history":[{"count":1,"href":"http:\/\/freelance-mty.com\/index.php?rest_route=\/wp\/v2\/posts\/26007\/revisions"}],"predecessor-version":[{"id":26008,"href":"http:\/\/freelance-mty.com\/index.php?rest_route=\/wp\/v2\/posts\/26007\/revisions\/26008"}],"wp:featuredmedia":[{"embeddable":true,"href":"http:\/\/freelance-mty.com\/index.php?rest_route=\/wp\/v2\/media\/26009"}],"wp:attachment":[{"href":"http:\/\/freelance-mty.com\/index.php?rest_route=%2Fwp%2Fv2%2Fmedia&parent=26007"}],"wp:term":[{"taxonomy":"category","embeddable":true,"href":"http:\/\/freelance-mty.com\/index.php?rest_route=%2Fwp%2Fv2%2Fcategories&post=26007"},{"taxonomy":"post_tag","embeddable":true,"href":"http:\/\/freelance-mty.com\/index.php?rest_route=%2Fwp%2Fv2%2Ftags&post=26007"}],"curies":[{"name":"wp","href":"https:\/\/api.w.org\/{rel}","templated":true}]}}