{"id":27249,"date":"2023-09-13T23:11:00","date_gmt":"2023-09-13T23:11:00","guid":{"rendered":"http:\/\/freelance-mty.com\/?p=27249"},"modified":"2023-09-14T00:17:09","modified_gmt":"2023-09-14T00:17:09","slug":"facultad-de-ciencias-quimicas-90-anos-de-ser-un-polo-cientifico-de-la-uanl","status":"publish","type":"post","link":"http:\/\/freelance-mty.com\/?p=27249","title":{"rendered":"Facultad de Ciencias Qu\u00edmicas: 90 a\u00f1os de ser un polo cient\u00edfico de la UANL"},"content":{"rendered":"\n<p><\/p>\n\n\n\n<p><strong><em>La Facultad de Ciencias Qu\u00edmicas celebr\u00f3 nueve d\u00e9cadas agradeciendo las aportaciones de cuatro exdirectores y develando una nueva escultura del s\u00edmbolo de la instituci\u00f3n.<\/em><\/strong><\/p>\n\n\n\n<p>La&nbsp;<a rel=\"noreferrer noopener\" target=\"_blank\" href=\"http:\/\/fcq.uanl.mx\/\">Facultad de Ciencias Qu\u00edmicas<\/a>&nbsp;de la&nbsp;<a rel=\"noreferrer noopener\" target=\"_blank\" href=\"http:\/\/uanl.mx\/\">UANL<\/a>&nbsp;celebr\u00f3 sus nueve d\u00e9cadas de vida reconociendo a cuatro exdirectores y develando la nueva escultura del B\u00faho que se ubica en el frontis de la dependencia universitaria.<\/p>\n\n\n\n<p>El Rector Santos Guzm\u00e1n L\u00f3pez encabez\u00f3 los festejos de la instituci\u00f3n que tuvo sus inicios el 19 de septiembre de 1933 llevando por nombre&nbsp;Facultad de Qu\u00edmica y Farmacia&nbsp;y teniendo como primer director al profesor Antonio Castillo.<\/p>\n\n\n\n<p>\u201cHoy en el marco del 90 aniversario de la Universidad tambi\u00e9n estamos celebrando los 90 a\u00f1os de una de las escuelas fundadoras de nuestra M\u00e1xima Casa de Estudios. Desde sus inicios, hace nueve d\u00e9cadas, ha sido una pieza clave en el desarrollo de esta Universidad y del crecimiento de nuestro estado como uno de los polos cient\u00edficos m\u00e1s importantes de M\u00e9xico\u201d, expres\u00f3 el doctor Santos Guzm\u00e1n L\u00f3pez.<\/p>\n\n\n\n<p>Como agradecimiento por sus aportaciones al desarrollo de la Facultad de Ciencias Qu\u00edmicas de la UANL, cuatro ex directores fueron distinguidos por la instituci\u00f3n:&nbsp;Jos\u00e9 Manuel Mart\u00ednez Delgado&nbsp;(1995-2001),&nbsp;Emilia Edith V\u00e1squez Far\u00edas (2001-2007),&nbsp;Sergio Salvador Fern\u00e1ndez Delgadillo&nbsp;(2007-2013) y&nbsp;Eduardo Soto Regalado&nbsp;(2013-2019).<\/p>\n\n\n\n<p>La nueva escultura del B\u00faho fue develada por el Rector Santos Guzm\u00e1n L\u00f3pez en el frontis de la facultad acompa\u00f1ado de diversas autoridades universitarias, as\u00ed como por el escultor Juan Canfield, creador de la figura formada en microconcreto con un alto de 2.30 metros y un peso de 520 kilogramos.<\/p>\n\n\n\n<figure class=\"wp-block-image size-large\"><a href=\"http:\/\/freelance-mty.com\/wp-content\/uploads\/2023\/09\/2R1A7952.jpg\"><img loading=\"lazy\" width=\"1024\" height=\"682\" src=\"http:\/\/freelance-mty.com\/wp-content\/uploads\/2023\/09\/2R1A7952-1024x682.jpg\" alt=\"\" class=\"wp-image-27253\" srcset=\"http:\/\/freelance-mty.com\/wp-content\/uploads\/2023\/09\/2R1A7952-1024x682.jpg 1024w, http:\/\/freelance-mty.com\/wp-content\/uploads\/2023\/09\/2R1A7952-300x200.jpg 300w, http:\/\/freelance-mty.com\/wp-content\/uploads\/2023\/09\/2R1A7952-768x512.jpg 768w, http:\/\/freelance-mty.com\/wp-content\/uploads\/2023\/09\/2R1A7952-1536x1024.jpg 1536w, http:\/\/freelance-mty.com\/wp-content\/uploads\/2023\/09\/2R1A7952.jpg 2000w\" sizes=\"(max-width: 1024px) 100vw, 1024px\" \/><\/a><\/figure>\n\n\n\n<p><strong>Compromiso con la investigaci\u00f3n e innovaci\u00f3n<\/strong><\/p>\n\n\n\n<p>La directora de la Facultad de Ciencias Qu\u00edmicas de la UANL, Argelia Vargas Moreno, enfatiz\u00f3 durante su mensaje que el compromiso con la investigaci\u00f3n de vanguardia y la innovaci\u00f3n continuar\u00e1 siendo uno de los pilares fundamentales de la instituci\u00f3n.<\/p>\n\n\n\n<p>\u201cEn este significativo aniversario, reafirmamos nuestro compromiso con la educaci\u00f3n de calidad, la investigaci\u00f3n de frontera y el servicio a la sociedad. Seguiremos realizando investigaciones pioneras que contribuyan al avance del conocimiento en la ciencia y la tecnolog\u00eda y que tengan un impacto positivo en la industria y la sociedad en general\u201d, coment\u00f3 Vargas Moreno<\/p>\n\n\n\n<p>En este sentido, el Rector de la UANL, Santos Guzm\u00e1n L\u00f3pez, coincidi\u00f3 con la titular de la facultad explicando que esta dependencia universitaria siempre se ha destacado por el compromiso con la mejora continua, la investigaci\u00f3n de impacto, as\u00ed como por la calidad de sus egresados, quienes son reconocidos por su competitividad y gran calidad humana.<\/p>\n\n\n\n<p>\u201cEn esta facultad se han formado decena de generaciones de profesionistas que han dejado huella en diversos campos desde la industria qu\u00edmica, la farmacia, la energ\u00eda y la protecci\u00f3n ambiental dejando en alto el nivel educativo que se recibe en esta instituci\u00f3n\u201d, destac\u00f3 Guzm\u00e1n L\u00f3pez.<\/p>\n\n\n\n<p><strong>Logros de la facultad&nbsp;<\/strong><\/p>\n\n\n\n<p>\u00b7&nbsp;&nbsp;&nbsp;&nbsp;&nbsp;&nbsp;Se tiene implementado y es parte de su operaci\u00f3n diaria el sistema de gesti\u00f3n de calidad que certifica la Norma ISO 9001-2015 en todos los procesos acad\u00e9micos y administrativos.<\/p>\n\n\n\n<p>\u00b7&nbsp;&nbsp;&nbsp;&nbsp;&nbsp;&nbsp;Los programas de licenciatura est\u00e1n acreditados a nivel nacional e internacional.<\/p>\n\n\n\n<p>\u00b7&nbsp;&nbsp;&nbsp;&nbsp;&nbsp;&nbsp;Los posgrados en ciencias, tanto de maestr\u00edas como de doctorados, se encuentran reconocidos por el Sistema Nacional de Posgrados en el Nivel I.<\/p>\n\n\n\n<p>\u00b7&nbsp;&nbsp;&nbsp;&nbsp;&nbsp;&nbsp;Durante los \u00faltimos cuatro a\u00f1os, la Asociaci\u00f3n Nacional de Facultades y Escuelas de Ingenier\u00eda le ha otorgado el reconocimiento como una de las mejores instituciones de ingenier\u00eda del pa\u00eds en la categor\u00eda de escuela consolidada y con reconocimiento internacional.<\/p>\n\n\n\n<p><strong>Historia de la FCQ<\/strong><\/p>\n\n\n\n<p>\u00b7&nbsp;&nbsp;&nbsp;&nbsp;&nbsp;&nbsp;Los primeros estudios de qu\u00edmica registrados en Nuevo Le\u00f3n fueron instituidos por el Dr. Jos\u00e9 Eleuterio G\u00f3mez en 1835 y se realizaron al iniciar la C\u00e1tedra de Qu\u00edmica y Farmacia.<\/p>\n\n\n\n<p>\u00b7&nbsp;&nbsp;&nbsp;&nbsp;&nbsp;&nbsp;El 19 de septiembre de 1933 naci\u00f3 la Facultad de Qu\u00edmica y Farmacia. Su primer director fue el profesor Antonio Castillo.<\/p>\n\n\n\n<p>\u00b7&nbsp;&nbsp;&nbsp;&nbsp;&nbsp;&nbsp;En 1936 se inici\u00f3 la carrera de Qu\u00edmico Industrial y en 1938 la de Ingeniero Qu\u00edmico.<\/p>\n\n\n\n<p>\u00b7&nbsp;&nbsp;&nbsp;&nbsp;&nbsp;&nbsp;En 1943 se cambi\u00f3 formalmente el nombre a la Facultad de Qu\u00edmica y Farmacia por el de Facultad de Ciencias Qu\u00edmicas.<\/p>\n\n\n\n<p>\u00b7&nbsp;&nbsp;&nbsp;&nbsp;&nbsp;&nbsp;En 1968 se iniciaron las maestr\u00edas de Administraci\u00f3n e Ingenier\u00eda Industrial.<\/p>\n\n\n\n<p>\u00b7&nbsp;&nbsp;&nbsp;&nbsp;&nbsp;&nbsp;En 1990 se aprob\u00f3 el programa del Doctorado en Qu\u00edmica.<\/p>\n\n\n\n<p>\u00b7&nbsp;&nbsp;&nbsp;&nbsp;&nbsp;&nbsp;Se construy\u00f3 el mural denominado \u201cIntegraci\u00f3n y pensamiento\u201d realizado por el maestro Guillermo Ceniceros en 1998.<\/p>\n\n\n\n<p>\u00b7&nbsp;&nbsp;&nbsp;&nbsp;&nbsp;&nbsp;En periodo de 2001 a 2007, la facultad tuvo a su primera directora, la QFB Emilia Edith V\u00e1squez Far\u00edas.<\/p>\n\n\n\n<p>\u00b7&nbsp;&nbsp;&nbsp;&nbsp;&nbsp;&nbsp;En 2001 se inaugur\u00f3 la Farmacia Universitaria con el concepto de farmacia-escuela, la cual es \u00fanica en su tipo en M\u00e9xico.<\/p>\n\n\n\n<p>\u00b7&nbsp;&nbsp;&nbsp;&nbsp;&nbsp;&nbsp;En 2015 se le entreg\u00f3 a la facultad el Centro de Investigaci\u00f3n en Biotecnolog\u00eda y Nanotecnolog\u00eda.<\/p>\n\n\n\n<p>\u00b7\u00a0\u00a0\u00a0\u00a0\u00a0\u00a0En 2017 inici\u00f3 la carrera de Ingeniero Ambiental.<\/p>\n\n\n\n<figure class=\"wp-block-image size-large\"><a href=\"http:\/\/freelance-mty.com\/wp-content\/uploads\/2023\/09\/2R1A8057.jpg\"><img loading=\"lazy\" width=\"1024\" height=\"682\" src=\"http:\/\/freelance-mty.com\/wp-content\/uploads\/2023\/09\/2R1A8057-1024x682.jpg\" alt=\"\" class=\"wp-image-27256\" srcset=\"http:\/\/freelance-mty.com\/wp-content\/uploads\/2023\/09\/2R1A8057-1024x682.jpg 1024w, http:\/\/freelance-mty.com\/wp-content\/uploads\/2023\/09\/2R1A8057-300x200.jpg 300w, http:\/\/freelance-mty.com\/wp-content\/uploads\/2023\/09\/2R1A8057-768x512.jpg 768w, http:\/\/freelance-mty.com\/wp-content\/uploads\/2023\/09\/2R1A8057-1536x1024.jpg 1536w, http:\/\/freelance-mty.com\/wp-content\/uploads\/2023\/09\/2R1A8057.jpg 2000w\" sizes=\"(max-width: 1024px) 100vw, 1024px\" \/><\/a><\/figure>\n","protected":false},"excerpt":{"rendered":"<p>La Facultad de Ciencias Qu\u00edmicas celebr\u00f3 nueve d\u00e9cadas agradeciendo las aportaciones de cuatro exdirectores y develando una nueva escultura del&#8230;<\/p>\n","protected":false},"author":1,"featured_media":27252,"comment_status":"open","ping_status":"open","sticky":false,"template":"","format":"standard","meta":[],"categories":[7],"tags":[],"_links":{"self":[{"href":"http:\/\/freelance-mty.com\/index.php?rest_route=\/wp\/v2\/posts\/27249"}],"collection":[{"href":"http:\/\/freelance-mty.com\/index.php?rest_route=\/wp\/v2\/posts"}],"about":[{"href":"http:\/\/freelance-mty.com\/index.php?rest_route=\/wp\/v2\/types\/post"}],"author":[{"embeddable":true,"href":"http:\/\/freelance-mty.com\/index.php?rest_route=\/wp\/v2\/users\/1"}],"replies":[{"embeddable":true,"href":"http:\/\/freelance-mty.com\/index.php?rest_route=%2Fwp%2Fv2%2Fcomments&post=27249"}],"version-history":[{"count":3,"href":"http:\/\/freelance-mty.com\/index.php?rest_route=\/wp\/v2\/posts\/27249\/revisions"}],"predecessor-version":[{"id":27257,"href":"http:\/\/freelance-mty.com\/index.php?rest_route=\/wp\/v2\/posts\/27249\/revisions\/27257"}],"wp:featuredmedia":[{"embeddable":true,"href":"http:\/\/freelance-mty.com\/index.php?rest_route=\/wp\/v2\/media\/27252"}],"wp:attachment":[{"href":"http:\/\/freelance-mty.com\/index.php?rest_route=%2Fwp%2Fv2%2Fmedia&parent=27249"}],"wp:term":[{"taxonomy":"category","embeddable":true,"href":"http:\/\/freelance-mty.com\/index.php?rest_route=%2Fwp%2Fv2%2Fcategories&post=27249"},{"taxonomy":"post_tag","embeddable":true,"href":"http:\/\/freelance-mty.com\/index.php?rest_route=%2Fwp%2Fv2%2Ftags&post=27249"}],"curies":[{"name":"wp","href":"https:\/\/api.w.org\/{rel}","templated":true}]}}