{"id":27441,"date":"2023-09-26T20:09:00","date_gmt":"2023-09-26T20:09:00","guid":{"rendered":"http:\/\/freelance-mty.com\/?p=27441"},"modified":"2023-09-28T00:14:37","modified_gmt":"2023-09-28T00:14:37","slug":"entrega-apodaca-premio-al-merito-ecologico","status":"publish","type":"post","link":"http:\/\/freelance-mty.com\/?p=27441","title":{"rendered":"ENTREGA APODACA PREMIO AL M\u00c9RITO ECOL\u00d3GICO"},"content":{"rendered":"\n<p><\/p>\n\n\n\n<p>Con el prop\u00f3sito de reconocer la labor ambiental y de inspiraci\u00f3n en el cuidado del planeta, que realizan los diversos sectores de la sociedad, se llev\u00f3 a cabo la primera entrega del Premio al M\u00e9rito Ecol\u00f3gico \u2018Apodaca M\u00e1s Verde\u2019 2023.<\/p>\n\n\n\n<p>Los ganadores de esta primera edici\u00f3n fueron: en la categor\u00eda Empresarial, Roger Foam; en la Acad\u00e9mica, el Jard\u00edn de Ni\u00f1os \u2018Cuitl\u00e1huac\u2019; en la de Asociaci\u00f3n Civil, la estatuilla se la llev\u00f3 Profauna, A.C.; y en Comunidad, el premio lo recibi\u00f3 Esthela Garza.<\/p>\n\n\n\n<p>El evento estuvo presidido por el Alcalde C\u00e9sar Garza Villarreal; el Secretario de Obras P\u00fablicas, Desarrollo Urbano, Ecolog\u00eda y Transporte, Gerardo Garc\u00eda; Carmen Arredondo, Presidenta del DIF Municipal; H\u00e9ctor Morales Rivera, Secretario del Republicano Ayuntamiento; los diputados Gabriela Govea y Filiberto Flores, entre otros invitados.<\/p>\n\n\n\n<p>En su mensaje, Garza Villarreal celebr\u00f3 esta primera entrega al tratarse de un evento de educaci\u00f3n y cultura, que contrasta con los tiempos actuales en los que el \u00e1rea metropolitana vive los niveles de contaminaci\u00f3n m\u00e1s altos de la historia.<\/p>\n\n\n\n<p>El Alcalde se\u00f1al\u00f3 que actualmente la industria ha incrementado su capacidad de producci\u00f3n, pero tambi\u00e9n los seres humanos nos estamos comiendo al mundo m\u00e1s r\u00e1pido que nunca.<\/p>\n\n\n\n<p>\u201cAfortunadamente, hay una nueva visi\u00f3n en el mundo de que no hay sostenibilidad en el desarrollo si no cuidamos el medio ambiente, y hay un cambio, una revoluci\u00f3n. Hoy, si la empresa no es sostenible, sustentable, comprometida con el medio ambiente, no las queremos cerca de nosotros. Y la industria se ha dado cuenta de que, o invierte en tecnolog\u00eda para ser amigable con el medio ambiente, o tienden a desaparecer\u201d, expres\u00f3.<\/p>\n\n\n\n<p>Gerardo Garc\u00eda mencion\u00f3 que, a trav\u00e9s de la convocatoria, se registraron m\u00e1s de 100 participantes para exponer su aportaci\u00f3n al medio ambiente, y as\u00ed ser uno de los ganadores de la presea.<\/p>\n\n\n\n<p>El Secretario coment\u00f3 que as\u00ed como Apodaca es la capital industrial de Nuevo Le\u00f3n, tambi\u00e9n hay que reconocer la parte del m\u00e9rito ecol\u00f3gico de la sociedad apodaquense.<\/p>\n\n\n\n<p>\u201cEs momento de reconocer a todos aquellos que hacen un esfuerzo extra por nuestro planeta, por nuestra comunidad; es una realidad que nos toca a nosotros ya tener esto fijo, la parte de la cultura verde y crecer con ello desde el d\u00eda cero, al nacer, y que sea como una forma de vivir\u201d, destac\u00f3 Garc\u00eda.<\/p>\n\n\n\n<p>Inform\u00f3 que ha aumentado en un 54 por ciento la recolecci\u00f3n de materiales reciclables, lo que significa un mayor compromiso de la sociedad de cuidar y reciclar la basura que se puede reutilizar.<\/p>\n\n\n\n<p>Y, por otra parte, se ha aumentado en un 300 por ciento la plantaci\u00f3n de \u00e1rboles nativos en el Municipio, es decir, m\u00e1s de 10 mil \u00e1rboles que van a sobrevivir a la sequ\u00eda que se vive actualmente en la regi\u00f3n.<\/p>\n","protected":false},"excerpt":{"rendered":"<p>Con el prop\u00f3sito de reconocer la labor ambiental y de inspiraci\u00f3n en el cuidado del planeta, que realizan los diversos&#8230;<\/p>\n","protected":false},"author":1,"featured_media":27444,"comment_status":"open","ping_status":"open","sticky":false,"template":"","format":"standard","meta":[],"categories":[7],"tags":[],"_links":{"self":[{"href":"http:\/\/freelance-mty.com\/index.php?rest_route=\/wp\/v2\/posts\/27441"}],"collection":[{"href":"http:\/\/freelance-mty.com\/index.php?rest_route=\/wp\/v2\/posts"}],"about":[{"href":"http:\/\/freelance-mty.com\/index.php?rest_route=\/wp\/v2\/types\/post"}],"author":[{"embeddable":true,"href":"http:\/\/freelance-mty.com\/index.php?rest_route=\/wp\/v2\/users\/1"}],"replies":[{"embeddable":true,"href":"http:\/\/freelance-mty.com\/index.php?rest_route=%2Fwp%2Fv2%2Fcomments&post=27441"}],"version-history":[{"count":1,"href":"http:\/\/freelance-mty.com\/index.php?rest_route=\/wp\/v2\/posts\/27441\/revisions"}],"predecessor-version":[{"id":27442,"href":"http:\/\/freelance-mty.com\/index.php?rest_route=\/wp\/v2\/posts\/27441\/revisions\/27442"}],"wp:featuredmedia":[{"embeddable":true,"href":"http:\/\/freelance-mty.com\/index.php?rest_route=\/wp\/v2\/media\/27444"}],"wp:attachment":[{"href":"http:\/\/freelance-mty.com\/index.php?rest_route=%2Fwp%2Fv2%2Fmedia&parent=27441"}],"wp:term":[{"taxonomy":"category","embeddable":true,"href":"http:\/\/freelance-mty.com\/index.php?rest_route=%2Fwp%2Fv2%2Fcategories&post=27441"},{"taxonomy":"post_tag","embeddable":true,"href":"http:\/\/freelance-mty.com\/index.php?rest_route=%2Fwp%2Fv2%2Ftags&post=27441"}],"curies":[{"name":"wp","href":"https:\/\/api.w.org\/{rel}","templated":true}]}}