{"id":28603,"date":"2024-01-31T21:28:04","date_gmt":"2024-01-31T21:28:04","guid":{"rendered":"http:\/\/freelance-mty.com\/?p=28603"},"modified":"2024-01-31T21:29:03","modified_gmt":"2024-01-31T21:29:03","slug":"brinda-uanl-apoyo-psicologico-en-clinica-saludable-mente","status":"publish","type":"post","link":"http:\/\/freelance-mty.com\/?p=28603","title":{"rendered":"Brinda UANL apoyo psicol\u00f3gico en Cl\u00ednica Saludable-Mente"},"content":{"rendered":"\n<p><\/p>\n\n\n\n<p><strong><em>El nuevo espacio universitario brindar\u00e1 en Apodaca un diagn\u00f3stico, tratamiento y acompa\u00f1amiento a 200 pacientes diarios por personal de la Facultad de Psicolog\u00eda.<\/em><\/strong><\/p>\n\n\n\n<p>La Cl\u00ednica de Salud Mental Saludable-Mente de la Universidad Aut\u00f3noma de Nuevo Le\u00f3n fue puesta en marcha en Apodaca para brindar atenci\u00f3n psicol\u00f3gica a los habitantes de este municipio metropolitano que padezcan, principalmente, depresi\u00f3n y ansiedad.<\/p>\n\n\n\n<p>El Rector de la UANL, Santos Guzm\u00e1n L\u00f3pez, cort\u00f3 el list\u00f3n inaugural del nuevo espacio universitario con la intenci\u00f3n de ofrecer 11 mil horas de terapia psicol\u00f3gica en su fase inicial. Estuvo acompa\u00f1ado por el Alcalde C\u00e9sar Garza Villarreal y el director de la Facultad de Psicolog\u00eda, Mario Alberto Loredo Villa.<\/p>\n\n\n\n<p>\u201cEs importante mencionar que la Universidad se preocupa por la salud en general tanto al interior de su comunidad universitaria como al exterior con los ciudadanos y la parte mental no es la excepci\u00f3n. Esta cl\u00ednica y los servicios que ofrecer\u00e1 por parte de los especialistas de la Facultad de Psicolog\u00eda es para la sociedad\u201d, puntualiz\u00f3 Guzm\u00e1n L\u00f3pez.<\/p>\n\n\n\n<p>La cl\u00ednica de salud mental arranca operaciones con 22 consultorios y brindar\u00e1 diagn\u00f3stico, tratamiento y acompa\u00f1amiento. En un mediano plazo, la idea es ampliar el lugar con ocho consultorios adicionales para sumar 30 en total. Tambi\u00e9n cuenta con una sala de usos m\u00faltiples, \u00e1rea de orientaci\u00f3n vocacional, trabajo social y un jard\u00edn exterior para actividades l\u00fadicas.<\/p>\n\n\n\n<p>Atender\u00e1 primordialmente a ciudadanos que no puedan pagar una consulta psicol\u00f3gica privada. Sin embargo, a las personas que quieran atenderse en la cl\u00ednica, dependiendo de su situaci\u00f3n socioecon\u00f3mica, podr\u00eda aplicarles una cuota de recuperaci\u00f3n.<\/p>\n\n\n\n<p>\u201cSe va a dar un servicio integral para toda la comunidad que as\u00ed lo requiera. Vamos a atender tambi\u00e9n a infantes y adolescentes. Estimamos recibir a alrededor de 200 pacientes al d\u00eda y ser\u00e1n evaluados por 25 psic\u00f3logos m\u00e1s los estudiantes que est\u00e9n en la etapa en que realizan sus pr\u00e1cticas profesionales.<\/p>\n\n\n\n<p>\u201cAlgo importante que hay que mencionar es que la salud mental es cara, ya que alguien que va a terapia psicol\u00f3gica paga por una consulta cerca de 500 hasta 2 mil 500 pesos, por lo que este espacio va a tener una responsabilidad social en el sentido de que la persona que no pueda pagar su consulta va a tenerla totalmente gratuita\u201d, detall\u00f3 Mario Alberto Loredo Villa.<\/p>\n\n\n\n<p>La Cl\u00ednica de Salud Mental Saludable-Mente de la UANL est\u00e1 ubicada en el Libramiento Norte 303 en Apodaca, Nuevo Le\u00f3n, a espaldas de la Preparatoria 1. Su horario de atenci\u00f3n ser\u00e1 de lunes a viernes de 8:00 a 18:00 horas. Si te interesan sus servicios, ac\u00e9rcate directamente a la cl\u00ednica para una preconsulta.<\/p>\n\n\n\n<p><strong>Cl\u00ednica de Salud Mental UANL Unidad Apodaca<\/strong><\/p>\n\n\n\n<p>\u00b7&nbsp;&nbsp;&nbsp;&nbsp;&nbsp;&nbsp;&nbsp;Atender\u00e1 a infantes, adolescentes, adultos y personas de la tercera edad.<\/p>\n\n\n\n<p>\u00b7&nbsp;&nbsp;&nbsp;&nbsp;&nbsp;&nbsp;&nbsp;Depresi\u00f3n, ansiedad y adicciones.<\/p>\n\n\n\n<p>\u00b7&nbsp;&nbsp;&nbsp;&nbsp;&nbsp;&nbsp;&nbsp;Terapia individual.<\/p>\n\n\n\n<p>\u00b7&nbsp;&nbsp;&nbsp;&nbsp;&nbsp;&nbsp;&nbsp;Diagn\u00f3stico, tratamiento y acompa\u00f1amiento.<\/p>\n\n\n\n<p>\u00b7&nbsp;&nbsp;&nbsp;&nbsp;&nbsp;&nbsp;&nbsp;Estiman atender a cerca de 200 pacientes diarios.<\/p>\n\n\n\n<p>\u00b7&nbsp;&nbsp;&nbsp;&nbsp;&nbsp;&nbsp;&nbsp;Comenzar\u00e1n con 22 consultorios con la opci\u00f3n de expandirse con ocho m\u00e1s.<\/p>\n\n\n\n<p>\u00b7&nbsp;&nbsp;&nbsp;&nbsp;&nbsp;&nbsp;&nbsp;\u00c1reas de atenci\u00f3n: psicoanal\u00edtica, social, cognitiva-conductual, neuropsicolog\u00eda.<\/p>\n\n\n\n<p>\u00b7&nbsp;&nbsp;&nbsp;&nbsp;&nbsp;&nbsp;&nbsp;Fue inaugurada el 29 de enero de 2024.<\/p>\n","protected":false},"excerpt":{"rendered":"<p>El nuevo espacio universitario brindar\u00e1 en Apodaca un diagn\u00f3stico, tratamiento y acompa\u00f1amiento a 200 pacientes diarios por personal de la&#8230;<\/p>\n","protected":false},"author":1,"featured_media":28605,"comment_status":"open","ping_status":"open","sticky":false,"template":"","format":"standard","meta":[],"categories":[7],"tags":[],"_links":{"self":[{"href":"http:\/\/freelance-mty.com\/index.php?rest_route=\/wp\/v2\/posts\/28603"}],"collection":[{"href":"http:\/\/freelance-mty.com\/index.php?rest_route=\/wp\/v2\/posts"}],"about":[{"href":"http:\/\/freelance-mty.com\/index.php?rest_route=\/wp\/v2\/types\/post"}],"author":[{"embeddable":true,"href":"http:\/\/freelance-mty.com\/index.php?rest_route=\/wp\/v2\/users\/1"}],"replies":[{"embeddable":true,"href":"http:\/\/freelance-mty.com\/index.php?rest_route=%2Fwp%2Fv2%2Fcomments&post=28603"}],"version-history":[{"count":1,"href":"http:\/\/freelance-mty.com\/index.php?rest_route=\/wp\/v2\/posts\/28603\/revisions"}],"predecessor-version":[{"id":28604,"href":"http:\/\/freelance-mty.com\/index.php?rest_route=\/wp\/v2\/posts\/28603\/revisions\/28604"}],"wp:featuredmedia":[{"embeddable":true,"href":"http:\/\/freelance-mty.com\/index.php?rest_route=\/wp\/v2\/media\/28605"}],"wp:attachment":[{"href":"http:\/\/freelance-mty.com\/index.php?rest_route=%2Fwp%2Fv2%2Fmedia&parent=28603"}],"wp:term":[{"taxonomy":"category","embeddable":true,"href":"http:\/\/freelance-mty.com\/index.php?rest_route=%2Fwp%2Fv2%2Fcategories&post=28603"},{"taxonomy":"post_tag","embeddable":true,"href":"http:\/\/freelance-mty.com\/index.php?rest_route=%2Fwp%2Fv2%2Ftags&post=28603"}],"curies":[{"name":"wp","href":"https:\/\/api.w.org\/{rel}","templated":true}]}}