{"id":29065,"date":"2024-03-31T23:14:51","date_gmt":"2024-03-31T23:14:51","guid":{"rendered":"http:\/\/freelance-mty.com\/?p=29065"},"modified":"2024-03-31T23:16:20","modified_gmt":"2024-03-31T23:16:20","slug":"29065","status":"publish","type":"post","link":"http:\/\/freelance-mty.com\/?p=29065","title":{"rendered":"OFRECE C\u00c9SAR GARZA ARREDONDO GOBIERNO ABIERTO CON DI\u00c1LOGO Y RESPETO Y CERCANO A LA GENTE"},"content":{"rendered":"\n<p><br>Inicia campa\u00f1a visitando a su abuelo C\u00e9sar Garza y haciendo compromisos. Un Gobierno abierto, de di\u00e1logo y respeto, cercano a los ciudadanos fue el primer compromiso de campa\u00f1a de C\u00e9sar Garza Arredondo, candidato de la coalici\u00f3n Fuerza y Coraz\u00f3n por Nuevo Le\u00f3n a Alcalde de Apodaca. \u201cHagamos una campa\u00f1a ciudadana, abierta, de di\u00e1logo, de respeto y encuentro; porque as\u00ed ser\u00e1 mi GOBIERNO, cercano y abierto.\u00a0<br>Vecinos, amigos, estoy en sus manos, ay\u00fadenme con su voto y su promoci\u00f3n; ay\u00fadenme a que nuestras propuestas sean escuchadas\u201d precis\u00f3 el candidato. Garza Arredondo, candidato de la coalici\u00f3n integrada por PRI, PAN y PRD, inici\u00f3 su campa\u00f1a con la visita a su abuelo C\u00e9sar Garza, con quien se comprometi\u00f3 a poner muy en alto el nombre de su Ciudad (Apodaca) y el de su familia. \u201cAqu\u00ed empieza todo, delante de mi abuelo que se llama como mi padre y como yo, me comprometo a poner muy en alto el nombre de mi Ciudad y de mi Familia. Aqu\u00ed en Apodaca mis abuelos formaron sus familias, aqu\u00ed nacieron y se conocieron mis padres\u201d. \u201cAqu\u00ed, en Apodaca nac\u00ed y estudi\u00e9 mi primaria y secundaria, aqu\u00ed conoc\u00ed a Vianey, con quien me casar\u00e9 y formaremos una familia\u201d reiter\u00f3.\u00a0<br>\u00a0Agreg\u00f3 que su juventud aunado a su preparaci\u00f3n acad\u00e9mica le ayudar\u00e1 a ser un servidor p\u00fablico \u00edntegro que no lo mueve la ambici\u00f3n de poder y de dinero, adem\u00e1s, destac\u00f3 tener un buen ejemplo del servicio p\u00fablico. \u201cSoy el m\u00e1s joven de los candidatos, pero tambi\u00e9n soy el m\u00e1s preparado, y tengo en casa el mejor ejemplo; no me mueve ambici\u00f3n de poder o de dinero; quiero realizarme sirviendo a los dem\u00e1s\u201d. \u201cEstudi\u00e9 en las mejores universidades de M\u00e9xico y del Mundo para servirle a mi comunidad, pero la mejor preparaci\u00f3n la he tenido en casa con el ejemplo de mis padres y en la comunidad en siete a\u00f1os de activismo social\u201d agreg\u00f3 Garza Arredondo.<\/p>\n","protected":false},"excerpt":{"rendered":"<p>Inicia campa\u00f1a visitando a su abuelo C\u00e9sar Garza y haciendo compromisos. Un Gobierno abierto, de di\u00e1logo y respeto, cercano a&#8230;<\/p>\n","protected":false},"author":1,"featured_media":29069,"comment_status":"open","ping_status":"open","sticky":false,"template":"","format":"standard","meta":[],"categories":[8,7],"tags":[],"_links":{"self":[{"href":"http:\/\/freelance-mty.com\/index.php?rest_route=\/wp\/v2\/posts\/29065"}],"collection":[{"href":"http:\/\/freelance-mty.com\/index.php?rest_route=\/wp\/v2\/posts"}],"about":[{"href":"http:\/\/freelance-mty.com\/index.php?rest_route=\/wp\/v2\/types\/post"}],"author":[{"embeddable":true,"href":"http:\/\/freelance-mty.com\/index.php?rest_route=\/wp\/v2\/users\/1"}],"replies":[{"embeddable":true,"href":"http:\/\/freelance-mty.com\/index.php?rest_route=%2Fwp%2Fv2%2Fcomments&post=29065"}],"version-history":[{"count":2,"href":"http:\/\/freelance-mty.com\/index.php?rest_route=\/wp\/v2\/posts\/29065\/revisions"}],"predecessor-version":[{"id":29067,"href":"http:\/\/freelance-mty.com\/index.php?rest_route=\/wp\/v2\/posts\/29065\/revisions\/29067"}],"wp:featuredmedia":[{"embeddable":true,"href":"http:\/\/freelance-mty.com\/index.php?rest_route=\/wp\/v2\/media\/29069"}],"wp:attachment":[{"href":"http:\/\/freelance-mty.com\/index.php?rest_route=%2Fwp%2Fv2%2Fmedia&parent=29065"}],"wp:term":[{"taxonomy":"category","embeddable":true,"href":"http:\/\/freelance-mty.com\/index.php?rest_route=%2Fwp%2Fv2%2Fcategories&post=29065"},{"taxonomy":"post_tag","embeddable":true,"href":"http:\/\/freelance-mty.com\/index.php?rest_route=%2Fwp%2Fv2%2Ftags&post=29065"}],"curies":[{"name":"wp","href":"https:\/\/api.w.org\/{rel}","templated":true}]}}