{"id":29269,"date":"2024-04-13T00:09:00","date_gmt":"2024-04-13T00:09:00","guid":{"rendered":"http:\/\/freelance-mty.com\/?p=29269"},"modified":"2024-04-14T00:15:49","modified_gmt":"2024-04-14T00:15:49","slug":"va-hector-garcia-por-espacios-publicos-dignos-para-familias-de-guadalupe","status":"publish","type":"post","link":"http:\/\/freelance-mty.com\/?p=29269","title":{"rendered":"Va H\u00e9ctor Garc\u00eda por espacios p\u00fablicos dignos para familias de Guadalupe"},"content":{"rendered":"\n<p>Porque Guadalupe y sus familias merecen espacios p\u00fablicos dignos, el candidato de Movimiento Ciudadano a la Alcald\u00eda, H\u00e9ctor Garc\u00eda, se comprometi\u00f3 a rehabilitar plazas p\u00fablicas y sitios recreativos con equipamiento moderno e internet gratuito.<\/p>\n\n\n\n<p>En Guadalupe se habilitar\u00e1n las m\u00e1s de 500 plazas p\u00fablicas, avanzando paulatinamente con espacios dignos, que permitan un sano esparcimiento y recreaci\u00f3n para los ciudadanos.<\/p>\n\n\n\n<p>\u201cTenemos tres modelos de plazas, que pondremos a consideraci\u00f3n de los vecinos de los diferentes sector y sean ellos los que decidan c\u00f3mo quieren su plaza, con qu\u00e9 implementos, con qu\u00e9 juegos, banquetas, etc\u00e9tera\u201d.<\/p>\n\n\n\n<p>Adem\u00e1s del mantenimiento y rehabilitaci\u00f3n integral de parques p\u00fablicos, el aspirante por MC destac\u00f3 el acondicionamiento de nuevos espacios recreativos para ni\u00f1os, j\u00f3venes y familias, conectados por corredores verdes, que cuenten con equipamiento sostenible.<\/p>\n\n\n\n<p>Explic\u00f3 que los parques aparte de oxigenar la ciudad, promueven la convivencia arm\u00f3nica entre las familias y vecinos.<\/p>\n\n\n\n<p>En una reuni\u00f3n con vecinos de la colonia Los \u00c1ngeles, lament\u00f3 que plazas p\u00fablicas de grandes dimensiones, se encuentren abandonadas, sin suficientes \u00e1rboles y el mantenimiento que requieren.<\/p>\n","protected":false},"excerpt":{"rendered":"<p>Porque Guadalupe y sus familias merecen espacios p\u00fablicos dignos, el candidato de Movimiento Ciudadano a la Alcald\u00eda, H\u00e9ctor Garc\u00eda, se&#8230;<\/p>\n","protected":false},"author":1,"featured_media":29276,"comment_status":"open","ping_status":"open","sticky":false,"template":"","format":"standard","meta":[],"categories":[8,7],"tags":[],"_links":{"self":[{"href":"http:\/\/freelance-mty.com\/index.php?rest_route=\/wp\/v2\/posts\/29269"}],"collection":[{"href":"http:\/\/freelance-mty.com\/index.php?rest_route=\/wp\/v2\/posts"}],"about":[{"href":"http:\/\/freelance-mty.com\/index.php?rest_route=\/wp\/v2\/types\/post"}],"author":[{"embeddable":true,"href":"http:\/\/freelance-mty.com\/index.php?rest_route=\/wp\/v2\/users\/1"}],"replies":[{"embeddable":true,"href":"http:\/\/freelance-mty.com\/index.php?rest_route=%2Fwp%2Fv2%2Fcomments&post=29269"}],"version-history":[{"count":1,"href":"http:\/\/freelance-mty.com\/index.php?rest_route=\/wp\/v2\/posts\/29269\/revisions"}],"predecessor-version":[{"id":29274,"href":"http:\/\/freelance-mty.com\/index.php?rest_route=\/wp\/v2\/posts\/29269\/revisions\/29274"}],"wp:featuredmedia":[{"embeddable":true,"href":"http:\/\/freelance-mty.com\/index.php?rest_route=\/wp\/v2\/media\/29276"}],"wp:attachment":[{"href":"http:\/\/freelance-mty.com\/index.php?rest_route=%2Fwp%2Fv2%2Fmedia&parent=29269"}],"wp:term":[{"taxonomy":"category","embeddable":true,"href":"http:\/\/freelance-mty.com\/index.php?rest_route=%2Fwp%2Fv2%2Fcategories&post=29269"},{"taxonomy":"post_tag","embeddable":true,"href":"http:\/\/freelance-mty.com\/index.php?rest_route=%2Fwp%2Fv2%2Ftags&post=29269"}],"curies":[{"name":"wp","href":"https:\/\/api.w.org\/{rel}","templated":true}]}}