{"id":29335,"date":"2024-04-15T19:34:00","date_gmt":"2024-04-15T19:34:00","guid":{"rendered":"http:\/\/freelance-mty.com\/?p=29335"},"modified":"2024-04-16T00:39:25","modified_gmt":"2024-04-16T00:39:25","slug":"muestran-interes-por-cultura-francesa-en-uanl","status":"publish","type":"post","link":"http:\/\/freelance-mty.com\/?p=29335","title":{"rendered":"Muestran inter\u00e9s por cultura francesa en UANL"},"content":{"rendered":"\n<p><\/p>\n\n\n\n<p><strong><em>Las 19 preparatorias que ofrecen actualmente el bachillerato biling\u00fce progresivo en franc\u00e9s en la M\u00e1xima Casa de Estudios del Estado participaron en una jornada cultural con la m\u00fasica, bailes, cantos, tradiciones y gastronom\u00eda de pa\u00edses de lengua francesa.<\/em><\/strong><\/p>\n\n\n\n<p>La Universidad Aut\u00f3noma de Nuevo Le\u00f3n (UANL) fue sede de la Primera Muestra Cultural Interpreparatorias de la Francofon\u00eda 2024, con el objetivo de fomentar el arte, tradiciones y lengua francesas.<\/p>\n\n\n\n<p>El Rector Santos Guzm\u00e1n L\u00f3pez inaugur\u00f3 en la Preparatoria 9 la jornada art\u00edstica que incluy\u00f3 demostraciones de danza, teatro y m\u00fasica interpretada por estudiantes de bachillerato biling\u00fce progresivo en franc\u00e9s de la UANL.<\/p>\n\n\n\n<p>Los estudiantes de diecinueve preparatorias de la UANL mostraron dominio del idioma y presentaron la riqueza cultural de diversos pa\u00edses franc\u00f3fonos como Canad\u00e1, Suiza, B\u00e9lgica, Mali, Senegal,&nbsp;Togo, Polinesia,&nbsp;Rep\u00fablica del Congo y Costa de Marfil. Los universitarios montaron en los stands la historia, costumbres, sitios tur\u00edsticos y platillos de naciones cuya poblaci\u00f3n habla el idioma franc\u00e9s.<\/p>\n\n\n\n<p>El franc\u00e9s es la lengua oficial en m\u00e1s de 29 pa\u00edses y actualmente m\u00e1s de 270 millones de personas la hablan en los cinco continentes del mundo.&nbsp;<\/p>\n\n\n\n<p><strong>Buscan internacionalizaci\u00f3n de la Universidad<\/strong><\/p>\n\n\n\n<p>Durante la ceremonia de inauguraci\u00f3n de la muestra, el Rector de la UANL, Santos Guzm\u00e1n L\u00f3pez, recomend\u00f3 a los alumnos el aprendizaje de un tercer idioma y se\u00f1al\u00f3 que es importante aprovechar las alianzas que Francia ofrece mediante su representaci\u00f3n diplom\u00e1tica en M\u00e9xico para lograr la internacionalizaci\u00f3n de la Universidad Aut\u00f3noma de Nuevo Le\u00f3n.<\/p>\n\n\n\n<p>\u201cHay que aprovechar la alianza que nos ofrece la Embajada de Francia a trav\u00e9s de todo su equipo de trabajo. Hay que generar m\u00e1s espacios con becas e intercambios para que tengamos m\u00e1s alumnos que decidan continuar sus estudios en el pa\u00eds europeo.<\/p>\n\n\n\n<p>\u201cLo que pretendemos, como un eje principal de la Universidad, es la internacionalizaci\u00f3n y vamos a lograrlo mediante la presencia de la comunidad universitaria, alumnos y docentes, en estos pa\u00edses\u201d, expres\u00f3 Guzm\u00e1n L\u00f3pez.<\/p>\n\n\n\n<p>Reiter\u00f3 que la instituci\u00f3n tiene entre sus objetivos principales ofrecer a todos los alumnos las herramientas y facilidades para continuar con el aprendizaje de diversos idiomas.&nbsp;<\/p>\n\n\n\n<p>Dentro de los invitados al evento destac\u00f3 la presencia del C\u00f3nsul General de Francia en Monterrey, Guillaume Pierre.<\/p>\n\n\n\n<p><strong>La presencia del franc\u00e9s en el nivel medio superior<\/strong><\/p>\n\n\n\n<p>A lo largo de los a\u00f1os en la Universidad Aut\u00f3noma de Nuevo Le\u00f3n el idioma franc\u00e9s se ha integrado con \u00e9xito en los planes del nivel medio superior con el bachillerato biling\u00fce y biling\u00fce progresivo, con un crecimiento constante en el n\u00famero de estudiantes que cursan la preparatoria en esta modalidad.<\/p>\n\n\n\n<p>La directora del Sistema de Estudios del Nivel Medio Superior de la UANL, Sandra del R\u00edo Mu\u00f1oz, coment\u00f3 que la participaci\u00f3n de los estudiantes en el evento organizado en el marco de la jornada internacional de la francofon\u00eda, establecida por la Organizaci\u00f3n Internacional de la Franconfon\u00eda (OIF), es el resultado del conocimiento adquirido por ellos en los dos a\u00f1os del bachillerato biling\u00fce en franc\u00e9s.<\/p>\n\n\n\n<p>\u201cEste trabajo lo integran actividades de exposici\u00f3n, bailables, obras y canciones. Las habilidades de comprensi\u00f3n que el alumno va adquiriendo a lo largo de sus dos a\u00f1os del bachillerato biling\u00fce en franc\u00e9s es resultado de un programa de calidad que tiene la UANL y que tenemos el orgullo de ofrecerlo en 19 preparatorias\u201d, dijo.<\/p>\n\n\n\n<p>Del R\u00edo Mu\u00f1oz estableci\u00f3 que el trabajo en conjunto con la Embajada de Francia en M\u00e9xico es clave para la constante capacitaci\u00f3n de estudiantes y profesores mediante cursos y talleres.<\/p>\n\n\n\n<p>\u201cTenemos alrededor de 14 a\u00f1os trabajando en coordinaci\u00f3n con la Embajada de Francia en M\u00e9xico en actividades como muestras franc\u00f3fonas, talleres dirigidos a los profesores de las dependencias y apoyos con becas a estudiantes\u201d, inform\u00f3.<\/p>\n\n\n\n<p>El programa de bachillerato en franc\u00e9s surgi\u00f3 en 2008 en la Escuela Industrial y Preparatoria T\u00e9cnica \u201c\u00c1lvaro Obreg\u00f3n\u201d. Posteriormente se integr\u00f3 a la Direcci\u00f3n del Nivel Medio Superior como parte del modelo acad\u00e9mico del nivel medio superior.&nbsp;<\/p>\n\n\n\n<p>En la actualidad, 31 profesores en constante capacitaci\u00f3n y un total de 1 mil 626 estudiantes forman parte del bachillerato en esta modalidad.<\/p>\n","protected":false},"excerpt":{"rendered":"<p>Las 19 preparatorias que ofrecen actualmente el bachillerato biling\u00fce progresivo en franc\u00e9s en la M\u00e1xima Casa de Estudios del Estado&#8230;<\/p>\n","protected":false},"author":1,"featured_media":29338,"comment_status":"open","ping_status":"open","sticky":false,"template":"","format":"standard","meta":[],"categories":[7],"tags":[],"_links":{"self":[{"href":"http:\/\/freelance-mty.com\/index.php?rest_route=\/wp\/v2\/posts\/29335"}],"collection":[{"href":"http:\/\/freelance-mty.com\/index.php?rest_route=\/wp\/v2\/posts"}],"about":[{"href":"http:\/\/freelance-mty.com\/index.php?rest_route=\/wp\/v2\/types\/post"}],"author":[{"embeddable":true,"href":"http:\/\/freelance-mty.com\/index.php?rest_route=\/wp\/v2\/users\/1"}],"replies":[{"embeddable":true,"href":"http:\/\/freelance-mty.com\/index.php?rest_route=%2Fwp%2Fv2%2Fcomments&post=29335"}],"version-history":[{"count":1,"href":"http:\/\/freelance-mty.com\/index.php?rest_route=\/wp\/v2\/posts\/29335\/revisions"}],"predecessor-version":[{"id":29336,"href":"http:\/\/freelance-mty.com\/index.php?rest_route=\/wp\/v2\/posts\/29335\/revisions\/29336"}],"wp:featuredmedia":[{"embeddable":true,"href":"http:\/\/freelance-mty.com\/index.php?rest_route=\/wp\/v2\/media\/29338"}],"wp:attachment":[{"href":"http:\/\/freelance-mty.com\/index.php?rest_route=%2Fwp%2Fv2%2Fmedia&parent=29335"}],"wp:term":[{"taxonomy":"category","embeddable":true,"href":"http:\/\/freelance-mty.com\/index.php?rest_route=%2Fwp%2Fv2%2Fcategories&post=29335"},{"taxonomy":"post_tag","embeddable":true,"href":"http:\/\/freelance-mty.com\/index.php?rest_route=%2Fwp%2Fv2%2Ftags&post=29335"}],"curies":[{"name":"wp","href":"https:\/\/api.w.org\/{rel}","templated":true}]}}