{"id":29702,"date":"2024-04-30T13:44:00","date_gmt":"2024-04-30T13:44:00","guid":{"rendered":"http:\/\/freelance-mty.com\/?p=29702"},"modified":"2024-05-01T01:47:21","modified_gmt":"2024-05-01T01:47:21","slug":"lanzara-paco-trevino-proyecto-de-arborizacion-en-juarez","status":"publish","type":"post","link":"http:\/\/freelance-mty.com\/?p=29702","title":{"rendered":"LANZAR\u00c1 PACO TREVI\u00d1O PROYECTO DE ARBORIZACI\u00d3N EN JU\u00c1REZ"},"content":{"rendered":"\n<p><br>Una intensa campa\u00f1a de arborizaci\u00f3n y la creaci\u00f3n de la Agencia Municipal del Medioambiente son algunas de las propuestas del candidato a la Alcald\u00eda de Ju\u00e1rez, Francisco Trevi\u00f1o Cant\u00fa, para mejorar el entorno de la ciudad y enfrentar el tema de la contaminaci\u00f3n.<\/p>\n\n\n\n<p><br>Paco Trevi\u00f1o hizo el anuncio de estos proyectos medioambientales luego de una visita casa por casa en la Colonia Praderas de San Juan, para dar a conocer a los vecinos sus propuestas de campa\u00f1a.<\/p>\n\n\n\n<p><br>\u00abAqu\u00ed el compromiso que se hizo con los vecinos es seguir reforestando las \u00e1reas verdes de &nbsp;Praderas (de San Juan), y seguirlas equipando, que tengan m\u00e1s juegos infantiles, m\u00e1s canchas para que puedan jugar los muchachos alg\u00fan deporte\u00bb, dijo el candidato de la alianza del PRI, PAN y PRD.<\/p>\n\n\n\n<p><br>\u00abY desde luego que vamos a tener campa\u00f1as permanentes de reforestaci\u00f3n en todas las plazas p\u00fablicas en las colonias, en las avenidas, en las escuelas ir a donar \u00e1rboles tambi\u00e9n, sobre todo para ir fomentando una cultura del cuidado de los \u00e1rboles,\u00bb, a\u00f1adi\u00f3.<\/p>\n\n\n\n<p><br>Paco Trevi\u00f1o adelant\u00f3 que ya se est\u00e1 trabajando tambi\u00e9n en lo que ser\u00e1 una agencia municipal que se encargue de temas relacionados con el cuidado del medioambiente, para proteger la salud de los juarenses en lo relacionado con la contaminaci\u00f3n.<\/p>\n\n\n\n<p><br>\u00abTambi\u00e9n vamos a construir lo que ser\u00e1 la Agencia Municipal del Medioambiente, que ya en estos d\u00edas habr\u00e1 de presentarse el proyecto sobre c\u00f3mo va a operar la misma\u00bb, dijo el abanderado de la coalici\u00f3n Fuerza y Coraz\u00f3n por Nuevo Le\u00f3n.<\/p>\n\n\n\n<p><\/p>\n\n\n\n<figure class=\"wp-block-image size-large\"><a href=\"http:\/\/freelance-mty.com\/wp-content\/uploads\/2024\/05\/PRADERAS2.jpg\"><img loading=\"lazy\" width=\"1024\" height=\"682\" src=\"http:\/\/freelance-mty.com\/wp-content\/uploads\/2024\/05\/PRADERAS2-1024x682.jpg\" alt=\"\" class=\"wp-image-29706\" srcset=\"http:\/\/freelance-mty.com\/wp-content\/uploads\/2024\/05\/PRADERAS2-1024x682.jpg 1024w, http:\/\/freelance-mty.com\/wp-content\/uploads\/2024\/05\/PRADERAS2-300x200.jpg 300w, http:\/\/freelance-mty.com\/wp-content\/uploads\/2024\/05\/PRADERAS2-768x511.jpg 768w, http:\/\/freelance-mty.com\/wp-content\/uploads\/2024\/05\/PRADERAS2.jpg 1080w\" sizes=\"(max-width: 1024px) 100vw, 1024px\" \/><\/a><\/figure>\n\n\n\n<p><\/p>\n","protected":false},"excerpt":{"rendered":"<p>Una intensa campa\u00f1a de arborizaci\u00f3n y la creaci\u00f3n de la Agencia Municipal del Medioambiente son algunas de las propuestas del&#8230;<\/p>\n","protected":false},"author":1,"featured_media":29704,"comment_status":"open","ping_status":"open","sticky":false,"template":"","format":"standard","meta":[],"categories":[7],"tags":[],"_links":{"self":[{"href":"http:\/\/freelance-mty.com\/index.php?rest_route=\/wp\/v2\/posts\/29702"}],"collection":[{"href":"http:\/\/freelance-mty.com\/index.php?rest_route=\/wp\/v2\/posts"}],"about":[{"href":"http:\/\/freelance-mty.com\/index.php?rest_route=\/wp\/v2\/types\/post"}],"author":[{"embeddable":true,"href":"http:\/\/freelance-mty.com\/index.php?rest_route=\/wp\/v2\/users\/1"}],"replies":[{"embeddable":true,"href":"http:\/\/freelance-mty.com\/index.php?rest_route=%2Fwp%2Fv2%2Fcomments&post=29702"}],"version-history":[{"count":3,"href":"http:\/\/freelance-mty.com\/index.php?rest_route=\/wp\/v2\/posts\/29702\/revisions"}],"predecessor-version":[{"id":29709,"href":"http:\/\/freelance-mty.com\/index.php?rest_route=\/wp\/v2\/posts\/29702\/revisions\/29709"}],"wp:featuredmedia":[{"embeddable":true,"href":"http:\/\/freelance-mty.com\/index.php?rest_route=\/wp\/v2\/media\/29704"}],"wp:attachment":[{"href":"http:\/\/freelance-mty.com\/index.php?rest_route=%2Fwp%2Fv2%2Fmedia&parent=29702"}],"wp:term":[{"taxonomy":"category","embeddable":true,"href":"http:\/\/freelance-mty.com\/index.php?rest_route=%2Fwp%2Fv2%2Fcategories&post=29702"},{"taxonomy":"post_tag","embeddable":true,"href":"http:\/\/freelance-mty.com\/index.php?rest_route=%2Fwp%2Fv2%2Ftags&post=29702"}],"curies":[{"name":"wp","href":"https:\/\/api.w.org\/{rel}","templated":true}]}}