{"id":3009,"date":"2018-08-12T06:29:11","date_gmt":"2018-08-12T06:29:11","guid":{"rendered":"http:\/\/freelance-mty.com\/?p=3009"},"modified":"2018-08-12T06:32:28","modified_gmt":"2018-08-12T06:32:28","slug":"apoyara-felipe-proyecto-distrito-purisima-alameda-para-regenerar-el-centro","status":"publish","type":"post","link":"http:\/\/freelance-mty.com\/?p=3009","title":{"rendered":"Apoyar\u00e1 Felipe proyecto Distrito Pur\u00edsima-Alameda para regenerar el Centro"},"content":{"rendered":"<p>Como parte de los programas contemplados para la regeneraci\u00f3n del Centro de la Ciudad, Felipe de Jes\u00fas Cant\u00fa afirm\u00f3 que su Administraci\u00f3n apoyar\u00e1 el proyecto Distrito Pur\u00edsima-Alameda.<br \/>\nAl reunirse con autoridades de la U-ERRE, quienes impulsan la iniciativa, el Alcalde electo de Monterrey se\u00f1al\u00f3 que el distrito contempla la rehabilitaci\u00f3n de banquetas, \u00e1reas verdes y plazas p\u00fablicas.<br \/>\n\u201cEl distrito como parte del Centro necesita de cuidados, de atenci\u00f3n y, particularmente, para su desarrollo urbano tiene que coincidir con el objetivo de darle facilidades a la gente para que viva en \u00e9l, para que se traslade ya sea caminando, en silla de ruedas, en autom\u00f3vil o en cami\u00f3n\u201d, dijo Cant\u00fa.<br \/>\n\u201cEn campa\u00f1a hicimos la oferta de que arreglar\u00edamos banquetas y la mayor parte de esto se dar\u00e1 en este circuito.<br \/>\n\u201cPero no solo banquetas, sino tambi\u00e9n lugares para estar c\u00f3mo las plazas p\u00fablicas con fuentes y espacios atractivos para visitantes y vecinos que faciliten la integraci\u00f3n social\u201d.<br \/>\nEl proyecto, que tendr\u00e1 una inversi\u00f3n de 50 millones de pesos, abarcar\u00e1 280 hect\u00e1reas en el cuadrante que comprende de Pino Su\u00e1rez a Venustiano Carranza y de Constituci\u00f3n a Santiago Tapia.<br \/>\n\u201cNosotros apoyaremos para que esto suceda.<br \/>\n\u201cVamos a tener intercambio de opiniones con maestros, alumnos, vecinos, funcionarios para que no haya la posibilidad de que se abstraigan de las necesidades sociales\u201d.<br \/>\nEl Rector \u00c1ngel Cas\u00e1n mencion\u00f3 que se trabajar\u00e1 para que el sector sea atractivo.<br \/>\n\u201cLa universidad tiene la tarea de encontrar la visi\u00f3n y vocaciones de este distrito, de tal suerte que pueda resurgir el Centro\u201d, indic\u00f3.<br \/>\n\u201cQueremos que sea una parte viva, vibrante, que invite y que haga que todos est\u00e9n presentes construyendo ciudadan\u00eda\u201d.<\/p>\n","protected":false},"excerpt":{"rendered":"<p>Como parte de los programas contemplados para la regeneraci\u00f3n del Centro de la Ciudad, Felipe de Jes\u00fas Cant\u00fa afirm\u00f3 que&#8230;<\/p>\n","protected":false},"author":1,"featured_media":3011,"comment_status":"open","ping_status":"open","sticky":false,"template":"","format":"standard","meta":[],"categories":[3,8],"tags":[],"_links":{"self":[{"href":"http:\/\/freelance-mty.com\/index.php?rest_route=\/wp\/v2\/posts\/3009"}],"collection":[{"href":"http:\/\/freelance-mty.com\/index.php?rest_route=\/wp\/v2\/posts"}],"about":[{"href":"http:\/\/freelance-mty.com\/index.php?rest_route=\/wp\/v2\/types\/post"}],"author":[{"embeddable":true,"href":"http:\/\/freelance-mty.com\/index.php?rest_route=\/wp\/v2\/users\/1"}],"replies":[{"embeddable":true,"href":"http:\/\/freelance-mty.com\/index.php?rest_route=%2Fwp%2Fv2%2Fcomments&post=3009"}],"version-history":[{"count":1,"href":"http:\/\/freelance-mty.com\/index.php?rest_route=\/wp\/v2\/posts\/3009\/revisions"}],"predecessor-version":[{"id":3010,"href":"http:\/\/freelance-mty.com\/index.php?rest_route=\/wp\/v2\/posts\/3009\/revisions\/3010"}],"wp:featuredmedia":[{"embeddable":true,"href":"http:\/\/freelance-mty.com\/index.php?rest_route=\/wp\/v2\/media\/3011"}],"wp:attachment":[{"href":"http:\/\/freelance-mty.com\/index.php?rest_route=%2Fwp%2Fv2%2Fmedia&parent=3009"}],"wp:term":[{"taxonomy":"category","embeddable":true,"href":"http:\/\/freelance-mty.com\/index.php?rest_route=%2Fwp%2Fv2%2Fcategories&post=3009"},{"taxonomy":"post_tag","embeddable":true,"href":"http:\/\/freelance-mty.com\/index.php?rest_route=%2Fwp%2Fv2%2Ftags&post=3009"}],"curies":[{"name":"wp","href":"https:\/\/api.w.org\/{rel}","templated":true}]}}