{"id":3055,"date":"2018-08-18T22:46:00","date_gmt":"2018-08-18T22:46:00","guid":{"rendered":"http:\/\/freelance-mty.com\/?p=3055"},"modified":"2018-08-18T22:46:00","modified_gmt":"2018-08-18T22:46:00","slug":"arma-felipe-planton-contra-robo-de-eleccion","status":"publish","type":"post","link":"http:\/\/freelance-mty.com\/?p=3055","title":{"rendered":"Arma Felipe plant\u00f3n contra robo de elecci\u00f3n"},"content":{"rendered":"<div>Para mostrar su rechazo por la decisi\u00f3n del Tribunal Estatal Electoral, Felipe de Jes\u00fas Cant\u00fa protest\u00f3 en la Plaza Zaragoza y arm\u00f3 un plant\u00f3n en los bajos del Palacio de Monterrey.<\/div>\n<div>Respaldado por el dirigente nacional del PAN, Dami\u00e1n Zepeda, el albiazul afirm\u00f3 que se mantendr\u00e1n firmes en revertir el fallo de los magistrados.<\/div>\n<div>\u201cNo vamos a dejar de luchar por cada voto que emiti\u00f3 el ciudadano\u201d, asever\u00f3 Cant\u00fa en la plaza, donde estuvo acompa\u00f1ado por otros panistas como Pedro Garza, el Gobernador Fernando Canales y el l\u00edder estatal, Mauro Guerra.<\/div>\n<div>\u201cEstamos aqu\u00ed porque queremos arreglar los problemas que los que est\u00e1n en ese Palacio no han resuelto.<\/div>\n<div>\u201cSeguiremos luchando hasta la \u00faltima instancia y garantizaremos a la ciudadan\u00eda a democracia\u201d.<\/div>\n<div>Felipe indic\u00f3 que no descansar\u00e1 hasta que se respete el voto de los regiomontanos.<\/div>\n<div>\u201cQueremos que se reconozca a la sociedad que emiti\u00f3 su voto porque, mayoritariamente, pidieron un cambio.<\/div>\n<div>\u201cHay una muy extra\u00f1a actitud de los magistrados al no discutir ning\u00fan argumento, que no se presente ning\u00fan texto jur\u00eddico, que no se haya le\u00eddo la raz\u00f3n por la cual ellos votaron as\u00ed\u201d.<\/div>\n<div>Zepeda mencion\u00f3 que el CEN apoyar\u00e1 a Cant\u00fa y Garza, y que no permitir\u00e1n que les roben la elecci\u00f3n de Monterrey y Guadalupe.<\/div>\n<div>\u201cVengo a decirlo alto y claro\u201d, refiri\u00f3, \u201clo que ganamos con votos de ciudadanos no nos lo van a venir a quitar unos corruptos\u201d.<\/div>\n<div>En su intervenci\u00f3n, Canales calific\u00f3 el hecho como un retroceso a la democracia y se\u00f1al\u00f3 que todo indica que dos de los tres integrantes del Tribunal se vendieron.<\/div>\n<div>Tras la protesta, Cant\u00fa camino hacia el Palacio municipal entre porras y consignas de rechazo contra la actual Administraci\u00f3n.<\/div>\n<div>Congregados en los bajos del recinto, el panista se sent\u00f3 junto a su equipo y simpatizantes.<\/div>\n<div>Felipe afirm\u00f3 que se mantendr\u00e1 en el Palacio hasta que se respete la voluntad popular.<\/div>\n","protected":false},"excerpt":{"rendered":"<p>Para mostrar su rechazo por la decisi\u00f3n del Tribunal Estatal Electoral, Felipe de Jes\u00fas Cant\u00fa protest\u00f3 en la Plaza Zaragoza&#8230;<\/p>\n","protected":false},"author":1,"featured_media":3056,"comment_status":"open","ping_status":"open","sticky":false,"template":"","format":"standard","meta":[],"categories":[7],"tags":[],"_links":{"self":[{"href":"http:\/\/freelance-mty.com\/index.php?rest_route=\/wp\/v2\/posts\/3055"}],"collection":[{"href":"http:\/\/freelance-mty.com\/index.php?rest_route=\/wp\/v2\/posts"}],"about":[{"href":"http:\/\/freelance-mty.com\/index.php?rest_route=\/wp\/v2\/types\/post"}],"author":[{"embeddable":true,"href":"http:\/\/freelance-mty.com\/index.php?rest_route=\/wp\/v2\/users\/1"}],"replies":[{"embeddable":true,"href":"http:\/\/freelance-mty.com\/index.php?rest_route=%2Fwp%2Fv2%2Fcomments&post=3055"}],"version-history":[{"count":1,"href":"http:\/\/freelance-mty.com\/index.php?rest_route=\/wp\/v2\/posts\/3055\/revisions"}],"predecessor-version":[{"id":3057,"href":"http:\/\/freelance-mty.com\/index.php?rest_route=\/wp\/v2\/posts\/3055\/revisions\/3057"}],"wp:featuredmedia":[{"embeddable":true,"href":"http:\/\/freelance-mty.com\/index.php?rest_route=\/wp\/v2\/media\/3056"}],"wp:attachment":[{"href":"http:\/\/freelance-mty.com\/index.php?rest_route=%2Fwp%2Fv2%2Fmedia&parent=3055"}],"wp:term":[{"taxonomy":"category","embeddable":true,"href":"http:\/\/freelance-mty.com\/index.php?rest_route=%2Fwp%2Fv2%2Fcategories&post=3055"},{"taxonomy":"post_tag","embeddable":true,"href":"http:\/\/freelance-mty.com\/index.php?rest_route=%2Fwp%2Fv2%2Ftags&post=3055"}],"curies":[{"name":"wp","href":"https:\/\/api.w.org\/{rel}","templated":true}]}}