{"id":30671,"date":"2024-06-21T09:03:00","date_gmt":"2024-06-21T09:03:00","guid":{"rendered":"http:\/\/freelance-mty.com\/?p=30671"},"modified":"2024-06-21T21:32:14","modified_gmt":"2024-06-21T21:32:14","slug":"recorre-gobernador-presa-el-cuchillo-que-ya-se-encuentra-a-53-de-su-capacidad","status":"publish","type":"post","link":"http:\/\/freelance-mty.com\/?p=30671","title":{"rendered":"Recorre Gobernador Presa El Cuchillo que ya se encuentra a 53% de su capacidad"},"content":{"rendered":"\n<p>Tras un d\u00eda de la Tormenta Tropical \u00abAlberto\u00bb, el Gobernador de Nuevo Le\u00f3n, Samuel Alejandro Garc\u00eda Sep\u00falveda realiz\u00f3 un recorrido por la Presa El Cuchillo, la cual dijo se encuentra a un 53% de su llenado al \u00faltimo corte de mediod\u00eda, es decir, 600 Millones de metros c\u00fabicos (Mm3), pero se espera que con los escurrimientos contin\u00fae en incremento.<br>&nbsp;<br>Desde la obra de toma de los Acueductos El Cuchillo I y II, el Mandatario Estatal, resalt\u00f3 adem\u00e1s que se prev\u00e9 otro disturbio tropical que traer\u00e1 m\u00e1s lluvias a la entidad a partir del pr\u00f3ximo domingo y detall\u00f3 la situaci\u00f3n actual del resto de los embalses.<br>&nbsp;<br>\u00abTenemos El Cuchillo 53%, La Boca 105%, se est\u00e1 abriendo la compuerta para que llegue el agua aqu\u00ed y Cerro Prieto que nos reportaban 25% a las 12 del mediod\u00eda\u00bb, precis\u00f3 el Gobernador.<br>&nbsp;<br>Indic\u00f3 que con estas precipitaciones y las que posiblemente se sigan registrando, pues este es el primer fen\u00f3meno meteorol\u00f3gico de la temporada, se prev\u00e9 que ya no haya problemas a corto plazo en el suministro de agua para la ciudadan\u00eda.<br>&nbsp;<br>\u00abEsto digamos que es un respiro. No cantamos victoria, pero pues ya el tema de cortes, s\u00ed espero para poder suministrar a la ciudad ya no debe haber. Tenemos que terminar la Presa Libertad, tenemos que terminar otros proyectos como la tecnificaci\u00f3n, pero ya con los dos popotes con los dos acueductos El Cuchillo, y con este llenado pues en un corto plazo espero que ya no tengamos m\u00e1s problemas de agua\u00bb, apunt\u00f3 el Mandatario Estatal.<br>&nbsp;<br>Sin embargo, consider\u00f3 que la problem\u00e1tica que se tiene en el estado en el tema h\u00eddrico es para siempre consecuencia del cambio clim\u00e1tico y del crecimiento exponencial de la poblaci\u00f3n exponencialmente, por lo que los proyectos del Plan Maestro, que es la modulaci\u00f3n son justo para cuidar el agua, y que ya no se desperdicie.<br>&nbsp;<br>En tanto, el director general de Protecci\u00f3n Civil del Estado, Erik Cavazos Cavazos coincidi\u00f3 con el Gobernador en que a\u00fan se esperan m\u00e1s escurrimientos en los siguientes 3 a 4 d\u00edas m\u00e1s, como el agua que baja del Ca\u00f1\u00f3n de Galeana a R\u00edo Pablillos, la cual desemboca en la Presa Cerro Prieto.<br>&nbsp;<br>Adem\u00e1s del afluente que se registra en el Rio San Juan que llegar\u00e1 a El Cuchillo, as\u00ed como lo que sigue cayendo de los arroyos de la Sierra de Santiago a la Presa La Boca.<br>&nbsp;<br>Por \u00faltimo, el Gobernador hizo un llamado a la ciudadan\u00eda a seguir resguardados este fin de semana, ante el pron\u00f3stico de m\u00e1s precipitaciones y evitar otras situaciones lamentables como las que se registraron durante el paso de la Tormenta tropical \u00abAlberto\u00bb.<br>&nbsp;<br>Durante su traslado a la Presa El Cuchillo, el Mandatario Estatal aprovech\u00f3 para recorrer la Avenida Morones Prieto, donde verific\u00f3 los da\u00f1os generados en la zona, para posteriormente realizar la evaluaci\u00f3n correspondiente.<\/p>\n","protected":false},"excerpt":{"rendered":"<p>Tras un d\u00eda de la Tormenta Tropical \u00abAlberto\u00bb, el Gobernador de Nuevo Le\u00f3n, Samuel Alejandro Garc\u00eda Sep\u00falveda realiz\u00f3 un recorrido&#8230;<\/p>\n","protected":false},"author":1,"featured_media":30674,"comment_status":"open","ping_status":"open","sticky":false,"template":"","format":"standard","meta":[],"categories":[8,7],"tags":[],"_links":{"self":[{"href":"http:\/\/freelance-mty.com\/index.php?rest_route=\/wp\/v2\/posts\/30671"}],"collection":[{"href":"http:\/\/freelance-mty.com\/index.php?rest_route=\/wp\/v2\/posts"}],"about":[{"href":"http:\/\/freelance-mty.com\/index.php?rest_route=\/wp\/v2\/types\/post"}],"author":[{"embeddable":true,"href":"http:\/\/freelance-mty.com\/index.php?rest_route=\/wp\/v2\/users\/1"}],"replies":[{"embeddable":true,"href":"http:\/\/freelance-mty.com\/index.php?rest_route=%2Fwp%2Fv2%2Fcomments&post=30671"}],"version-history":[{"count":2,"href":"http:\/\/freelance-mty.com\/index.php?rest_route=\/wp\/v2\/posts\/30671\/revisions"}],"predecessor-version":[{"id":30673,"href":"http:\/\/freelance-mty.com\/index.php?rest_route=\/wp\/v2\/posts\/30671\/revisions\/30673"}],"wp:featuredmedia":[{"embeddable":true,"href":"http:\/\/freelance-mty.com\/index.php?rest_route=\/wp\/v2\/media\/30674"}],"wp:attachment":[{"href":"http:\/\/freelance-mty.com\/index.php?rest_route=%2Fwp%2Fv2%2Fmedia&parent=30671"}],"wp:term":[{"taxonomy":"category","embeddable":true,"href":"http:\/\/freelance-mty.com\/index.php?rest_route=%2Fwp%2Fv2%2Fcategories&post=30671"},{"taxonomy":"post_tag","embeddable":true,"href":"http:\/\/freelance-mty.com\/index.php?rest_route=%2Fwp%2Fv2%2Ftags&post=30671"}],"curies":[{"name":"wp","href":"https:\/\/api.w.org\/{rel}","templated":true}]}}