{"id":30752,"date":"2024-06-27T05:02:00","date_gmt":"2024-06-27T05:02:00","guid":{"rendered":"http:\/\/freelance-mty.com\/?p=30752"},"modified":"2024-07-01T05:43:57","modified_gmt":"2024-07-01T05:43:57","slug":"acredita-ieepcnl-sustituciones-de-candidaturas","status":"publish","type":"post","link":"http:\/\/freelance-mty.com\/?p=30752","title":{"rendered":"Acerca Adri\u00e1n agua potable a colonias vulnerables en zona norte"},"content":{"rendered":"\n<p><a href=\"https:\/\/revistasentidosconvalores.com\/author\/admin\/\">admin<\/a><a href=\"https:\/\/revistasentidosconvalores.com\/2024\/06\/27\/acerca-adrian-agua-potable-a-colonias-vulnerables-en-zona-norte\/\"><time datetime=\"2024-06-27T23:55:07-05:00\">27 junio, 2024<\/time><\/a><a href=\"https:\/\/revistasentidosconvalores.com\/2024\/06\/27\/acerca-adrian-agua-potable-a-colonias-vulnerables-en-zona-norte\/#respond\">0 Comments<\/a><\/p>\n\n\n\n<p><strong>OkRedacci\u00f3n\/SV<\/strong><\/p>\n\n\n\n<p>En apoyo a las familias m\u00e1s vulnerables de Monterrey y que padecen de cortes en el suministro de agua, tras la tormenta \u201cAlberto\u201d, el alcalde electo, Adri\u00e1n de la Garza Santos, llev\u00f3 m\u00ed con el vital l\u00edquido a esa zona.<\/p>\n\n\n\n<p>El alcalde electo en compa\u00f1\u00eda de su esposa Gabriela Oyervides, asisti\u00f3 a<br>la colonia Libertadores de America.<\/p>\n\n\n\n<p>De la Garza dijo que su priori biene regiomontanos, en especial de los m\u00e1s desprotegidos.<a href=\"https:\/\/revistasentidosconvalores.com\/#facebook\" rel=\"noreferrer noopener\" target=\"_blank\">Facebook<\/a><a href=\"https:\/\/revistasentidosconvalores.com\/#twitter\" rel=\"noreferrer noopener\" target=\"_blank\">Twitter<\/a><a href=\"https:\/\/www.addtoany.com\/add_to\/google_plus?linkurl=https%3A%2F%2Frevistasentidosconvalores.com%2F2024%2F06%2F27%2Facerca-adrian-agua-potable-a-colonias-vulnerables-en-zona-norte%2F&amp;linkname=Acerca%20Adri%C3%A1n%20agua%20potable%20a%20colonias%20vulnerables%20en%20zona%20norte\" rel=\"noreferrer noopener\" target=\"_blank\"><\/a><a href=\"https:\/\/www.addtoany.com\/share#url=https%3A%2F%2Frevistasentidosconvalores.com%2F2024%2F06%2F27%2Facerca-adrian-agua-potable-a-colonias-vulnerables-en-zona-norte%2F&amp;title=Acerca%20Adri%C3%A1n%20agua%20potable%20a%20colonias%20vulnerables%20en%20zona%20norte\">Compartir<\/a><\/p>\n\n\n\n<p><\/p>\n\n\n\n<p><strong>Redacci\u00f3n\/SV<\/strong><\/p>\n\n\n\n<p>.Tras los da\u00f1os que dej\u00f3 la tormenta \u201cAlberto\u201d, este d\u00eda la Secretar\u00eda de Igualdad e Inclusi\u00f3n y el Gobierno municipal acordaron trabajar en un censo de personas afectadas y viviendas da\u00f1adas en la sierra de Santiago.<\/p>\n\n\n\n<p>Previo a un recorrido por la zona de El Barro, la Secretaria Martha Herrera y el alcalde David de la Pe\u00f1a, encabezaron una reuni\u00f3n de coordinaci\u00f3n donde acordaron iniciar de inmediato este censo que levantar\u00e1n personal de la Secretar\u00eda y del municipio quienes ser\u00e1n movilizados por tierra y aire, para llegar a las comunidades que se encuentran incomunicadas.<\/p>\n\n\n\n<p>En la reuni\u00f3n convinieron tambi\u00e9n la colaboraci\u00f3n para la gesti\u00f3n en la reconstrucci\u00f3n de viviendas. Posteriormente, la funcionaria estatal encabez\u00f3 la entrega de ayuda humanitaria, agua y productos de higiene personal. \u201cEstamos trabajando para seguir apoyando a todas aquellas personas que est\u00e1n incomunicadas, por la afectaci\u00f3n de esta tormenta\u201d, precis\u00f3 Herrera.<\/p>\n\n\n\n<p>Por la tarde, la funcionaria recorri\u00f3 la zona de Nueva Conquista, en Monterrey, donde encabez\u00f3 la entrega de insumos como ayuda alimentaria, agua, colchonetas y kits de higiene a las familias del sector afectadas por la contingencia.<\/p>\n\n\n\n<p><\/p>\n\n\n\n<p><\/p>\n\n\n\n<p>Tras recibir el reporte de vecinos que no contaban con el servicio de agua potable, el municipio de Guadalupe, a trav\u00e9s del Operativo Colibr\u00ed, llev\u00f3 pipas de agua para abastecer casa por casa a las familias del sector de Villa Ol\u00edmpica, as\u00ed lo inform\u00f3 la alcaldesa Cristina D\u00edaz.<\/p>\n\n\n\n<p>Durante el recorrido, explic\u00f3 la Alcaldesa, tambi\u00e9n se llenaron los tinacos comunitarios y se reparti\u00f3 agua casa por casa en los sectores de Camino Real, Centro de Guadalupe, Para\u00edso, Guerra, Santa Mar\u00eda, Adolfo Prieto, Tres Caminos, Azteca, Roble Santa Maria, Villa Espa\u00f1ola, Uni\u00f3n Modelo, San Rafael, Jardines de San Rafael, Nuevo San Rafael, Benito Ju\u00e1rez, Tierra Propia, Rancho Viejo, La Victoria, Dos R\u00edos, Faisanes, Sabinas y Villa de San Miguel.<\/p>\n\n\n\n<p>Asimismo, Cristina D\u00edaz se\u00f1al\u00f3 que el Municipio continuar\u00e1 atendiendo los reportes ciudadanos realizados como consecuencia de los estragos de la tormenta tropical \u201cAlberto\u201d.<\/p>\n\n\n\n<p>Tambi\u00e9n, la Alcaldesa pidi\u00f3 a la poblaci\u00f3n estar prevenidos, ya que en las pr\u00f3ximas horas se espera la llegada de la tormenta tropical \u201cBeryl\u201d, y record\u00f3 que ante cualquier situaci\u00f3n de emergencia, llamar al 911, o bien a Protecci\u00f3n Civil de Guadalupe al&nbsp;<a href=\"tel:+528117718801\">81 1771 8801<\/a>.<\/p>\n\n\n\n<p><\/p>\n\n\n\n<p><\/p>\n\n\n\n<p>Al continuar con los trabajos de limpieza y desazolve de alcantarillas, el municipio de Guadalupe realiza acciones preventivas para evitar inundaciones ante la posibilidad de lluvia para el domingo; y eval\u00faa da\u00f1os ocasionados por la tormenta \u201cAlberto\u201d, inform\u00f3 la alcaldesa Cristina D\u00edaz.<\/p>\n\n\n\n<p>Personal de Servicios P\u00fablicos de Guadalupe continu\u00f3 trabajando en la limpieza de pluviales, arroyos y r\u00edos, as\u00ed como retiro de basura este viernes en distintos sectores; la Presidenta Municipal indic\u00f3 que en total se recolectaron 22.7 toneladas de desechos, entre ellos, llantas, ramas, tierra y escombro.<\/p>\n\n\n\n<p>Cristina D\u00edaz indic\u00f3 que adem\u00e1s se atendi\u00f3 el reporte de 133 \u00e1rboles ca\u00eddos y est\u00e1n 12 reportes m\u00e1s pendientes; mientras, el personal de Servicios P\u00fablicos acudi\u00f3 tambi\u00e9n a la colonia Cerro de la Silla, Rinc\u00f3n de la Sierra y Riberas del R\u00edo.<\/p>\n\n\n\n<p>Asimismo, D\u00edaz agreg\u00f3 que trabajaron en las avenidas: Las Am\u00e9ricas y Arroyo La Talaverna; Eloy Cavazos y Alejandr\u00eda; Morones Prieto, Tenochtitl\u00e1n y Colima; y Constituyentes de Nuevo Le\u00f3n entre Miguel Alem\u00e1n y V\u00eda Tampico tambi\u00e9n en el desazolve de rejillas.<\/p>\n\n\n\n<p>Este viernes, a causa de las intensas lluvias se registr\u00f3 un deslave sobre la Avenida Morones Prieto metros antes de la Avenida L\u00f3pez Mateos, por lo que personal del Municipio de Guadalupe acudi\u00f3 a liberar la vialidad; y se realiza una evaluaci\u00f3n de da\u00f1os generalizados por la tormenta tropical \u201cAlberto\u201d, indic\u00f3 la Alcaldesa.<\/p>\n\n\n\n<p>Adem\u00e1s, la Presidenta Municipal llam\u00f3 a las familias de Guadalupe a evitar tirar basura en las calles pues llega a las alcantarillas, y propicia los encharcamientos e inundaciones.<\/p>\n\n\n\n<p>D\u00edaz resalt\u00f3 que se mantienen alerta ante la posible nueva depresi\u00f3n tropical que llegar\u00e1 a Nuevo Le\u00f3n generando lluvias el pr\u00f3ximo domingo, a fin de tomar acciones preventivas como en el caso de la tormenta \u201cAlberto\u201d, que arrojaron un saldo blanco.para implementar acciones..<a href=\"https:\/\/revistasentidosconvalores.com\/#facebook\" rel=\"noreferrer noopener\" target=\"_blank\">Facebook<\/a><a href=\"https:\/\/revistasentidosconvalores.com\/#twitter\" rel=\"noreferrer noopener\" target=\"_blank\">Twitter<\/a><a href=\"https:\/\/www.addtoany.com\/add_to\/google_plus?linkurl=https%3A%2F%2Frevistasentidosconvalores.com%2F2024%2F06%2F21%2Fcontinua-guadalupe-con-acciones-preventivas-ante-posible-lluvia-del-domingo%2F&amp;linkname=Contin%C3%BAa%20Guadalupe%20con%20acciones%20preventivas%20ante%20posible%20lluvia%20del%20domingo\" rel=\"noreferrer noopener\" target=\"_blank\"><\/a><a href=\"https:\/\/www.addtoany.com\/share#url=https%3A%2F%2Frevistasentidosconvalores.com%2F2024%2F06%2F21%2Fcontinua-guadalupe-con-acciones-preventivas-ante-posible-lluvia-del-domingo%2F&amp;title=Contin%C3%BAa%20Guadalupe%20con%20acciones%20preventivas%20ante%20posible%20lluvia%20del%20domingo\">Compartir<\/a><\/p>\n\n\n\n<p><\/p>\n\n\n\n<p><strong>Redacci\u00f3n\/SV<\/strong><\/p>\n\n\n\n<p>Ante la elevada contaminaci\u00f3n en el \u00e1rea metropolitana de Monterrey, la expectativa de que siga en aumento y los da\u00f1os en la salud de los habitantes, expertos en calidad del aire urgieron a gobiernos y empresas privadas a impulsar inversiones en la purificaci\u00f3n del aire interior de edificios para reducir el deterioro en la salud de las personas, los fallecimientos y hasta en la productividad.<\/p>\n\n\n\n<p>En una conferencia de prensa, destacaron lo anterior hoy, mi\u00e9rcoles 19 de junio, el Dr. Bruce L. Davidson, Profesor Cl\u00ednico de la Universidad de Medicina Washington State Floyd y ex Presidente de la Asociaci\u00f3n Nacional de Controladores de Tuberculosis de Estados Unidos; el Dr. Rafael P\u00e9rez Vanzzini, especialista en Alergia e Inmunolog\u00eda Cl\u00ednica en Monterrey y miembro de la Academia Europea de Alergia, Asma e Inmunolog\u00eda (EAACI, por sus siglas en ingl\u00e9s); la Lic. Marisa Jim\u00e9nez de Segovia, Directora General y fundadora de Air-Care de M\u00e9xico, empresa de filtros y equipos purificadores de aire, y ex Presidenta de la Sociedad Americana de Ingenieros de Calefacci\u00f3n, Refrigeraci\u00f3n y Aire Acondicionado (ASHRAE, por sus siglas en ingl\u00e9s) en Monterrey; y el Ing. Eleazar Rivera Mata, L\u00edder Regional de Actividades Gubernamentales de ASHRAE en Regi\u00f3n 8 (M\u00e9xico, Texas, Oklahoma y Arkansas).<\/p>\n\n\n\n<p>Davidson resalt\u00f3 que el aire interior de edificios \u2014como hospitales, escuelas, oficinas, plazas comerciales, plantas industriales y hasta hogares\u2014 tambi\u00e9n tiene contaminantes del exterior que entran por puertas, ventanas, por otros puntos y por personas que traen infecciones, y hay otros contaminantes en el interior, lo que tambi\u00e9n afecta a las personas en general, incluso los saludables tienen vulnerabilidades y pueden mostrar s\u00edntomas frecuentes como tos, sonidos agudos y silbantes al respirar, alergias, gripe y bronquitis. Por ello, recomend\u00f3 reducir los riesgos limpiando el aire en interiores.<\/p>\n\n\n\n<p>Ejemplific\u00f3 que en el caso de personas con asma, con un 8 por ciento de los estadounidenses afectados por este padecimiento, mejoran sustancialmente su nivel de vida al respirar aire filtrado en lugares cerrados durante gran parte de su jornada diaria.<\/p>\n\n\n\n<p>Jim\u00e9nez de Segovia, de Air-Care de M\u00e9xico, destac\u00f3 que las personas pasan en promedio el 90 por ciento del tiempo en interiores de edificios, desde casas-habitaci\u00f3n hasta los de todos los tipos y tama\u00f1os para trabajo, estudios, compras, diversi\u00f3n, etc\u00e9tera, por lo que destac\u00f3 la importancia de que los gobiernos federal, estatal y municipales, as\u00ed como las empresas privadas, aumenten sus inversiones para purificar el aire en interiores de sus edificios en los que laboran considerables cantidades de empleados por horas cada d\u00eda y en los que tambi\u00e9n reciben a usuarios y clientes.<\/p>\n\n\n\n<p>\u201cCuando hay una alerta ambiental emitida por las autoridades por la mala calidad del aire, el no realizar actividades en el exterior no brinda m\u00e1s seguridad y garant\u00edas de no tener afectaciones a la salud, ya que en el interior de casas y centros laborales o educativos, entra al menos parte del mismo aire contaminado de la calle y se agrava con otros contaminantes del interior\u201d, advirti\u00f3 la ex Presidenta de la Asociaci\u00f3n Nacional de Filtraci\u00f3n de Aire (NAFA, por sus siglas en ingl\u00e9s) de Estados Unidos para M\u00e9xico y primera&nbsp;<\/p>\n\n\n\n<p><\/p>\n\n\n\n<p><\/p>\n\n\n\n<p>Con la finalidad de reconocer la disciplina, tenacidad y \u00e9xito acad\u00e9mico de la comunidad universitaria en el nivel de licenciatura, la Universidad Aut\u00f3noma de Nuevo Le\u00f3n (UANL) galardon\u00f3 a 338 estudiantes por su permanencia en el Programa Institucional de Desarrollo de Talentos Universitarios.&nbsp;&nbsp;<\/p>\n\n\n\n<p>Durante la ceremonia encabezada por el Rector de la UANL, Santos Guzm\u00e1n L\u00f3pez, se reconoci\u00f3 a estudiantes de las 26 facultades que han permanecido por m\u00e1s de tres a\u00f1os en el programa, a la vez que se distingui\u00f3 el trabajo de los coordinadores del programa por su contribuci\u00f3n y liderazgo en el desarrollo de competencias de estos j\u00f3venes destacados.&nbsp;<\/p>\n\n\n\n<p>Guzm\u00e1n L\u00f3pez felicit\u00f3 a todos los universitarios que pertenecen al programa y destac\u00f3 que el \u00e9xito de los galardonados es consecuencia de la dedicaci\u00f3n constante hacia el estudio y el deseo de superaci\u00f3n definido durante su estancia acad\u00e9mica.&nbsp;<\/p>\n\n\n\n<p>\u201cLas y los alumnos aqu\u00ed presentes son un orgullo para nuestra Universidad, representan una dedicaci\u00f3n constante en el estudio y lo demuestran d\u00eda a d\u00eda buscando pertenecer a este grupo de talentos.<\/p>\n\n\n\n<p>\u201cEstamos seguros de que cuando se combina el trabajo arduo y la perseverancia fijamos nuestras metas y, sumando el apoyo de nuestra familia, profesores y coordinadores, el \u00e9xito no es casualidad y viene por a\u00f1adidura, teniendo como base el deseo de superaci\u00f3n\u201d, asever\u00f3.&nbsp;<\/p>\n\n\n\n<p>A lo largo de m\u00e1s de 25 a\u00f1os, el Programa Institucional de Desarrollo de Talentos Universitarios de la UANL se ha consolidado entre la comunidad estudiantil integrando en la actualidad a m\u00e1s de 1 mil 500 estudiantes del nivel superior, quienes diariamente demuestran un compromiso con su desarrollo acad\u00e9mico en diversas \u00e1reas del conocimiento.&nbsp;<\/p>\n\n\n\n<p>El programa ofrece al estudiante becas de cuotas escolares, apoyo para el estudio de una segunda lengua y participaci\u00f3n en congresos, simposios, cursos y talleres, adem\u00e1s de contar con la posibilidad de colaborar con los m\u00e1s de 1 mil 300 investigadores adscritos al Sistema Nacional de Investigadores del CONAHCYT, con el objetivo de estimular y promover la excelencia acad\u00e9mica de los j\u00f3venes universitarios a trav\u00e9s de todos los programas educativos a nivel licenciatura.&nbsp;<\/p>\n\n\n\n<p>El Secretario Acad\u00e9mico de la UANL, Jaime Arturo Castillo Elizondo, argument\u00f3 que la participaci\u00f3n de los estudiantes en este programa no solo se destaca por la excelencia acad\u00e9mica en los planes de estudio, sino por un compromiso de los participantes en beneficio de la sociedad.<\/p>\n\n\n\n<p>\u201cLos estudiantes no solo destacan por su excelencia acad\u00e9mica, sino tambi\u00e9n por ser personas comprometidas con la mejora en sus comunidades. Queremos entregar egresados que, aparte de ser profesionistas, sean buenas personas con la capacidad de convivir y hacer lo posible para una sociedad cada vez mejor\u201d, garantiz\u00f3.<\/p>\n\n\n\n<p><strong>Reconocen seis a\u00f1os de permanencia en el programa&nbsp;<\/strong><\/p>\n\n\n\n<p>En la ceremonia de reconocimientos se galardon\u00f3 a Pedro Emiliano Ramos Morales, estudiante del programa M\u00e9dico Cirujano Partero, por su permanencia durante seis a\u00f1os en el programa de talentos universitarios.&nbsp;<\/p>\n\n\n\n<p>En su mensaje, el estudiante invit\u00f3 a las nuevas generaciones a interesarse e integrarse durante su etapa como estudiantes al programa de talentos universitarios.&nbsp;<\/p>\n\n\n\n<p>\u201cEs un sentimiento muy lindo poder ver a las nuevas generaciones interesarse y acercarse para entrar y mantenerse en este programa, as\u00ed como servir de ejemplo y motivaci\u00f3n para los m\u00e1s j\u00f3venes de nuestras carreras.&nbsp;<\/p>\n\n\n\n<p>\u201cAqu\u00ed es donde se reconoce nuestra constancia y disciplina; esto no lo hacemos por una calificaci\u00f3n, sino por la convicci\u00f3n de querer superarnos y desarrollar la mejor versi\u00f3n de nosotros\u201d, dijo.<\/p>\n\n\n\n<p>Directores de facultades, madres y padres de familia de los estudiantes galardonados estuvieron presentes en la entrega de reconocimientos en ceremonia que se llev\u00f3 a cabo en el Teatro Universitario.&nbsp;<a href=\"https:\/\/revistasentidosconvalores.com\/#facebook\" rel=\"noreferrer noopener\" target=\"_blank\">Facebook<\/a><a href=\"https:\/\/revistasentidosconvalores.com\/#twitter\" rel=\"noreferrer noopener\" target=\"_blank\">Twitter<\/a><a href=\"https:\/\/www.addtoany.com\/add_to\/google_plus?linkurl=https%3A%2F%2Frevistasentidosconvalores.com%2F2024%2F06%2F16%2Fson-talentos-de-uanl-ejemplo-de-disciplina-y-exito-academico%2F&amp;linkname=Son%20talentos%20de%20UANL%20ejemplo%20de%20disciplina%20y%20%C3%A9xito%20acad%C3%A9mico\" rel=\"noreferrer noopener\" target=\"_blank\"><\/a><a href=\"https:\/\/www.addtoany.com\/share#url=https%3A%2F%2Frevistasentidosconvalores.com%2F2024%2F06%2F16%2Fson-talentos-de-uanl-ejemplo-de-disciplina-y-exito-academico%2F&amp;title=Son%20talentos%20de%20UANL%20ejemplo%20de%20disciplina%20y%20%C3%A9xito%20acad%C3%A9mico\">Compartir<\/a><\/p>\n\n\n\n<p><\/p>\n\n\n\n<p>El Instituto explic\u00f3 que el periodo de prevenci\u00f3n se da a fin de establecer las disposiciones oportunas para proteger el patrimonio del partido pol\u00edtico local sujeto al procedimiento de liquidaci\u00f3n, as\u00ed como los intereses y derechos de orden p\u00fablico y de terceros, frente a \u00e9ste.<\/p>\n\n\n\n<p>Asimismo, que dichos partidos deben suspender los pagos de obligaciones vencidas con anterioridad y solicitar al interventor la autorizaci\u00f3n de los gastos o pagos permitidos en el periodo de prevenci\u00f3n, abstenerse de enajenar activos del partido y de realizar transferencias de recursos o valores a favor de sus dirigencias, militantes, simpatizantes, o cualquier otro tercero.<\/p>\n\n\n\n<p>Con relaci\u00f3n a los cinco partidos locales nuevos, VIDA NL es el \u00fanico que sigue con registro, al obtener m\u00e1s del 13 por ciento de la votaci\u00f3n v\u00e1lida emitida para las Alcald\u00edas de Monterrey y Los Ramones; el 5.05 en la de Garc\u00eda; y el 3.52 en la de Gral. Zuazua; as\u00ed como m\u00e1s del 3 por ciento de la votaci\u00f3n en la elecci\u00f3n de Diputaciones Locales, en los distritos 1, 2, 3, 6 y 20.<\/p>\n\n\n\n<p><strong>Renuevan cargo<\/strong><\/p>\n\n\n\n<p>En otro punto de la sesi\u00f3n, el organismo aprob\u00f3 renovar a Magaly Jim\u00e9nez P\u00e9rez, como encargada de despacho en el puesto de Asistencia T\u00e9cnica de Participaci\u00f3n Ciudadana (A-1), adscrita a la Unidad de Participaci\u00f3n Ciudadana del Instituto, por un periodo de 6 meses, que abarca del 17 de junio al 17 de diciembre de 2024.<\/p>\n\n\n\n<p><\/p>\n\n\n\n<p><\/p>\n\n\n\n<p><\/p>\n\n\n\n<p>Benavides comparte en sus redes sociales un video, en el cual se muestran decenas de viviendas abandonadas y en deterioro en la comunidad de San Vicente, en las que supuestamente los electores acreditaron vivir y por ello, con derecho a sufragar.<\/p>\n\n\n\n<p>Destaca que ah\u00ed se emitieron m\u00e1s de 280 votos cuando en realidad, d\u00eda a d\u00eda viven poco m\u00e1s de un centenar de personas incluidos ni\u00f1os, mientras que los restantes habitantes de \u201cmi pueblito viven en otros municipios, como en San Pedro\u201d.<\/p>\n\n\n\n<p>La diferencia entre el ganador y el segundo lugar en la elecci\u00f3n de los integrantes del ayuntamiento es apenas de 3 votos a favor de H\u00e9ctor Ra\u00fal Gonz\u00e1lez Garza de Movimiento Ciudadano, quien obtuvo 902.<\/p>\n\n\n\n<p>La abanderada del PRI, PAN y PRD, Doria Gloria Benavides logr\u00f3 captar 899 votos a su favor, mientras que la candidata del Partido Verde Melida Mar\u00eda Guti\u00e9rrez Molina, recibi\u00f3 301, con un total de 50 votos nulos registrados en las seis mesas de votaci\u00f3n.<\/p>\n\n\n\n<p>De acuerdo a los porcentajes de votaci\u00f3n finales, votaron 2 mil 155 personas de un listado nominal de 3 mil 73, un 70.1269 por ciento.<\/p>\n\n\n\n<p>Por candidato, el emecista obtuvo el 41.85 por ciento de la votaci\u00f3n; la abanderada del PAN, PRI y PRD el 41.71 por ciento, y la verdeecologista un 14.10 por ciento.<a href=\"https:\/\/revistasentidosconvalores.com\/#facebook\" rel=\"noreferrer noopener\" target=\"_blank\">Facebook<\/a><a href=\"https:\/\/revistasentidosconvalores.com\/#twitter\" rel=\"noreferrer noopener\" target=\"_blank\">Twitter<\/a><a href=\"https:\/\/www.addtoany.com\/add_to\/google_plus?linkurl=https%3A%2F%2Frevistasentidosconvalores.com%2F2024%2F06%2F11%2Fmontan-operativo-de-turismo-electoral-en-los-herreras-durante-2-de-junio%2F&amp;linkname=Montan%20Operativo%20de%20Turismo%20Electoral%20en%20Los%20Herreras%20durante%202%20de%20junio\" rel=\"noreferrer noopener\" target=\"_blank\"><\/a><a href=\"https:\/\/www.addtoany.com\/share#url=https%3A%2F%2Frevistasentidosconvalores.com%2F2024%2F06%2F11%2Fmontan-operativo-de-turismo-electoral-en-los-herreras-durante-2-de-junio%2F&amp;title=Montan%20Operativo%20de%20Turismo%20Electoral%20en%20Los%20Herreras%20durante%202%20de%20junio\">Compartir<\/a><\/p>\n\n\n\n<p><\/p>\n\n\n\n<p><\/p>\n\n\n\n<p>\u201cLa crisis est\u00e1 pasando, pero no hay que bajar la guardia. Es necesario tomar conciencia de cuidar el agua para evitar caer en otra crisis\u201d, dijo el gobernador.<\/p>\n\n\n\n<p>Acompa\u00f1ado por Ra\u00fal Quiroga \u00c1lvarez, secretario de Recursos Hidr\u00e1ulicos, el gobernador parti\u00f3 en lancha desde el parque Fray Andr\u00e9s del Olmos para despu\u00e9s navegar por los diversos canales, hasta llegar al cauce del r\u00edo Tames\u00ed, el cual sigue incrementando su nivel gracias a los escurrimientos de los r\u00edos Guayalejo y Tampa\u00f3n.<\/p>\n\n\n\n<p>El mandatario tamaulipeco constat\u00f3 el extraordinario trabajo de desazolve que realizan cinco excavadoras, gracias a lo cual se evit\u00f3 la paralizaci\u00f3n total del sistema lagunario.<\/p>\n\n\n\n<p>Como un reconocimiento a su labor en apoyo a la comunidad, tres oficiales de la Secretar\u00eda de Seguridad y Protecci\u00f3n a la Ciudadan\u00eda recibieron un est\u00edmulo econ\u00f3mico de parte del Gobierno de Monterrey.<\/p>\n\n\n\n<p>Dos de ellos rescataron a una persona de un incendio en el centro de la ciudad y una m\u00e1s apoy\u00f3 a una mujer en labores de parto, en dos acciones durante el mes de mayo.<\/p>\n\n\n\n<p>La oficial Dulce Estrella Manrique Guel prest\u00f3 el auxilio en la Colonia 10 de Marzo y asisti\u00f3 a una madre de familia que requer\u00eda ayuda ante el nacimiento de su beb\u00e9.<\/p>\n\n\n\n<p>Mientras que los oficiales Jonathan Hern\u00e1ndez Pacheco y Patricio Lara Hern\u00e1ndez, rescataron de un incendio a un hombre que se encontraba en la segunda planta del lugar siniestrado.<\/p>\n\n\n\n<p>La Administraci\u00f3n municipal entreg\u00f3 un cheque a los elementos, como una manera de motivar y reconocer su labor en beneficio de la sociedad regiomontana.<\/p>\n\n\n\n<p>Eduardo Saucedo Torres, Inspector General de Comando, Inteligencia y Desarrollo Institucional Secretar\u00eda de Seguridad y Protecci\u00f3n a la Ciudadan\u00eda, hizo la entrega del est\u00edmulo econ\u00f3mico.<\/p>\n\n\n\n<p>\u201cDe parte del Presidente Municipal Luis Donaldo Colosio y del Comisario Alejandro Garza y Garza, se les reconoce su labor en el desarrollo de sus funciones, con esto se busca que tengan una continuidad en su desempe\u00f1o diario\u201d, se\u00f1al\u00f3.<\/p>\n\n\n\n<p><\/p>\n\n\n\n<p>\u201cHay que cerrar filas, llamar a la unidad para celebrar el triunfo de la doctora Claudia Sheinbaum porque son muy buenas noticias para M\u00e9xico y para Tamaulipas\u201d, expres\u00f3 el gobernador durante la ceremonia c\u00edvica de honores de este lunes.<\/p>\n\n\n\n<p>\u201cEl triunfo electoral que hemos conseguido nos garantiza la sostenibilidad del proceso hist\u00f3rico de transformaci\u00f3n que arrancamos en el 2018 y que hoy tiene un horizonte brillante y positivo, que renueva nuestra esperanza hacia el futuro y que nos invita a todas y todos a dar lo mejor y a compartir sus valores y sus causas\u201d, agreg\u00f3.<\/p>\n\n\n\n<p>El mandatario tamaulipeco asegur\u00f3 que el fantasma de la manipulaci\u00f3n, de la compra de votos y del fraude electoral institucionalizados en el pasado neoliberal de los a\u00f1os recientes, ha sido nuevamente superado y desterrado de nuestra convivencia.<\/p>\n\n\n\n<p>\u201cEl relevo pac\u00edfico, legal y leg\u00edtimo en los poderes ejecutivo y legislativo es una divisa fuerte de nuestra democracia, pero adem\u00e1s el pueblo opt\u00f3 por continuar por la misma ruta, por un proyecto de naci\u00f3n humanista que seguir\u00e1 recuperando y respetando derechos humanos, civiles, pol\u00edticos y sociales\u201d, mencion\u00f3.<\/p>\n\n\n\n<p>Ante los integrantes del gabinete estatal y la estructura gubernamental en el Polyforum Victoria<\/p>\n\n\n\n<p><\/p>\n\n\n\n<p>A Morena, el Instituto le aprob\u00f3 el registro por sustituci\u00f3n de Yarely Adlai Gonz\u00e1lez Villarreal, a la Diputaci\u00f3n Suplente del Distrito 20; al Partido Revolucionario Institucional (PRI), el de Armida Serrato Flores como Diputaci\u00f3n Local Suplente por la Primera F\u00f3rmula Plurinominal; al Partido Verde Ecologista de M\u00e9xico (PVEM), el de Sandra Yadira Arriazola Aldaco, a la Tercera Regidur\u00eda Propietaria de Dr. Arroyo.<\/p>\n\n\n\n<p>Asimismo, a VIDA NL, el registro por sustituci\u00f3n de Joel Rodr\u00edguez Ju\u00e1rez a la Alcald\u00eda de Santa Catarina; y de Ricardo Iracheta Coronado, Blanca Lilia Sandoval de Le\u00f3n, Frida Monserrat Esquivel V\u00e1zquez, Guillermo Panini Garza, Debany Rosalba Rivera Garza, Ver\u00f3nica Eufemia Garc\u00eda Rodr\u00edguez, Karyme Guadalupe Mares Gonz\u00e1lez, Diana Jocabed Camacho Montes, Sadie Thamara Espinosa P\u00e9rez, Manueltyu\u00fb9 Francisco Rivera Rojo, Brenda Berenice Zamarripa Gayt\u00e1n y, Mayela Lizeth Gonz\u00e1lez Garc\u00eda, a la Segunda Regidur\u00eda Propietaria, Tercera, Cuarta, Quinta, Sexta y S\u00e9ptima Regidur\u00edas Propietarias y Suplentes; y a la D\u00e9cima Tercera sala se Regidur\u00eda Propietaria de Guadalupe, respectivamente.<\/p>\n\n\n\n<p>Tambi\u00e9n, el de Rosalba Granados \u00c1lvarez, a la Diputaci\u00f3n Suplente del Distrito 13.<\/p>\n","protected":false},"excerpt":{"rendered":"<p>admin27 junio, 20240 Comments OkRedacci\u00f3n\/SV En apoyo a las familias m\u00e1s vulnerables de Monterrey y que padecen de cortes en&#8230;<\/p>\n","protected":false},"author":1,"featured_media":0,"comment_status":"open","ping_status":"open","sticky":false,"template":"","format":"standard","meta":[],"categories":[1],"tags":[],"_links":{"self":[{"href":"http:\/\/freelance-mty.com\/index.php?rest_route=\/wp\/v2\/posts\/30752"}],"collection":[{"href":"http:\/\/freelance-mty.com\/index.php?rest_route=\/wp\/v2\/posts"}],"about":[{"href":"http:\/\/freelance-mty.com\/index.php?rest_route=\/wp\/v2\/types\/post"}],"author":[{"embeddable":true,"href":"http:\/\/freelance-mty.com\/index.php?rest_route=\/wp\/v2\/users\/1"}],"replies":[{"embeddable":true,"href":"http:\/\/freelance-mty.com\/index.php?rest_route=%2Fwp%2Fv2%2Fcomments&post=30752"}],"version-history":[{"count":30,"href":"http:\/\/freelance-mty.com\/index.php?rest_route=\/wp\/v2\/posts\/30752\/revisions"}],"predecessor-version":[{"id":30783,"href":"http:\/\/freelance-mty.com\/index.php?rest_route=\/wp\/v2\/posts\/30752\/revisions\/30783"}],"wp:attachment":[{"href":"http:\/\/freelance-mty.com\/index.php?rest_route=%2Fwp%2Fv2%2Fmedia&parent=30752"}],"wp:term":[{"taxonomy":"category","embeddable":true,"href":"http:\/\/freelance-mty.com\/index.php?rest_route=%2Fwp%2Fv2%2Fcategories&post=30752"},{"taxonomy":"post_tag","embeddable":true,"href":"http:\/\/freelance-mty.com\/index.php?rest_route=%2Fwp%2Fv2%2Ftags&post=30752"}],"curies":[{"name":"wp","href":"https:\/\/api.w.org\/{rel}","templated":true}]}}