{"id":31393,"date":"2024-08-28T07:00:00","date_gmt":"2024-08-28T07:00:00","guid":{"rendered":"http:\/\/freelance-mty.com\/?p=31393"},"modified":"2024-08-28T19:02:10","modified_gmt":"2024-08-28T19:02:10","slug":"ofrecera-uanl-posgrado-en-ciencias-politicas-y-gobierno","status":"publish","type":"post","link":"http:\/\/freelance-mty.com\/?p=31393","title":{"rendered":"Ofrecer\u00e1 UANL posgrado en ciencias pol\u00edticas y gobierno"},"content":{"rendered":"\n<p><\/p>\n\n\n\n<p><strong><em>Un plan de estudios certificado a nivel nacional e internacional con doble titulaci\u00f3n con la Universidad de Salamanca es lo que ofrece el nuevo programa de maestr\u00eda de la Facultad de Ciencias Pol\u00edticas y Relaciones Internacionales.<br><\/em><\/strong><\/p>\n\n\n\n<p>Con el objetivo de formar especialistas en el campo de la teor\u00eda pol\u00edtica, procesos de gobierno, gesti\u00f3n y pol\u00edticas p\u00fablicas, que sean capaces de analizar problemas propios de estas disciplinas, la Universidad Aut\u00f3noma de Nuevo Le\u00f3n ofrecer\u00e1 a partir del semestre enero-junio de 2025 la Maestr\u00eda en Ciencias Pol\u00edticas y Gobierno.&nbsp;<\/p>\n\n\n\n<p>El programa de posgrado, que tendr\u00e1 una duraci\u00f3n de dos a\u00f1os, responde a las condiciones actuales del entorno econ\u00f3mico, pol\u00edtico, social y laboral y busca formar egresados que tengan la capacidad de responder a demandas con alto grado de complejidad e incertidumbre propias de una sociedad cambiante y plural que exige respuestas.&nbsp;&nbsp;<\/p>\n\n\n\n<p>La subdirectora de posgrado de la Facultad de Ciencias Pol\u00edticas y Relaciones Internacionales, Ver\u00f3nica Cuevas P\u00e9rez, indic\u00f3 que la maestr\u00eda ser\u00e1 realizada en conjunto con la Universidad de Salamanca, Espa\u00f1a, gracias al convenio de colaboraci\u00f3n que estableci\u00f3 recientemente la Universidad Aut\u00f3noma de Nuevo Le\u00f3n con la instituci\u00f3n educativa espa\u00f1ola.&nbsp;<\/p>\n\n\n\n<p>\u201cHay un creciente inter\u00e9s por analizar el desarrollo de la pol\u00edtica mexicana con algunas universidades, en especial con la de Salamanca, y realizar estudios comparados puesto que&nbsp;&nbsp;hemos visto c\u00f3mo internacionalmente se enriquecen los an\u00e1lisis de estos temas compartiendo experiencias, ya que es un gran \u00e1rea de oportunidad para ofrecer soluciones al sistema pol\u00edtico tanto mexicano como espa\u00f1ol\u201d, indic\u00f3 Cuevas P\u00e9rez.&nbsp;<\/p>\n\n\n\n<p>Ella misma coment\u00f3 que este plan de estudios ha generado una buena expectativa entre los alumnos, debido a que su pertinencia puede fortalecer el trabajo que realizan los investigadores sociales que se grad\u00faan en la facultad.<\/p>\n\n\n\n<p><strong>Vinculaci\u00f3n a nivel internacional<\/strong><\/p>\n\n\n\n<p>Pedro Olivera Hern\u00e1ndez, coordinador general de posgrado de la Facultad de Ciencias Pol\u00edticas y Relaciones Internacionales, indic\u00f3 que la maestr\u00eda ser\u00e1 de car\u00e1cter presencial, contar\u00e1 con profesorado de la Universidad de Salamanca y ofrecer\u00e1 la posibilidad de que los alumnos realicen estancias de investigaci\u00f3n en Espa\u00f1a.&nbsp;&nbsp;<\/p>\n\n\n\n<p>\u201cLo que se busca son acciones de vinculaci\u00f3n a nivel internacional. Desde el inicio de las relaciones que se han tenido con la Universidad de Salamanca ha habido este inter\u00e9s por trabajar juntos por la similitud en los estudios de pol\u00edtica y gobierno que ellos realizan\u201d, dio a conocer Olivera Hern\u00e1ndez.&nbsp;<\/p>\n\n\n\n<p>\u201cBuscamos estudiantes comprometidos con esta idea de buenas pr\u00e1cticas, de generaci\u00f3n de conocimiento, que redit\u00fae en una ciencia pol\u00edtica m\u00e1s fortalecida en nuestra universidad, en nuestro pa\u00eds y evidentemente que esto impacte a los gobiernos donde est\u00e9n nuestros estudiantes\u201d, a\u00f1adi\u00f3 el coordinador.&nbsp;<\/p>\n\n\n\n<p>Ambos catedr\u00e1ticos coincidieron en que una de las fortalezas que proporcionar\u00e1 este programa en particular es la b\u00fasqueda de un mejor gobierno y encontrar herramientas que coadyuven a facilitar los procesos administrativos de las instituciones del pa\u00eds.&nbsp;<\/p>\n\n\n\n<p>La Facultad de Ciencias Pol\u00edticas y Relaciones Internacionales pone a disposici\u00f3n de los interesados los siguientes contactos:<\/p>\n\n\n\n<p>\u00b7&nbsp;&nbsp;&nbsp;&nbsp;&nbsp;&nbsp;La p\u00e1gina oficial de la dependencia:&nbsp;<a rel=\"noreferrer noopener\" target=\"_blank\" href=\"http:\/\/www.facpoliticas.uanl.mx\/\">www.facpoliticas.uanl.mx<\/a>.<\/p>\n\n\n\n<p>\u00b7&nbsp;&nbsp;&nbsp;&nbsp;&nbsp;&nbsp;Tel\u00e9fono: 818-329-4000 extensi\u00f3n 2275.&nbsp;<\/p>\n\n\n\n<p>\u00b7&nbsp;&nbsp;&nbsp;&nbsp;&nbsp;&nbsp;Correo:&nbsp;<a rel=\"noreferrer noopener\" target=\"_blank\" href=\"mailto:posgrado.politicas@uanl.mx\">posgrado.politicas@uanl.mx<\/a>&nbsp;<\/p>\n","protected":false},"excerpt":{"rendered":"<p>Un plan de estudios certificado a nivel nacional e internacional con doble titulaci\u00f3n con la Universidad de Salamanca es lo&#8230;<\/p>\n","protected":false},"author":1,"featured_media":31395,"comment_status":"open","ping_status":"open","sticky":false,"template":"","format":"standard","meta":[],"categories":[8,7],"tags":[],"_links":{"self":[{"href":"http:\/\/freelance-mty.com\/index.php?rest_route=\/wp\/v2\/posts\/31393"}],"collection":[{"href":"http:\/\/freelance-mty.com\/index.php?rest_route=\/wp\/v2\/posts"}],"about":[{"href":"http:\/\/freelance-mty.com\/index.php?rest_route=\/wp\/v2\/types\/post"}],"author":[{"embeddable":true,"href":"http:\/\/freelance-mty.com\/index.php?rest_route=\/wp\/v2\/users\/1"}],"replies":[{"embeddable":true,"href":"http:\/\/freelance-mty.com\/index.php?rest_route=%2Fwp%2Fv2%2Fcomments&post=31393"}],"version-history":[{"count":1,"href":"http:\/\/freelance-mty.com\/index.php?rest_route=\/wp\/v2\/posts\/31393\/revisions"}],"predecessor-version":[{"id":31394,"href":"http:\/\/freelance-mty.com\/index.php?rest_route=\/wp\/v2\/posts\/31393\/revisions\/31394"}],"wp:featuredmedia":[{"embeddable":true,"href":"http:\/\/freelance-mty.com\/index.php?rest_route=\/wp\/v2\/media\/31395"}],"wp:attachment":[{"href":"http:\/\/freelance-mty.com\/index.php?rest_route=%2Fwp%2Fv2%2Fmedia&parent=31393"}],"wp:term":[{"taxonomy":"category","embeddable":true,"href":"http:\/\/freelance-mty.com\/index.php?rest_route=%2Fwp%2Fv2%2Fcategories&post=31393"},{"taxonomy":"post_tag","embeddable":true,"href":"http:\/\/freelance-mty.com\/index.php?rest_route=%2Fwp%2Fv2%2Ftags&post=31393"}],"curies":[{"name":"wp","href":"https:\/\/api.w.org\/{rel}","templated":true}]}}