{"id":31748,"date":"2024-09-18T20:45:00","date_gmt":"2024-09-18T20:45:00","guid":{"rendered":"http:\/\/freelance-mty.com\/?p=31748"},"modified":"2024-09-19T04:48:11","modified_gmt":"2024-09-19T04:48:11","slug":"proponen-fiscalia-de-atencion-al-adulto-mayor","status":"publish","type":"post","link":"http:\/\/freelance-mty.com\/?p=31748","title":{"rendered":"PROPONEN FISCAL\u00cdA DE ATENCI\u00d3N AL ADULTO MAYOR"},"content":{"rendered":"\n<p>Para brindarle la protecci\u00f3n jur\u00eddica, legal y social a la que tienen derecho, la Diputada Itzel Castillo Almanza propuso la creaci\u00f3n de la Fiscal\u00eda Especializada en Atenci\u00f3n al Adulto Mayor.<\/p>\n\n\n\n<p>La propuesta fue presentada en la sesi\u00f3n ordinaria del Congreso del Estado, de este mi\u00e9rcoles.<\/p>\n\n\n\n<p>Se trata de una reforma la Fracci\u00f3n VII del art\u00edculo 2, el p\u00e1rrafo segundo del art\u00edculo 10, la fracci\u00f3n LVI del art\u00edculo 14 y se adiciona una fracci\u00f3n VI Bis 2 al art\u00edculo 10 y una fracci\u00f3n LVII al art\u00edculo 14, todos de la Ley Org\u00e1nica de la Fiscal\u00eda General del Estado de Nuevo Le\u00f3n.<\/p>\n\n\n\n<p>La reforma se\u00f1ala la necesidad de impulsar la capacitaci\u00f3n peri\u00f3dica de los servidores p\u00fablicos de la Fiscal\u00eda Especializada en Atenci\u00f3n al Adulto Mayor en materia de derechos humanos, sensibilizaci\u00f3n, tipos de violencia com\u00fanmente ejercida contra los adultos mayores, protocolos de actuaci\u00f3n y atenci\u00f3n a personas adultas mayores, simplificaci\u00f3n del lenguaje jur\u00eddico, perfiles y patrones de conducta de v\u00edctimas y victimarios, as\u00ed como de lineamientos para la integraci\u00f3n adecuada de carpetas de investigaci\u00f3n.<\/p>\n\n\n\n<p>Itzel Castillo resalt\u00f3 la importancia de continuar creando pol\u00edticas p\u00fablicas a beneficio de los adultos mayores.<\/p>\n\n\n\n<p>\u00abEn las diversas legislaturas anteriores ya hemos reformado diversas leyes en beneficio de los adultos mayores creando pol\u00edticas p\u00fablicas que les beneficien a este grupo etario que mucho ha aportado a nuestro Estado y que nosotros, como ciudadanos, debemos respaldar y ayudar\u00bb, enfatiz\u00f3 Castillo Almanza.<\/p>\n\n\n\n<p>La iniciativa fue sugerida para enviarse a la Comisi\u00f3n de Justicia y Seguridad P\u00fablica para su estudio y an\u00e1lisis toda vez que las comisiones legislativas sean constituidas.<\/p>\n","protected":false},"excerpt":{"rendered":"<p>Para brindarle la protecci\u00f3n jur\u00eddica, legal y social a la que tienen derecho, la Diputada Itzel Castillo Almanza propuso la&#8230;<\/p>\n","protected":false},"author":1,"featured_media":31752,"comment_status":"open","ping_status":"open","sticky":false,"template":"","format":"standard","meta":[],"categories":[7],"tags":[],"_links":{"self":[{"href":"http:\/\/freelance-mty.com\/index.php?rest_route=\/wp\/v2\/posts\/31748"}],"collection":[{"href":"http:\/\/freelance-mty.com\/index.php?rest_route=\/wp\/v2\/posts"}],"about":[{"href":"http:\/\/freelance-mty.com\/index.php?rest_route=\/wp\/v2\/types\/post"}],"author":[{"embeddable":true,"href":"http:\/\/freelance-mty.com\/index.php?rest_route=\/wp\/v2\/users\/1"}],"replies":[{"embeddable":true,"href":"http:\/\/freelance-mty.com\/index.php?rest_route=%2Fwp%2Fv2%2Fcomments&post=31748"}],"version-history":[{"count":1,"href":"http:\/\/freelance-mty.com\/index.php?rest_route=\/wp\/v2\/posts\/31748\/revisions"}],"predecessor-version":[{"id":31749,"href":"http:\/\/freelance-mty.com\/index.php?rest_route=\/wp\/v2\/posts\/31748\/revisions\/31749"}],"wp:featuredmedia":[{"embeddable":true,"href":"http:\/\/freelance-mty.com\/index.php?rest_route=\/wp\/v2\/media\/31752"}],"wp:attachment":[{"href":"http:\/\/freelance-mty.com\/index.php?rest_route=%2Fwp%2Fv2%2Fmedia&parent=31748"}],"wp:term":[{"taxonomy":"category","embeddable":true,"href":"http:\/\/freelance-mty.com\/index.php?rest_route=%2Fwp%2Fv2%2Fcategories&post=31748"},{"taxonomy":"post_tag","embeddable":true,"href":"http:\/\/freelance-mty.com\/index.php?rest_route=%2Fwp%2Fv2%2Ftags&post=31748"}],"curies":[{"name":"wp","href":"https:\/\/api.w.org\/{rel}","templated":true}]}}