{"id":31932,"date":"2024-09-29T23:40:00","date_gmt":"2024-09-29T23:40:00","guid":{"rendered":"http:\/\/freelance-mty.com\/?p=31932"},"modified":"2024-09-30T23:30:36","modified_gmt":"2024-09-30T23:30:36","slug":"rinde-protesta-adrian-de-la-garza-como-alcalde-de-monterrey-para-trienio-24-27","status":"publish","type":"post","link":"http:\/\/freelance-mty.com\/?p=31932","title":{"rendered":"Rinde protesta Adri\u00e1n de la Garza como alcalde de Monterrey para trienio 24-27"},"content":{"rendered":"\n<p>Adri\u00e1n de la Garza Santos asumi\u00f3 hoy como alcalde de Monterrey para la administraci\u00f3n 24-27 con el compromiso de resolver los problemas de la ciudad y atender las necesidades de sus habitantes.<\/p>\n\n\n\n<p>En un hecho sin precedentes, el edil toma la administraci\u00f3n de la capital del estado por tercera vez en una d\u00e9cada.<\/p>\n\n\n\n<p>\u201cEstoy aqu\u00ed para servirles, con creatividad, con energ\u00eda y con la firme convicci\u00f3n de que podemos hacer de esta gran ciudad un mejor lugar para vivir, vamos a construir un Monterrey m\u00e1s fuerte m\u00e1s seguro y pr\u00f3spero para todos\u201d, dijo en su primer discurso como presidente municipal.<\/p>\n\n\n\n<p>Ante cientos de invitados especiales, integrantes de su equipo, del nuevo Cabildo, y arropado por v\u00edtores y porras de sus seguidores, Adri\u00e1n de la Garza rindi\u00f3 protesta con \u201cun profundo sentido de responsabilidad\u201d, con alegr\u00eda, energ\u00eda y toda su disposici\u00f3n de seguir escuchando a los ciudadanos.<\/p>\n\n\n\n<p>En el estrado estuvieron la Presidenta del Congreso local, Lorena de la Garza; Presidente del Consejo de la Judicatura del Estado, Magistrado Arturo Salinas; Secretario General de Gobierno, Javier Navarro, en representaci\u00f3n del Ejecutivo Estatal; Representante de la IV Regi\u00f3n y 7\u00aa. Zona Militar, Coronel de Infanter\u00eda del EMP, Juan Manuel Ruiz y los s\u00edndicos y regidores, entrantes y salientes.<\/p>\n\n\n\n<p><\/p>\n\n\n\n<p>\u201cEl sentimiento profundo de pertenencia a mi ciudad y de ayudar al pr\u00f3jimo, son la raz\u00f3n de mi vocaci\u00f3n pol\u00edtica; mi amor por esta ciudad y mi deseo de verla prosperar es lo que me impulsa a estar aqu\u00ed, dispuesto a trabajar por el bienestar de cada regiomontano\u201d, afirm\u00f3.<\/p>\n\n\n\n<p>En el evento protocolario que tuvo lugar en Cintermex, el ahora alcalde convoc\u00f3 a sus hom\u00f3logos metropolitanos, a los legisladores locales, al Gobierno Estatal, a la pr\u00f3xima presidenta de M\u00e9xico, Claudia Sheinbaum y a la comunidad en general, a trabajar en coordinaci\u00f3n por un mismo fin, que es el bienestar de los regiomontanos.<\/p>\n\n\n\n<p><strong>METAS<\/strong><\/p>\n\n\n\n<p>De la Garza explic\u00f3 que como prioridad atender\u00e1 los desaf\u00edos de seguridad, movilidad, espacios p\u00fablicos, y calidad del aire.<\/p>\n\n\n\n<p>\u201cTenemos un objetivo claro: devolverle a Monterrey la paz y tranquilidad que sus habitantes merecen\u201d, puntualiz\u00f3,<\/p>\n\n\n\n<p>Calific\u00f3 de cr\u00edtico el reto de movilidad que afecta la vida cotidiana por la cantidad de tr\u00e1fico vehicular y un transporte p\u00fablico ineficiente.<\/p>\n\n\n\n<p>Ofreci\u00f3 cuidar los espacios p\u00fablicos, las vialidades y el alumbrado con un mantenimiento constante para tenerlos funcionando.<\/p>\n\n\n\n<p>En cuanto a la calidad del aire mencion\u00f3 que es una problem\u00e1tica sin fronteras, por lo que se debe hacer un esfuerzo metropolitano para implementar una soluci\u00f3n integral que nos permita respirar un aire limpio y sano.<\/p>\n\n\n\n<p><\/p>\n\n\n\n<p>\u201cMi equipo y yo nos tomamos los problemas de Monterrey con la m\u00e1xima seriedad: aqu\u00ed se resuelve\u201d, enfatiz\u00f3.<\/p>\n\n\n\n<p><strong>EJES<\/strong><\/p>\n\n\n\n<p>Finalmente enumer\u00f3 los seis ejes en que se enfocar\u00e1 la administraci\u00f3n:<\/p>\n\n\n\n<p>*Monterrey Seguro*: para con fuerza e inteligencia devolver la paz. Este tema, dijo, ser\u00e1 su prioridad n\u00famero uno.<\/p>\n\n\n\n<p>*Monterrey Ciudad Global* se trata de mejorar la calidad de vida a trav\u00e9s de la innovaci\u00f3n, la participaci\u00f3n ciudadana y generaci\u00f3n de riqueza.<\/p>\n\n\n\n<p>Con el eje *Monterrey para todas las personas* se enfocar\u00e1 en la inclusi\u00f3n social con atenci\u00f3n especial a los grupos m\u00e1s vulnerables.<\/p>\n\n\n\n<p>A fin de generar un crecimiento ordenado y cuidando el entorno se implementar\u00e1 el eje *Monterrey Verde y Sustentable*.<br>*Monterrey con Servicios P\u00fablicos e Infraestructura de Calidad* abarca el mantenimiento y mejora de calles, plazas, pluviales y la gesti\u00f3n del agua.<\/p>\n\n\n\n<p>Finalmente, con el *Gobierno Regio eficiente* se asegurar\u00e1 de que la administraci\u00f3n opere de forma ordenada y transparente.<\/p>\n\n\n\n<p>\u201cHoy no vengo a hacer promesas, sino a plantear compromisos\u2026voy a encabezar un gobierno honesto, cercano, serio y que resuelve\u201d, concluy\u00f3.<\/p>\n\n\n\n<p>Al evento acudieron entre otras personalidades su esposa e hijos, amigos cercanos, colaboradores, ex gobernadores, alcaldes actuales y entrantes, autoridades norteamericanas, legisladores federales, senadores, la ex candidata presidencial X\u00f3chitl G\u00e1lvez, y personalidades del mundo art\u00edstico y deportivo.<\/p>\n\n\n\n<p><\/p>\n\n\n\n<p>Estuvieron presentes l\u00edderes empresariales, de opini\u00f3n, de las c\u00e1maras, de sindicatos, de medios de comunicaci\u00f3n, religiosos, de centrales obreras y de la cultura.<\/p>\n","protected":false},"excerpt":{"rendered":"<p>Adri\u00e1n de la Garza Santos asumi\u00f3 hoy como alcalde de Monterrey para la administraci\u00f3n 24-27 con el compromiso de resolver&#8230;<\/p>\n","protected":false},"author":1,"featured_media":31934,"comment_status":"open","ping_status":"open","sticky":false,"template":"","format":"standard","meta":[],"categories":[8,7],"tags":[],"_links":{"self":[{"href":"http:\/\/freelance-mty.com\/index.php?rest_route=\/wp\/v2\/posts\/31932"}],"collection":[{"href":"http:\/\/freelance-mty.com\/index.php?rest_route=\/wp\/v2\/posts"}],"about":[{"href":"http:\/\/freelance-mty.com\/index.php?rest_route=\/wp\/v2\/types\/post"}],"author":[{"embeddable":true,"href":"http:\/\/freelance-mty.com\/index.php?rest_route=\/wp\/v2\/users\/1"}],"replies":[{"embeddable":true,"href":"http:\/\/freelance-mty.com\/index.php?rest_route=%2Fwp%2Fv2%2Fcomments&post=31932"}],"version-history":[{"count":1,"href":"http:\/\/freelance-mty.com\/index.php?rest_route=\/wp\/v2\/posts\/31932\/revisions"}],"predecessor-version":[{"id":31933,"href":"http:\/\/freelance-mty.com\/index.php?rest_route=\/wp\/v2\/posts\/31932\/revisions\/31933"}],"wp:featuredmedia":[{"embeddable":true,"href":"http:\/\/freelance-mty.com\/index.php?rest_route=\/wp\/v2\/media\/31934"}],"wp:attachment":[{"href":"http:\/\/freelance-mty.com\/index.php?rest_route=%2Fwp%2Fv2%2Fmedia&parent=31932"}],"wp:term":[{"taxonomy":"category","embeddable":true,"href":"http:\/\/freelance-mty.com\/index.php?rest_route=%2Fwp%2Fv2%2Fcategories&post=31932"},{"taxonomy":"post_tag","embeddable":true,"href":"http:\/\/freelance-mty.com\/index.php?rest_route=%2Fwp%2Fv2%2Ftags&post=31932"}],"curies":[{"name":"wp","href":"https:\/\/api.w.org\/{rel}","templated":true}]}}