{"id":32175,"date":"2024-10-09T10:44:00","date_gmt":"2024-10-09T10:44:00","guid":{"rendered":"http:\/\/freelance-mty.com\/?p=32175"},"modified":"2024-10-09T22:46:39","modified_gmt":"2024-10-09T22:46:39","slug":"urge-movimiento-ciudadano-a-que-se-realice-reunion-con-gobernador","status":"publish","type":"post","link":"http:\/\/freelance-mty.com\/?p=32175","title":{"rendered":"Urge Movimiento Ciudadano a que se realice reuni\u00f3n con Gobernador"},"content":{"rendered":"\n<p><\/p>\n\n\n\n<p>El coordinador de la bancada Movimiento Ciudadano en el Congreso Local, Miguel A. Flores Serna, reiter\u00f3 que el gobernador de Nuevo Le\u00f3n, Samuel Garc\u00eda Sep\u00falveda, tiene toda la disposici\u00f3n para llevar a cabo la reuni\u00f3n con los legisladores.<\/p>\n\n\n\n<p>\u201cHabl\u00e9 con el gobernador y dice que est\u00e1 completamente dispuesto a que vayamos hoy despu\u00e9s de la sesi\u00f3n, ma\u00f1ana o pasado ma\u00f1ana. Algunos compa\u00f1eros de otras bancadas quer\u00edan posponer la reuni\u00f3n para la pr\u00f3xima semana, lo cual me parece absurdo, pues no debemos alargar esta cita\u201d, coment\u00f3.<\/p>\n\n\n\n<p>El coordinador de la bancada naranja tambi\u00e9n afirm\u00f3 que no hay disposici\u00f3n de algunos legisladores para llevar a cabo la reuni\u00f3n con el gobernador, la cual es de suma importancia para el bienestar de la ciudadan\u00eda.<\/p>\n\n\n\n<p>\u201cNo estoy viendo disposici\u00f3n de mis compa\u00f1eros. Hemos visto que recorren las sesiones por temas personales, pero no pueden recortar la sesi\u00f3n para una cita. Espero que todos los diputados entren en raz\u00f3n y tengamos esta reuni\u00f3n lo antes posible\u201d, a\u00f1adi\u00f3 el coordinador de la bancada de Movimiento Ciudadano.<\/p>\n\n\n\n<p>Flores Serna explic\u00f3 que la reuni\u00f3n con el gobernador es la oportunidad para retomar el di\u00e1logo entre el Congreso y el Ejecutivo y dejar atr\u00e1s los conflictos.<\/p>\n\n\n\n<p>\u201cComo ya lo hicieron los alcaldes metropolitanos y los secretarios de seguridad municipales, ahora a nosotros como legisladores nos toca hacer nuestra parte y ver esta reuni\u00f3n como la oportunidad de demostrar que Nuevo Le\u00f3n tiene un Congreso a la altura.<\/p>\n\n\n\n<p>\u201cEn la Bancada Nuevo Le\u00f3n estamos en toda la disposici\u00f3n de generar consensos y comenzar a trabajar en lo que verdaderamente importa que es que a Nuevo Le\u00f3n siempre le vaya bien\u201d, puntualiz\u00f3 el coordinador de Movimiento Ciudadano.<\/p>\n","protected":false},"excerpt":{"rendered":"<p>El coordinador de la bancada Movimiento Ciudadano en el Congreso Local, Miguel A. Flores Serna, reiter\u00f3 que el gobernador de&#8230;<\/p>\n","protected":false},"author":1,"featured_media":32177,"comment_status":"open","ping_status":"open","sticky":false,"template":"","format":"standard","meta":[],"categories":[7],"tags":[],"_links":{"self":[{"href":"http:\/\/freelance-mty.com\/index.php?rest_route=\/wp\/v2\/posts\/32175"}],"collection":[{"href":"http:\/\/freelance-mty.com\/index.php?rest_route=\/wp\/v2\/posts"}],"about":[{"href":"http:\/\/freelance-mty.com\/index.php?rest_route=\/wp\/v2\/types\/post"}],"author":[{"embeddable":true,"href":"http:\/\/freelance-mty.com\/index.php?rest_route=\/wp\/v2\/users\/1"}],"replies":[{"embeddable":true,"href":"http:\/\/freelance-mty.com\/index.php?rest_route=%2Fwp%2Fv2%2Fcomments&post=32175"}],"version-history":[{"count":1,"href":"http:\/\/freelance-mty.com\/index.php?rest_route=\/wp\/v2\/posts\/32175\/revisions"}],"predecessor-version":[{"id":32176,"href":"http:\/\/freelance-mty.com\/index.php?rest_route=\/wp\/v2\/posts\/32175\/revisions\/32176"}],"wp:featuredmedia":[{"embeddable":true,"href":"http:\/\/freelance-mty.com\/index.php?rest_route=\/wp\/v2\/media\/32177"}],"wp:attachment":[{"href":"http:\/\/freelance-mty.com\/index.php?rest_route=%2Fwp%2Fv2%2Fmedia&parent=32175"}],"wp:term":[{"taxonomy":"category","embeddable":true,"href":"http:\/\/freelance-mty.com\/index.php?rest_route=%2Fwp%2Fv2%2Fcategories&post=32175"},{"taxonomy":"post_tag","embeddable":true,"href":"http:\/\/freelance-mty.com\/index.php?rest_route=%2Fwp%2Fv2%2Ftags&post=32175"}],"curies":[{"name":"wp","href":"https:\/\/api.w.org\/{rel}","templated":true}]}}